{"id":125175,"date":"2025-12-30T23:01:08","date_gmt":"2025-12-30T23:01:08","guid":{"rendered":"https:\/\/www.europesays.com\/no\/125175\/"},"modified":"2025-12-30T23:01:08","modified_gmt":"2025-12-30T23:01:08","slug":"far-meldinger-om-barn-og-fyrverkeri-2","status":"publish","type":"post","link":"https:\/\/www.europesays.com\/no\/125175\/","title":{"rendered":"F\u00e5r meldinger om barn og fyrverkeri"},"content":{"rendered":"<p data-testid=\"textWithMarkup-text\" data-v-81d7dc2b=\"\" data-v-62d58f52=\"\">Politiet kommer med en oppfordring etter at de over flere dager har mottatt meldinger om oppskyting av fyrverkeri fra flere steder i distriktet.<\/p>\n<p data-testid=\"textWithMarkup-markup\" data-v-62d58f52=\"\"><strong>\u2013 I flere av meldingene er det meldt om at det er barn\/unge som bedriver denne aktiviteten. Minner om at det er 18-\u00e5rs aldersgrense for \u00e5 h\u00e5ndtere de fleste typer fyrverkeri, og at det ikke er tillat \u00e5 skyte opp fyrverkeri f\u00f8r nytt\u00e5rsaften i tidsrommet 18.00 til 02.00 (klokka 01.00 i noen kommuner), heter det fra operasjonssentralen til politiet.<\/strong><\/p>\n<p data-testid=\"textWithMarkup-text\" data-v-81d7dc2b=\"\" data-v-62d58f52=\"\">S\u00f8ndag fikk en mindre\u00e5rig skade i en h\u00e5nd p\u00e5 Valder\u00f8ya i Giske kommune, etter uforsiktig bruk av fyrverkeri.<\/p>\n<p data-testid=\"textWithMarkup-markup\" data-v-62d58f52=\"\"><strong>Fyrverkeriet skal ha blitt demontert og modifisert, if\u00f8lge operasjonsleder J\u00f8rgen Molnes.<\/strong><\/p>\n<p data-testid=\"textWithMarkup-text\" data-v-81d7dc2b=\"\" data-v-62d58f52=\"\">\u2013 I den forbindelse har fyrverkeriet formodentlig eksplodert i h\u00e5nda til den ene gutten. Han har f\u00e5tt en skade i h\u00e5nden, opplyste Molnes.<\/p>\n","protected":false},"excerpt":{"rendered":"Politiet kommer med en oppfordring etter at de over flere dager har mottatt meldinger om oppskyting av fyrverkeri&hellip;\n","protected":false},"author":2,"featured_media":125176,"comment_status":"","ping_status":"","sticky":false,"template":"","format":"standard","meta":{"footnotes":""},"categories":[10],"tags":[20,21,24,25,15,22,23,13,30,28,29,14,16,26,27],"class_list":{"0":"post-125175","1":"post","2":"type-post","3":"status-publish","4":"format-standard","5":"has-post-thumbnail","7":"category-norge","8":"tag-breaking-news","9":"tag-breakingnews","10":"tag-featured-news","11":"tag-featurednews","12":"tag-headlines","13":"tag-latest-news","14":"tag-latestnews","15":"tag-news","16":"tag-no","17":"tag-norge","18":"tag-norway","19":"tag-nyheter","20":"tag-overskrifter","21":"tag-top-stories","22":"tag-topstories"},"share_on_mastodon":{"url":"https:\/\/pubeurope.com\/@no\/115811010681898802","error":""},"_links":{"self":[{"href":"https:\/\/www.europesays.com\/no\/wp-json\/wp\/v2\/posts\/125175","targetHints":{"allow":["GET"]}}],"collection":[{"href":"https:\/\/www.europesays.com\/no\/wp-json\/wp\/v2\/posts"}],"about":[{"href":"https:\/\/www.europesays.com\/no\/wp-json\/wp\/v2\/types\/post"}],"author":[{"embeddable":true,"href":"https:\/\/www.europesays.com\/no\/wp-json\/wp\/v2\/users\/2"}],"replies":[{"embeddable":true,"href":"https:\/\/www.europesays.com\/no\/wp-json\/wp\/v2\/comments?post=125175"}],"version-history":[{"count":0,"href":"https:\/\/www.europesays.com\/no\/wp-json\/wp\/v2\/posts\/125175\/revisions"}],"wp:featuredmedia":[{"embeddable":true,"href":"https:\/\/www.europesays.com\/no\/wp-json\/wp\/v2\/media\/125176"}],"wp:attachment":[{"href":"https:\/\/www.europesays.com\/no\/wp-json\/wp\/v2\/media?parent=125175"}],"wp:term":[{"taxonomy":"category","embeddable":true,"href":"https:\/\/www.europesays.com\/no\/wp-json\/wp\/v2\/categories?post=125175"},{"taxonomy":"post_tag","embeddable":true,"href":"https:\/\/www.europesays.com\/no\/wp-json\/wp\/v2\/tags?post=125175"}],"curies":[{"name":"wp","href":"https:\/\/api.w.org\/{rel}","templated":true}]}}