{"id":125177,"date":"2025-12-30T23:02:07","date_gmt":"2025-12-30T23:02:07","guid":{"rendered":"https:\/\/www.europesays.com\/no\/125177\/"},"modified":"2025-12-30T23:02:07","modified_gmt":"2025-12-30T23:02:07","slug":"trafikk-glatte-veier-her-blir-det-glatte-veier-kjor-forsiktig","status":"publish","type":"post","link":"https:\/\/www.europesays.com\/no\/125177\/","title":{"rendered":"Trafikk, Glatte veier | Her blir det glatte veier: \u2013 Kj\u00f8r forsiktig"},"content":{"rendered":"\n<p><a href=\"https:\/\/www.vegvesen.no\/trafikk\/hvaskjer?layers=hlk&amp;lat=58.85133&amp;lng=5.72457&amp;zoom=9\" rel=\"Follow nofollow noopener\" target=\"_blank\">Vegvesenet sin oversikt over f\u00f8reforhold<\/a>, viser at det blir glatte veier p\u00e5 store deler av J\u00e6ren b\u00e5de natt til onsdag og utover p\u00e5 nytt\u00e5rsaften.<\/p>\n<p>Prognosen er basert p\u00e5 forventet friksjon i vegbanen p\u00e5 bakgrunn av forventet v\u00e6r og f\u00f8reforhold.<\/p>\n<p>Prognosen g\u00e5r 22 timer frem i tid og er delt opp i tre kategorier: Liten, moderat og h\u00f8y risiko for glatt veg.<\/p>\n<p>I Klepp, Time og H\u00e5 er veiene p\u00e5 kartet markert med m\u00f8rkebl\u00e5tt, som betyr h\u00f8y risiko for glatte kj\u00f8refohold. <\/p>\n<p>Prognose for glatt veg er usikkert p\u00e5 samme m\u00e5te som et v\u00e6rvarsel er usikkert, og det b\u00f8r derfor tas forbehold om at prognosene ikke alltid stemmer med virkeligheten.<\/p>\n<p>\u2013 Som alltid under slike forhold, gjelder r\u00e5det om \u00e5 kj\u00f8re forsiktig. Entrepren\u00f8rene er ute og salter kontinuerlig, opplyses det fra Vegtrafikksentralen tirsdag kveld.<\/p>\n","protected":false},"excerpt":{"rendered":"Vegvesenet sin oversikt over f\u00f8reforhold, viser at det blir glatte veier p\u00e5 store deler av J\u00e6ren b\u00e5de natt&hellip;\n","protected":false},"author":2,"featured_media":120239,"comment_status":"","ping_status":"","sticky":false,"template":"","format":"standard","meta":{"footnotes":""},"categories":[5],"tags":[36,20,21,24,25,11732,1471,15,19,1470,22,23,17,18,13,30,28,29,14,16,1510,1469,26,27,224],"class_list":{"0":"post-125177","1":"post","2":"type-post","3":"status-publish","4":"format-standard","5":"has-post-thumbnail","7":"category-overskrifter","8":"tag-art","9":"tag-breaking-news","10":"tag-breakingnews","11":"tag-featured-news","12":"tag-featurednews","13":"tag-glatte-veier","14":"tag-ha","15":"tag-headlines","16":"tag-hovedoppslag","17":"tag-klepp","18":"tag-latest-news","19":"tag-latestnews","20":"tag-main-news","21":"tag-mainnews","22":"tag-news","23":"tag-no","24":"tag-norge","25":"tag-norway","26":"tag-nyheter","27":"tag-overskrifter","28":"tag-story","29":"tag-time","30":"tag-top-stories","31":"tag-topstories","32":"tag-trafikk"},"share_on_mastodon":{"url":"https:\/\/pubeurope.com\/@no\/115811014725856875","error":""},"_links":{"self":[{"href":"https:\/\/www.europesays.com\/no\/wp-json\/wp\/v2\/posts\/125177","targetHints":{"allow":["GET"]}}],"collection":[{"href":"https:\/\/www.europesays.com\/no\/wp-json\/wp\/v2\/posts"}],"about":[{"href":"https:\/\/www.europesays.com\/no\/wp-json\/wp\/v2\/types\/post"}],"author":[{"embeddable":true,"href":"https:\/\/www.europesays.com\/no\/wp-json\/wp\/v2\/users\/2"}],"replies":[{"embeddable":true,"href":"https:\/\/www.europesays.com\/no\/wp-json\/wp\/v2\/comments?post=125177"}],"version-history":[{"count":0,"href":"https:\/\/www.europesays.com\/no\/wp-json\/wp\/v2\/posts\/125177\/revisions"}],"wp:featuredmedia":[{"embeddable":true,"href":"https:\/\/www.europesays.com\/no\/wp-json\/wp\/v2\/media\/120239"}],"wp:attachment":[{"href":"https:\/\/www.europesays.com\/no\/wp-json\/wp\/v2\/media?parent=125177"}],"wp:term":[{"taxonomy":"category","embeddable":true,"href":"https:\/\/www.europesays.com\/no\/wp-json\/wp\/v2\/categories?post=125177"},{"taxonomy":"post_tag","embeddable":true,"href":"https:\/\/www.europesays.com\/no\/wp-json\/wp\/v2\/tags?post=125177"}],"curies":[{"name":"wp","href":"https:\/\/api.w.org\/{rel}","templated":true}]}}