{"id":125180,"date":"2025-12-30T23:08:12","date_gmt":"2025-12-30T23:08:12","guid":{"rendered":"https:\/\/www.europesays.com\/no\/125180\/"},"modified":"2025-12-30T23:08:12","modified_gmt":"2025-12-30T23:08:12","slug":"nyheter-salten-mer-trobbel-pa-stromnettet-mer-omfattende-enn-vi-trodde-avisa-nordland","status":"publish","type":"post","link":"https:\/\/www.europesays.com\/no\/125180\/","title":{"rendered":"Nyheter, Salten | Mer tr\u00f8bbel p\u00e5 str\u00f8mnettet: \u2013 Mer omfattende enn vi trodde &#8211; Avisa Nordland"},"content":{"rendered":"<ol>\n<li><a href=\"https:\/\/news.google.com\/rss\/articles\/CBMikAFBVV95cUxPTi00MVdwb25kUFdHVE4zMkwzbVV2NEtQNzVZeEFvVGhLUWZuSVpiTG44bHA4VkpuaDA2dldMbkZ1b1ViWUVqQUlEQkk2ZEZuUjJtR044endGOXM1b2NuaXNfVGFBa2dDbWJkeGVxeUpPTVlCQkhUemI5VXNBV2tRUDBIbDIxbmFWTnd4Sld2RzM?oc=5\" target=\"_blank\" rel=\"nofollow noopener\">Nyheter, Salten | Mer tr\u00f8bbel p\u00e5 str\u00f8mnettet: \u2013 Mer omfattende enn vi trodde<\/a>&nbsp;&nbsp;Avisa Nordland<\/li>\n<li><a href=\"https:\/\/news.google.com\/rss\/articles\/CBMimAFBVV95cUxOTEhacVNPM1RHejJaVWRWaHpQbWJQVm54UE16ZzBuSVZVLXd2b00xeXcwTjAzamhrZ0dHNlJIOHdnc19NcHJJMHQ5bE1USmdRM1ZSSDVKdEgtUDN2TURnc0F2MlVNY2ZTQkxqRmVVeTg0VzFOZmJVZlhnTGF4RGpRMzhjc3F1ajIyV2VyTjdsd1hQQ0JyZU5OQw?oc=5\" target=\"_blank\" rel=\"nofollow noopener\">Lofoten: Str\u00f8mmen tilbake i normal drift etter uv\u00e6ret<\/a>&nbsp;&nbsp;NRK<\/li>\n<li><a href=\"https:\/\/news.google.com\/rss\/articles\/CBMilwFBVV95cUxPY0E2MjVWLUdYZm41ZF95OUx5VjkwVmVFeHlTLWFQUTR5dHRQaDhwaUttdlFzd01Ma3NRT1dURVpSZHg3Yk5pZ1FMbjJ2aDlQdkM0VG5wQTYwcGRUa0IzaWZlX2hOVEJodHViMUgxdmZGbWJ1N1pFbDBydFBqXzVNdkQ3NV9fRDhCWHN4S0JqeDA3UjRFeU9j?oc=5\" target=\"_blank\" rel=\"nofollow noopener\">Telenor-topp vil ha debatt om str\u00f8mnettet etter uv\u00e6r<\/a>&nbsp;&nbsp;Digi.no<\/li>\n<li><a href=\"https:\/\/news.google.com\/rss\/articles\/CBMiogFBVV95cUxNUVNjTmFBS3Q0RmJhb1RCWUdKQTdwa1NUMG4tZTVtMTVadkdoeE8zM01ubEVjSUliZmpqVEpEY1VFV1Zsc2tGMkJkc3MySjEySG9lbVhLVEJrZGZpa21BcWY4TkxVR3k5clJReFdYcTBrSXpwaXZia2lMZVJSVlVzbHJybDRZa0pPNUwwVk9oemctSnFIVlZ1dzM3d2VuRWdSY2c?oc=5\" target=\"_blank\" rel=\"nofollow noopener\">Str\u00f8mbrudd, Utskarpen | Var uten str\u00f8m i over to d\u00f8gn: \u2013 Sov i stua for \u00e5 holde varmen<\/a>&nbsp;&nbsp;Rana Blad<\/li>\n<li><a href=\"https:\/\/news.google.com\/rss\/articles\/CBMipAFBVV95cUxQRHVkMWJxUk9qQzhrR2lsOHJOWnhLQ2hONDhMWVFyQlZUektaUUZ4SW4xYjgwTkl6SWR5U3dxQV8tWXpmYmpiUjZGbmd0YzlXZEVRT0NqQmhWRjQ4Zk5saHNWUnNEdjZfMkg0NFQxbkhvbGw3WkRnTUZhaExzMmNsNDFnM2d5NXROUnkwTU0tS3AyREc4SUtTSTNlUm50OTRoOWRUcQ?oc=5\" target=\"_blank\" rel=\"nofollow noopener\">Elmea: &#8211; Hadde 24 mont\u00f8rer p\u00e5 jobb under sv\u00e6rt krevende forhold<\/a>&nbsp;&nbsp;Lofotposten<\/li>\n<\/ol>\n","protected":false},"excerpt":{"rendered":"Nyheter, Salten | Mer tr\u00f8bbel p\u00e5 str\u00f8mnettet: \u2013 Mer omfattende enn vi trodde&nbsp;&nbsp;Avisa Nordland Lofoten: Str\u00f8mmen tilbake i&hellip;\n","protected":false},"author":2,"featured_media":125181,"comment_status":"","ping_status":"","sticky":false,"template":"","format":"standard","meta":{"footnotes":""},"categories":[10],"tags":[20,21,24,25,15,22,23,13,30,28,29,14,16,26,27],"class_list":{"0":"post-125180","1":"post","2":"type-post","3":"status-publish","4":"format-standard","5":"has-post-thumbnail","7":"category-norge","8":"tag-breaking-news","9":"tag-breakingnews","10":"tag-featured-news","11":"tag-featurednews","12":"tag-headlines","13":"tag-latest-news","14":"tag-latestnews","15":"tag-news","16":"tag-no","17":"tag-norge","18":"tag-norway","19":"tag-nyheter","20":"tag-overskrifter","21":"tag-top-stories","22":"tag-topstories"},"share_on_mastodon":{"url":"https:\/\/pubeurope.com\/@no\/115811038268185758","error":""},"_links":{"self":[{"href":"https:\/\/www.europesays.com\/no\/wp-json\/wp\/v2\/posts\/125180","targetHints":{"allow":["GET"]}}],"collection":[{"href":"https:\/\/www.europesays.com\/no\/wp-json\/wp\/v2\/posts"}],"about":[{"href":"https:\/\/www.europesays.com\/no\/wp-json\/wp\/v2\/types\/post"}],"author":[{"embeddable":true,"href":"https:\/\/www.europesays.com\/no\/wp-json\/wp\/v2\/users\/2"}],"replies":[{"embeddable":true,"href":"https:\/\/www.europesays.com\/no\/wp-json\/wp\/v2\/comments?post=125180"}],"version-history":[{"count":0,"href":"https:\/\/www.europesays.com\/no\/wp-json\/wp\/v2\/posts\/125180\/revisions"}],"wp:featuredmedia":[{"embeddable":true,"href":"https:\/\/www.europesays.com\/no\/wp-json\/wp\/v2\/media\/125181"}],"wp:attachment":[{"href":"https:\/\/www.europesays.com\/no\/wp-json\/wp\/v2\/media?parent=125180"}],"wp:term":[{"taxonomy":"category","embeddable":true,"href":"https:\/\/www.europesays.com\/no\/wp-json\/wp\/v2\/categories?post=125180"},{"taxonomy":"post_tag","embeddable":true,"href":"https:\/\/www.europesays.com\/no\/wp-json\/wp\/v2\/tags?post=125180"}],"curies":[{"name":"wp","href":"https:\/\/api.w.org\/{rel}","templated":true}]}}