{"id":125190,"date":"2025-12-30T23:23:16","date_gmt":"2025-12-30T23:23:16","guid":{"rendered":"https:\/\/www.europesays.com\/no\/125190\/"},"modified":"2025-12-30T23:23:16","modified_gmt":"2025-12-30T23:23:16","slug":"hele-byen-ville-snakket-om-det-2","status":"publish","type":"post","link":"https:\/\/www.europesays.com\/no\/125190\/","title":{"rendered":"&#8211; Hele byen ville snakket om det"},"content":{"rendered":"<p class=\"kicker \" style=\"\">Russland<\/p>\n<p>  Naboer skal ikke ha h\u00f8rt noe, og mangel p\u00e5 bevis i \u00e5pne kilder s\u00e5r tvil om p\u00e5standen om Ukrainas angrep p\u00e5 Putins residens.<\/p>\n<p>\n    VENTER MOTANGREP: Vladimir Putin, her fotografert under en brifing sammen med forsvarsminister Andrej Belousov (til venstre for Putin), forsvarssjef Valerij Gerasimov (til h\u00f8yre for Putin) og en rekke andre milit\u00e6retopper, mandag 29. desember. Det er ventet at de planlegger et storsl\u00e5tt motangrep mot det p\u00e5st\u00e5tte angrepet mot Putins residens, som flere nye detaljer tilsynelatende s\u00e5r tvil om at har funnet sted. Foto: Kreml via AP\n  <\/p>\n<p>Flere naboer til Putins residens ved Valdaj-innsj\u00f8en i Novgorod fylke mellom Moskva og Sankt Petersburg har if\u00f8lge det uavhengige russiske nyhetsnettstedet <a href=\"https:\/\/sotaproject.com\/news\/107446\" rel=\"nofollow noopener\" target=\"_blank\">Sota Vision<\/a> uttalt at de ikke h\u00f8rte noe til luftvernet Kreml hevder stanset det angivelige ukrainske angrepet.<\/p>\n<p>Samtidig melder det uavhengige Telegram-baserte russiske nyhetsmediet <a href=\"https:\/\/t.me\/s\/mozhemobyasnit?utm_source=chatgpt.com\" rel=\"nofollow\">Mozhem Objasit<\/a> (russisk for\u00a0\u00abvi kan forklare\u00bb) \u00e5 ha v\u00e6rt i kontakt med 14 beboere i omr\u00e5det.<\/p>\n<p>If\u00f8lge en reporter knyttet til nyhetsnettstedet som skal ha lokalkunnskap p\u00e5 stedet, g\u00e5r ryktene her vanligvis fort.\u00a0<\/p>\n<p>&#8211; Ingen summelyd\t<\/p>\n<p>Det ville de, if\u00f8lge innbyggerne de har snakket, om p\u00e5standene om et angrep stemte.\u00a0<\/p>\n<p>&#8211; Det var ingen summelyd i natt, for ikke \u00e5 snakke om eksplosjoner. Hele byen ville snakket om det om noe s\u00e5nt skjedde her, skal en beboer ha sagt til Mozhem Objasit.<\/p>\n<p>De om lag 14 000 innbyggerne i byen Vajdaj, cirka 20 kilometer unna Putins residens ved innsj\u00f8en med samme navn, er if\u00f8lge publikasjonen vant med synet av helikoptre i forbindelse med presidentens bes\u00f8k her.<\/p>\n<p class=\"font-weight-bold m-font-weight-bold\" data-lab-font_weight=\"font-weight-bold\">Innbyggerne nyhetsnettstedet har snakket med, har heller ikke mottatt noen advarsler per tekstmelding om noe ukrainsk droneangrep.<\/p>\n<p>Mandag hevdet Kreml at Ukraina hadde fors\u00f8kt \u00e5 angripe residensen med 91 droner, uten hell.\u00a0Det er ikke lagt fram noe bevis for p\u00e5standen. <\/p>\n<p>Ukraina avfeide kategorisk rapportene om at de sto bak angrepet, og omtaler det som et russisk fors\u00f8k p\u00e5 \u00e5 avspore de p\u00e5g\u00e5ende fredsforhandlingene.<\/p>\n<p>    <a itemprop=\"url\" href=\"https:\/\/www.dagbladet.no\/nyheter\/kan-angripe-zelenskyj-residens\/84040598\" rel=\"nofollow noopener\" target=\"_blank\"><\/p>\n<p>        <img loading=\"lazy\" decoding=\"async\" src=\"https:\/\/www.europesays.com\/no\/wp-content\/uploads\/2025\/12\/1767136994_761_84040882.webp.webp\" width=\"980\" height=\"441\" title=\"- Kan angripe Zelenskyj-residens\" alt=\"\" class=\"lazyload\" style=\"--aspect-ratio-image: 2.22; \"\/><\/p>\n<p>        &#8211; Kan angripe Zelenskyj-residens<\/p>\n<p>    <\/a><\/p>\n<p>Ikke i tr\u00e5d med m\u00f8nstre\t<\/p>\n<p>Den amerikanske milit\u00e6re tankesmia Institute for the Study of War (ISW) skriver i en fersk analyse at rapportene ikke stemmer overens med m\u00f8nstrene de tidligere har sett ved ukrainske angrep i Russland.<\/p>\n<p>I en rapport publisert natt til tirsdag norsk tid p\u00e5peker ISW at ukrainske angrep i Russland stort sett etterlater seg bevis som dukker opp i \u00e5pne kilder.<\/p>\n<p>        <img loading=\"lazy\" decoding=\"async\" src=\"https:\/\/www.europesays.com\/no\/wp-content\/uploads\/2025\/12\/1767136995_173_84042083.webp.webp\" width=\"980\" height=\"559\" title=\"BESTRIDER KREML-P\u00c5STAND: Flere naboer bosatt i omr\u00e5det rundt Vladimir Putins storsl\u00e5tte residens ved Valdaj-innsj\u00f8en i Novgorod-regionen i Russland hevder if\u00f8lge Sota Vision at de ikke h\u00f8rte noe til luftvernet som skal ha stoppet det p\u00e5st\u00e5tte ukrainske angrepet natt til mandag. Satellittfoto: Google Maps\" alt=\"\" class=\"\" style=\"--aspect-ratio-image: 1.75; \"\/><\/p>\n<p>\n        BESTRIDER KREML-P\u00c5STAND: Flere naboer bosatt i omr\u00e5det rundt Vladimir Putins storsl\u00e5tte residens ved Valdaj-innsj\u00f8en i Novgorod-regionen i Russland hevder if\u00f8lge Sota Vision at de ikke h\u00f8rte noe til luftvernet som skal ha stoppet det p\u00e5st\u00e5tte ukrainske angrepet natt til mandag. Satellittfoto: Google Maps\n    <\/p>\n<p>Vanligvis, p\u00e5peker de, finnes det geolokaliserbare bilder av luftvernsoperasjoner, eksplosjoner, branner og r\u00f8ykskyer n\u00e6r \u00e5stedet.\u00a0<\/p>\n<p>I tillegg er det vanlig med rapporter fra lokale og regionale myndigheter, som bl\u00e5lysetater, om branner og skader som f\u00f8lge av nedskutte droner i n\u00e6rheten.<\/p>\n<p>        President Donald Trump sier han tror p\u00e5 Putins p\u00e5stand om at Ukraina skal ha pr\u00f8vd \u00e5 angripe Putins residens. Selv avfeier Zelenskyj p\u00e5standen som ren l\u00f8gn. Video: Reuters<\/p>\n<p>Ingen rapporter\t<\/p>\n<p>ISW, som selv bygger sin research p\u00e5 slike \u00e5pne kilder, bemerker at ingen av deres analytikere har funnet slike rapporter knyttet til denne angivelige hendelsen.<\/p>\n<p>De p\u00e5peker ogs\u00e5 inkonsekvent rapportering fra utenriksminister Sergej Lavrov og Russlands forsvarsdepartement om hvor mange droner som ble skutt ned over Novgorod fylke denne natta. Lavrov har hevdet antallet er 89, mens forsvarsdepartementet har oppgitt 47.<\/p>\n<p>&#8211; Det undergraver p\u00e5standene ytterligere, p\u00e5peker ISW.<\/p>\n<p>    <a itemprop=\"url\" href=\"https:\/\/www.dagbladet.no\/nyheter\/kan-vaere-snakk-om-uker\/84041585\" rel=\"nofollow noopener\" target=\"_blank\"><\/p>\n<p>        <img loading=\"lazy\" decoding=\"async\" src=\"https:\/\/www.europesays.com\/no\/wp-content\/uploads\/2025\/12\/1767136996_342_84041672.webp.webp\" width=\"980\" height=\"441\" title=\"- Kan v\u00e6re snakk om uker\" alt=\"\" class=\"lazyload\" style=\"--aspect-ratio-image: 2.22; \"\/><\/p>\n<p>        &#8211; Kan v\u00e6re snakk om uker<\/p>\n<p>    <\/a><\/p>\n<p>Kjent taktikk\t<\/p>\n<p>Det pekes fra flere hold p\u00e5 at Russland kan komme til \u00e5 bruke anklagene til \u00e5 selv gjennomf\u00f8re et angrep mot et lignende m\u00e5l i Ukraina.<\/p>\n<p>&#8211; Det er en ganske vanlig russisk taktikk, \u00e5 anklage motstanderen for \u00e5 gj\u00f8re noe de selv har tenkt til \u00e5 gj\u00f8re, for s\u00e5 \u00e5 gj\u00f8re det. Det kan v\u00e6re en unnskyldning for \u00e5 gjennomf\u00f8re et stort missilangrep mot Kyiv allerede i natt, sa pensjonert generall\u00f8ytnant og tidligere OSSE-observat\u00f8r i det okkuperte Donbas, Arne B\u00e5rd Dalhaug, til Dagbladet TV mandag.<\/p>\n<p>Anklagene ble offentliggjort av Kreml omtrent samtidig som at Vladimir Putin og Donald Trump snakket sammen p\u00e5 telefon, dagen etter at Volodymyr Zelenskyj hadde bes\u00f8kt Trump i Mar-a-Lago i Florida s\u00f8ndag.<\/p>\n<p>        Statskontrollerte russiske medier hevder at Ukraina har angrepet Vladimir Putins residens i Novgorod med langtrekkende 91 droner. Ukraina benekter dette. <\/p>\n<p>Snakket med Putin\t<\/p>\n<p>Trump har bekreftet at Putin framsatte p\u00e5standene til ham direkte per telefon.<\/p>\n<p>\u00a0&#8211; Jeg ble veldig sint, sa Trump til pressen noen timer seinere.<\/p>\n<p>En journalist fulgte opp med sp\u00f8rsm\u00e5l om Zelenskyjs benektelse av angrepet.<\/p>\n<p>&#8211; Kanskje det ikke skjedde. Men Putin fortalte meg i morges at det gjorde det, sier han.<\/p>\n<p>    <a itemprop=\"url\" href=\"https:\/\/www.dagbladet.no\/nyheter\/trump-tror-putin-ble-veldig-sint\/84037820\" rel=\"nofollow noopener\" target=\"_blank\"><\/p>\n<p>        <img loading=\"lazy\" decoding=\"async\" src=\"https:\/\/www.europesays.com\/no\/wp-content\/uploads\/2025\/12\/1767136996_228_84037876.webp.webp\" width=\"980\" height=\"441\" title=\"Trump tror Putin: - Ble veldig sint\" alt=\"\" class=\"lazyload\" style=\"--aspect-ratio-image: 2.22; \"\/><\/p>\n<p>        Trump tror Putin: &#8211; Ble veldig sint<\/p>\n<p>    <\/a><\/p>\n","protected":false},"excerpt":{"rendered":"Russland Naboer skal ikke ha h\u00f8rt noe, og mangel p\u00e5 bevis i \u00e5pne kilder s\u00e5r tvil om p\u00e5standen&hellip;\n","protected":false},"author":2,"featured_media":125164,"comment_status":"","ping_status":"","sticky":false,"template":"","format":"standard","meta":{"footnotes":""},"categories":[5],"tags":[20,21,55,24,25,15,19,14765,179,22,23,17,18,13,30,28,29,14,16,188,26,27,412,186,488],"class_list":{"0":"post-125190","1":"post","2":"type-post","3":"status-publish","4":"format-standard","5":"has-post-thumbnail","7":"category-overskrifter","8":"tag-breaking-news","9":"tag-breakingnews","10":"tag-donald-trump","11":"tag-featured-news","12":"tag-featurednews","13":"tag-headlines","14":"tag-hovedoppslag","15":"tag-isw","16":"tag-krigen-i-ukraina","17":"tag-latest-news","18":"tag-latestnews","19":"tag-main-news","20":"tag-mainnews","21":"tag-news","22":"tag-no","23":"tag-norge","24":"tag-norway","25":"tag-nyheter","26":"tag-overskrifter","27":"tag-russland","28":"tag-top-stories","29":"tag-topstories","30":"tag-utenriks","31":"tag-vladimir-putin","32":"tag-volodymyr-zelenskyj"},"share_on_mastodon":{"url":"https:\/\/pubeurope.com\/@no\/115811097216198064","error":""},"_links":{"self":[{"href":"https:\/\/www.europesays.com\/no\/wp-json\/wp\/v2\/posts\/125190","targetHints":{"allow":["GET"]}}],"collection":[{"href":"https:\/\/www.europesays.com\/no\/wp-json\/wp\/v2\/posts"}],"about":[{"href":"https:\/\/www.europesays.com\/no\/wp-json\/wp\/v2\/types\/post"}],"author":[{"embeddable":true,"href":"https:\/\/www.europesays.com\/no\/wp-json\/wp\/v2\/users\/2"}],"replies":[{"embeddable":true,"href":"https:\/\/www.europesays.com\/no\/wp-json\/wp\/v2\/comments?post=125190"}],"version-history":[{"count":0,"href":"https:\/\/www.europesays.com\/no\/wp-json\/wp\/v2\/posts\/125190\/revisions"}],"wp:featuredmedia":[{"embeddable":true,"href":"https:\/\/www.europesays.com\/no\/wp-json\/wp\/v2\/media\/125164"}],"wp:attachment":[{"href":"https:\/\/www.europesays.com\/no\/wp-json\/wp\/v2\/media?parent=125190"}],"wp:term":[{"taxonomy":"category","embeddable":true,"href":"https:\/\/www.europesays.com\/no\/wp-json\/wp\/v2\/categories?post=125190"},{"taxonomy":"post_tag","embeddable":true,"href":"https:\/\/www.europesays.com\/no\/wp-json\/wp\/v2\/tags?post=125190"}],"curies":[{"name":"wp","href":"https:\/\/api.w.org\/{rel}","templated":true}]}}