{"id":125195,"date":"2025-12-31T00:36:07","date_gmt":"2025-12-31T00:36:07","guid":{"rendered":"https:\/\/www.europesays.com\/no\/125195\/"},"modified":"2025-12-31T00:36:07","modified_gmt":"2025-12-31T00:36:07","slug":"bil-forbruker-momsfritaket-for-elbiler-endres-fra-nyttar-vi-har-hatt-stor-pagang","status":"publish","type":"post","link":"https:\/\/www.europesays.com\/no\/125195\/","title":{"rendered":"Bil, Forbruker | Momsfritaket for elbiler endres fra nytt\u00e5r: \u2013 Vi har hatt stor p\u00e5gang"},"content":{"rendered":"\n<p><b>HAUGESUND:<\/b> I statsbudsjettet som ble lagt fram i oktober kom det fram at momsfritaket skulle kuttes som et ledd i \u00e5 fase inn moms p\u00e5 elbiler. <\/p>\n<p>Fra nytt\u00e5r m\u00e5 derfor kj\u00f8pere betale moms for elbiler med h\u00f8yere pris enn 300.000 kroner, mot 500.000 kroner fra f\u00f8r. Dermed blir en del biler 50.000 kroner dyrere idet man skifter kalender torsdag. P\u00e5 i underkant av tre m\u00e5neder har bilbransjen m\u00e5tte snu seg rundt for \u00e5 f\u00e5 registrert nye biler til kunder innen fristen.<\/p>\n<p>Bil \u2013 en stor investering<\/p>\n<p><b>\u2013 Vi har opplevd en veldig p\u00e5gang, og vi er tomme for flere modeller, forteller daglig leder p\u00e5 Kverneland Bil, Leif Inge Bjerkenes.<\/b><\/p>\n<p>En popul\u00e6r modell er SUV-en Volvo EX40, som de er helt tom for. Bjerkenes forklarer at p\u00e5gangen skyldes en kombinasjon av momskuttet sammen med gode kampanjer. <\/p>\n<p>Han legger til at det ikke er uvanlig at bilbransjen selger store volum p\u00e5 slutten av \u00e5ret, men at han skulle \u00f8nske at endringen med momsfritaket ikke kom s\u00e5 br\u00e5tt p\u00e5.<\/p>\n<p><b>\u2013 Noen har kanskje bestilt for seks m\u00e5neder siden, og ville risikert \u00e5 m\u00e5tte betale mer enn de tenkte for bilen. Bil er ofte en stor investering og for mange vil en \u00f8kning p\u00e5 50.000 v\u00e6re vanskelig. Vi har derfor hatt momsgaranti for kundene, slik at de kunne v\u00e6re trygg p\u00e5 at bilen ikke koster enda mer n\u00e5r de skal hente den, forteller Bjerkenes.<\/b><\/p>\n<p>Selv om de har kommet i m\u00e5l p\u00e5 Kverneland bil, mener Bjerkenes at tre m\u00e5neder ikke er gunstig for en s\u00e5pass stor endring i bilbransjen. <\/p>\n<p><b>\u2013 Hadde vi visst dette i april, hadde det blitt mer forutsigbart for b\u00e5de oss og kunder. <\/b><\/p>\n<p>I rute<\/p>\n<p>P\u00e5 M\u00f8ller Bil Haugesund meldes det om normal p\u00e5gang uavhengig av momsfritaket.<\/p>\n<p><b>\u2013 Alle v\u00e5re kunder har f\u00e5tt bestillingene sine, uten forsinkelse, forteller salgssjef Christoffer Larsen.<\/b><\/p>\n<p>Han legger til at alle som har bestilt har f\u00e5tt registrert bilene uten forsinkelse, men at om det skulle v\u00e6rt tilfelle hadde de stilt med momsgaranti for kundene sine.<\/p>\n<p>Meget travelt<\/p>\n<p>Ogs\u00e5 p\u00e5 Hedin Automotive Haugesund har p\u00e5gangen v\u00e6rt merkbar den siste delen av \u00e5ret. Deres mest popul\u00e6re modell har v\u00e6rt BMW iX1.<\/p>\n<p><b>\u2013 P\u00e5gangen startet tidlig i h\u00f8st da forslaget til statsbudsjett for 2026 ble lagt fram, s\u00e5 en kan vel si at fjerde kvartal i 2025 har v\u00e6rt meget travelt. Siste m\u00e5neden har vi jobbet med \u00e5 f\u00e5 flest mulige biler til Norge, melder daglig leder Ole Totland.<\/b><\/p>\n<p>Han forklarer at de siste bilene kom til Norge i romjulen og at de f\u00e5r registrert alle kundebilene innen \u00e5rsskiftet. <\/p>\n<p><b>\u2013 Alle ansatte har gjort en super jobb, og har st\u00e5tt p\u00e5 for at vi skal komme i m\u00e5l og at kundene f\u00e5r det de har bestilt, legger Totland til.<\/b><\/p>\n<p>Til NRK har bilimport\u00f8rselskapet Motorships AS opplyst at de hadde f\u00e5tt over 30.000 nye biler til Drammen de siste to m\u00e5nedene. Det ligger an til at det blir registrert om lag dobbelt s\u00e5 mange biler i desember i \u00e5r, sammenlignet med desember i fjor.<\/p>\n","protected":false},"excerpt":{"rendered":"HAUGESUND: I statsbudsjettet som ble lagt fram i oktober kom det fram at momsfritaket skulle kuttes som et&hellip;\n","protected":false},"author":2,"featured_media":125196,"comment_status":"","ping_status":"","sticky":false,"template":"","format":"standard","meta":{"footnotes":""},"categories":[10],"tags":[36,222,20,21,267,24,25,823,15,22,23,7939,13,30,28,29,14,14090,16,572,1510,26,27],"class_list":{"0":"post-125195","1":"post","2":"type-post","3":"status-publish","4":"format-standard","5":"has-post-thumbnail","7":"category-norge","8":"tag-art","9":"tag-bil","10":"tag-breaking-news","11":"tag-breakingnews","12":"tag-elbil","13":"tag-featured-news","14":"tag-featurednews","15":"tag-forbruker","16":"tag-headlines","17":"tag-latest-news","18":"tag-latestnews","19":"tag-moms","20":"tag-news","21":"tag-no","22":"tag-norge","23":"tag-norway","24":"tag-nyheter","25":"tag-nyttar","26":"tag-overskrifter","27":"tag-okonomi","28":"tag-story","29":"tag-top-stories","30":"tag-topstories"},"share_on_mastodon":{"url":"https:\/\/pubeurope.com\/@no\/115811384235083778","error":""},"_links":{"self":[{"href":"https:\/\/www.europesays.com\/no\/wp-json\/wp\/v2\/posts\/125195","targetHints":{"allow":["GET"]}}],"collection":[{"href":"https:\/\/www.europesays.com\/no\/wp-json\/wp\/v2\/posts"}],"about":[{"href":"https:\/\/www.europesays.com\/no\/wp-json\/wp\/v2\/types\/post"}],"author":[{"embeddable":true,"href":"https:\/\/www.europesays.com\/no\/wp-json\/wp\/v2\/users\/2"}],"replies":[{"embeddable":true,"href":"https:\/\/www.europesays.com\/no\/wp-json\/wp\/v2\/comments?post=125195"}],"version-history":[{"count":0,"href":"https:\/\/www.europesays.com\/no\/wp-json\/wp\/v2\/posts\/125195\/revisions"}],"wp:featuredmedia":[{"embeddable":true,"href":"https:\/\/www.europesays.com\/no\/wp-json\/wp\/v2\/media\/125196"}],"wp:attachment":[{"href":"https:\/\/www.europesays.com\/no\/wp-json\/wp\/v2\/media?parent=125195"}],"wp:term":[{"taxonomy":"category","embeddable":true,"href":"https:\/\/www.europesays.com\/no\/wp-json\/wp\/v2\/categories?post=125195"},{"taxonomy":"post_tag","embeddable":true,"href":"https:\/\/www.europesays.com\/no\/wp-json\/wp\/v2\/tags?post=125195"}],"curies":[{"name":"wp","href":"https:\/\/api.w.org\/{rel}","templated":true}]}}