{"id":125199,"date":"2025-12-31T00:50:15","date_gmt":"2025-12-31T00:50:15","guid":{"rendered":"https:\/\/www.europesays.com\/no\/125199\/"},"modified":"2025-12-31T00:50:15","modified_gmt":"2025-12-31T00:50:15","slug":"kvinne-dod-etter-trafikkulykke-i-hadsel","status":"publish","type":"post","link":"https:\/\/www.europesays.com\/no\/125199\/","title":{"rendered":"Kvinne d\u00f8d etter trafikkulykke i Hadsel"},"content":{"rendered":"<p>Det opplyser politiet i Nordland i en pressemelding tirsdag kveld.<\/p>\n<p>Klokken 14.15 fikk politiet melding om at en kvinne var livstruende skadet etter en trafikkhendelse mellom Melbu og Stokmarknes. Etter det opplyste skal kvinnen ha v\u00e6rt til fots ved sin bil i sin oppkj\u00f8rsel, hvor det oppsto et uhell som involverte to andre biler. Politiet jobber for \u00e5 f\u00e5 avklart hendelsesforl\u00f8pet.<\/p>\n<p>Det ble fors\u00f8kt livreddende f\u00f8rstehjelp p\u00e5 stedet. Brannvesen og politiets krimteknikere kom til stedet, og politiet jobber fortsatt p\u00e5 \u00e5stedet i kveld. Statens Vegvesens ulykkesgruppe er varslet, og vil komme p\u00e5 et senere tidspunkt.<\/p>\n<p>Begge sj\u00e5f\u00f8rene av de to p\u00e5f\u00f8lgende bilene er testet, og ingen hadde promille. F\u00f8rerkortene til de to bilf\u00f8rerne er midlertidig beslaglagt, p\u00e5peker politiet i pressemeldingen.<\/p>\n","protected":false},"excerpt":{"rendered":"Det opplyser politiet i Nordland i en pressemelding tirsdag kveld. Klokken 14.15 fikk politiet melding om at en&hellip;\n","protected":false},"author":2,"featured_media":125200,"comment_status":"","ping_status":"","sticky":false,"template":"","format":"standard","meta":{"footnotes":""},"categories":[10],"tags":[20,21,24,25,15,22,23,13,30,28,29,14,16,26,27],"class_list":{"0":"post-125199","1":"post","2":"type-post","3":"status-publish","4":"format-standard","5":"has-post-thumbnail","7":"category-norge","8":"tag-breaking-news","9":"tag-breakingnews","10":"tag-featured-news","11":"tag-featurednews","12":"tag-headlines","13":"tag-latest-news","14":"tag-latestnews","15":"tag-news","16":"tag-no","17":"tag-norge","18":"tag-norway","19":"tag-nyheter","20":"tag-overskrifter","21":"tag-top-stories","22":"tag-topstories"},"share_on_mastodon":{"url":"https:\/\/pubeurope.com\/@no\/115811439262834578","error":""},"_links":{"self":[{"href":"https:\/\/www.europesays.com\/no\/wp-json\/wp\/v2\/posts\/125199","targetHints":{"allow":["GET"]}}],"collection":[{"href":"https:\/\/www.europesays.com\/no\/wp-json\/wp\/v2\/posts"}],"about":[{"href":"https:\/\/www.europesays.com\/no\/wp-json\/wp\/v2\/types\/post"}],"author":[{"embeddable":true,"href":"https:\/\/www.europesays.com\/no\/wp-json\/wp\/v2\/users\/2"}],"replies":[{"embeddable":true,"href":"https:\/\/www.europesays.com\/no\/wp-json\/wp\/v2\/comments?post=125199"}],"version-history":[{"count":0,"href":"https:\/\/www.europesays.com\/no\/wp-json\/wp\/v2\/posts\/125199\/revisions"}],"wp:featuredmedia":[{"embeddable":true,"href":"https:\/\/www.europesays.com\/no\/wp-json\/wp\/v2\/media\/125200"}],"wp:attachment":[{"href":"https:\/\/www.europesays.com\/no\/wp-json\/wp\/v2\/media?parent=125199"}],"wp:term":[{"taxonomy":"category","embeddable":true,"href":"https:\/\/www.europesays.com\/no\/wp-json\/wp\/v2\/categories?post=125199"},{"taxonomy":"post_tag","embeddable":true,"href":"https:\/\/www.europesays.com\/no\/wp-json\/wp\/v2\/tags?post=125199"}],"curies":[{"name":"wp","href":"https:\/\/api.w.org\/{rel}","templated":true}]}}