{"id":125201,"date":"2025-12-31T00:57:20","date_gmt":"2025-12-31T00:57:20","guid":{"rendered":"https:\/\/www.europesays.com\/no\/125201\/"},"modified":"2025-12-31T00:57:20","modified_gmt":"2025-12-31T00:57:20","slug":"drap-politi-kirkenaer-drapet-drapssiktet-var-etterlyst-internasjonalt-pagrepet-i-oslo-leilighet-gudbrandsdolen-dagningen","status":"publish","type":"post","link":"https:\/\/www.europesays.com\/no\/125201\/","title":{"rendered":"Drap, Politi | Kirken\u00e6r-drapet: Drapssiktet var etterlyst internasjonalt \u2013 p\u00e5grepet i Oslo-leilighet &#8211; Gudbrandsd\u00f8len Dagningen"},"content":{"rendered":"<ol>\n<li><a href=\"https:\/\/news.google.com\/rss\/articles\/CBMitgFBVV95cUxPWmRNWEJYQ2lRMi1rNWFUT05fNW9JNllfSHU1cXRMQkJPZ2hhWHhjMGtXTmJBcl83RGdfVmIzWGd0Y05BcVpEdURBTVNDOG92b1JzTVNDVmlMN3BBWW92cDRMdlNYQXJSZkJmdGRwSWp6dl9nVEJSQXYwSUVqdENZRWhWNW9SYzVna2x0S0lqZlhYT3VaZHhtelNibTFCOWw2OFlHcmN2ZU5BaEViNjNQX3VYRXV6Zw?oc=5\" target=\"_blank\" rel=\"nofollow noopener\">Drap, Politi | Kirken\u00e6r-drapet: Drapssiktet var etterlyst internasjonalt \u2013 p\u00e5grepet i Oslo-leilighet<\/a>&nbsp;&nbsp;Gudbrandsd\u00f8len Dagningen<\/li>\n<li><a href=\"https:\/\/news.google.com\/rss\/articles\/CBMiaEFVX3lxTFBhRlQxZTR1M2l1dDd3dmFKTWxIVmh5QkhmYjBiZGNHdi14X3lpeHJPWmdHazVPS0pkMXc2allHYzNaYmljV3RqVVFkbGJwRVBscXNRR0hGRzMweXlkMjJzeUNZTG51anQ3?oc=5\" target=\"_blank\" rel=\"nofollow noopener\">&#8211; Ufattelig trist<\/a>&nbsp;&nbsp;Dagbladet<\/li>\n<li><a href=\"https:\/\/news.google.com\/rss\/articles\/CBMilgFBVV95cUxNWWpzMWsyYTNTdGtYRlYxTmY1UTlhQjMxdHB1VmhEMi05Q0twUUtQWEg3TmxEYTNNdGdtcWV0RzRPblU1NGtTZ1dqa2hmSG1ZQUtMVkhlSUk1SHpaOHRubXBQZmprSG9FeTZMZi1hWjd6NTZwTE02bVJnRno4VUxhU09TbThnOWtDaVFERXRCM2JDd2tySlE?oc=5\" target=\"_blank\" rel=\"nofollow noopener\">May Torill Eriksen (48) drept: \u2013\u2060 Et godt menneske<\/a>&nbsp;&nbsp;VG<\/li>\n<li><a href=\"https:\/\/news.google.com\/rss\/articles\/CBMiywFBVV95cUxOSVRzbEtnckR2RkVxcndsWlhydVJkU0o1dklPRjAwSU1HM0FHZXgtOEJXZ0piaG1jSGZxZEh0bE8yeHBkcDdIMGFITmhQcFVqa1JaY3owN2xFWlhUZkxULVpCT1pkRy13a0JTWUExOFpncDdzc0VzNnRKR3BucERrc1lvZXNDSG1oNFpPOEFVazJEQUJmZ0czNkxvR2FYaVpVakJ6Sl9zNGpER1o3WjJrV2hVRWpSZDIzZmxuV0tFa1BCS240Q1NsMnRDSQ?oc=5\" target=\"_blank\" rel=\"nofollow noopener\">Kirken\u00e6r-drapet: Drapssiktet var etterlyst internasjonalt \u2013 p\u00e5grepet p\u00e5 Majorstuen i Oslo<\/a>&nbsp;&nbsp;Aftenposten<\/li>\n<li><a href=\"https:\/\/news.google.com\/rss\/articles\/CBMipgFBVV95cUxOYmh6N0Y3MGxMVzdTOEdTTnhVMVd6TnpJZFpqUVh2YzZaMzI2OXJoQW1qcWpvNzU3S3FpVXdfcXp1MDFMcGlXNFNhZXhNNmVTaVR4MnpiNXFCVG9OMHZnRFVyajZmcnVKalpVWG5BWVB4QUlrZ2tieGV5c2Q4NUI2Vkt4UU1IRUI3dEU4TlJzS3VTTG1FZ2xaZy10cHdfZTNfeTBiOGVn?oc=5\" target=\"_blank\" rel=\"nofollow noopener\">Drapssikta p\u00e5 r\u00f8mmen: Tidlegare d\u00f8mt for d\u00f8deleg vald med TV<\/a>&nbsp;&nbsp;NRK<\/li>\n<\/ol>\n","protected":false},"excerpt":{"rendered":"Drap, Politi | Kirken\u00e6r-drapet: Drapssiktet var etterlyst internasjonalt \u2013 p\u00e5grepet i Oslo-leilighet&nbsp;&nbsp;Gudbrandsd\u00f8len Dagningen &#8211; Ufattelig trist&nbsp;&nbsp;Dagbladet May Torill&hellip;\n","protected":false},"author":2,"featured_media":465,"comment_status":"","ping_status":"","sticky":false,"template":"","format":"standard","meta":{"footnotes":""},"categories":[10],"tags":[20,21,24,25,15,22,23,13,30,28,29,14,16,26,27],"class_list":{"0":"post-125201","1":"post","2":"type-post","3":"status-publish","4":"format-standard","5":"has-post-thumbnail","7":"category-norge","8":"tag-breaking-news","9":"tag-breakingnews","10":"tag-featured-news","11":"tag-featurednews","12":"tag-headlines","13":"tag-latest-news","14":"tag-latestnews","15":"tag-news","16":"tag-no","17":"tag-norge","18":"tag-norway","19":"tag-nyheter","20":"tag-overskrifter","21":"tag-top-stories","22":"tag-topstories"},"share_on_mastodon":{"url":"https:\/\/pubeurope.com\/@no\/115811466769842152","error":""},"_links":{"self":[{"href":"https:\/\/www.europesays.com\/no\/wp-json\/wp\/v2\/posts\/125201","targetHints":{"allow":["GET"]}}],"collection":[{"href":"https:\/\/www.europesays.com\/no\/wp-json\/wp\/v2\/posts"}],"about":[{"href":"https:\/\/www.europesays.com\/no\/wp-json\/wp\/v2\/types\/post"}],"author":[{"embeddable":true,"href":"https:\/\/www.europesays.com\/no\/wp-json\/wp\/v2\/users\/2"}],"replies":[{"embeddable":true,"href":"https:\/\/www.europesays.com\/no\/wp-json\/wp\/v2\/comments?post=125201"}],"version-history":[{"count":0,"href":"https:\/\/www.europesays.com\/no\/wp-json\/wp\/v2\/posts\/125201\/revisions"}],"wp:featuredmedia":[{"embeddable":true,"href":"https:\/\/www.europesays.com\/no\/wp-json\/wp\/v2\/media\/465"}],"wp:attachment":[{"href":"https:\/\/www.europesays.com\/no\/wp-json\/wp\/v2\/media?parent=125201"}],"wp:term":[{"taxonomy":"category","embeddable":true,"href":"https:\/\/www.europesays.com\/no\/wp-json\/wp\/v2\/categories?post=125201"},{"taxonomy":"post_tag","embeddable":true,"href":"https:\/\/www.europesays.com\/no\/wp-json\/wp\/v2\/tags?post=125201"}],"curies":[{"name":"wp","href":"https:\/\/api.w.org\/{rel}","templated":true}]}}