{"id":125202,"date":"2025-12-31T01:04:10","date_gmt":"2025-12-31T01:04:10","guid":{"rendered":"https:\/\/www.europesays.com\/no\/125202\/"},"modified":"2025-12-31T01:04:10","modified_gmt":"2025-12-31T01:04:10","slug":"gi-gass-i-natt","status":"publish","type":"post","link":"https:\/\/www.europesays.com\/no\/125202\/","title":{"rendered":"&#8211; Gi gass i natt"},"content":{"rendered":"<p class=\"kicker \" style=\"\">H\u00e5ndball<\/p>\n<p>  En rekke norske h\u00e5ndballstjerner i dramatisk dansk cupfinale.<\/p>\n<p>\n    L\u00d8FTET POKALEN: Maren Aardahl beseiret norske landslagsvenninner og fikk \u00e6ren av \u00e5 heve trof\u00e9et for Odense. Foto: NTB\n  <\/p>\n<p class=\"bg-red color_mobile_bg-red font-weight-bold m-font-weight-bold align-center mobile_text_align_align-center\" data-lab-text_background_color=\"bg-red\" data-lab-font_weight=\"font-weight-bold\" data-lab-text_align=\"center\">Odense &#8211; Esbjerg 38-34<\/p>\n<p>Norges to st\u00f8rste h\u00e5ndballstjerner, Nora M\u00f8rk og Henny Reistad, havnet p\u00e5 den tapende siden med sitt Esbjerg.\u00a0<\/p>\n<p>P\u00e5 det meste ledet Esbjerg finalen med seks m\u00e5l, men en spektakul\u00e6r snuoperasjon det siste kvarteret gjorde at Odense vant med fire m\u00e5l og tok gullet i den danske cupen.\u00a0<\/p>\n<p>    <a itemprop=\"url\" href=\"https:\/\/www.dagbladet.no\/sport\/finalesjokket-hvor-er-du\/83983394\" rel=\"nofollow noopener\" target=\"_blank\"><\/p>\n<p>        <img loading=\"lazy\" decoding=\"async\" src=\"https:\/\/www.europesays.com\/no\/wp-content\/uploads\/2025\/12\/83983691.webp.webp\" width=\"980\" height=\"441\" title=\"Finalesjokket: - Hvor er du?\" alt=\"\" class=\"lazyload\" style=\"--aspect-ratio-image: 2.22; \"\/><\/p>\n<p>        Finalesjokket: &#8211; Hvor er du?<\/p>\n<p>    <\/a><\/p>\n<p>&#8211; M\u00e5ten vi taper p\u00e5 er frustrerende. Evnen til \u00e5 v\u00e6re kyniske n\u00e5r det skal avgj\u00f8res, den var ikke der i dag. Da vi leder med fem-ti minutter igjen, s\u00e5 skal vi bare vise at vi er der, men det gj\u00f8r vi ikke, sukker Reistad til <a href=\"https:\/\/sport.tv2.dk\/live\/haandbold\/2025-12-30-odense-vinder-pokalfinalen-efter-vildt-comeback\" rel=\"nofollow noopener\" target=\"_blank\">TV 2 Danmark<\/a>.\u00a0<\/p>\n<p>&#8211; Vi har tapt p\u00e5 samme m\u00e5te alle ganger vi har tapt. Det er dessverre litt for mange kamper vi har tapt p\u00e5 den m\u00e5ten, det er vanskelig \u00e5 si hvorfor det blir s\u00e5nn, fortsetter hun.\u00a0<\/p>\n<p>        <img loading=\"lazy\" decoding=\"async\" src=\"https:\/\/www.europesays.com\/no\/wp-content\/uploads\/2025\/12\/84042332.webp.webp\" width=\"686\" height=\"460\" title=\"KOLLAPS: Henny Reistad (st\u00e5ende til h\u00f8yre) p\u00e5 Esbjerg-benken under en treningskamp i sommer. Mellom henne og trener Tomas Axn\u00e9r, sitter Nora M\u00f8rk. Foto: John Terje Pedersen \/ Dagbladet\" alt=\"\" class=\"\" style=\"--aspect-ratio-image: 1.49; \"\/><\/p>\n<p>\n        KOLLAPS: Henny Reistad (st\u00e5ende til h\u00f8yre) p\u00e5 Esbjerg-benken under en treningskamp i sommer. Mellom henne og trener Tomas Axn\u00e9r, sitter Nora M\u00f8rk. Foto: John Terje Pedersen \/ Dagbladet\n    <\/p>\n<p>Esbjerg har i flere \u00e5r v\u00e6rt totaldominerende i dansk h\u00e5ndball, men i fjor ble de sl\u00e5tt av Odense i serien.\u00a0<\/p>\n<p>Et Odense-lag med norske landslagsnavn som Thale Rushfeldt Deila, Maren Aardahl og Ingvild Bakkerud som noen av sine viktigste spillere. Tina Abdulla, Helene Gigstad Fauske og Ragnhold Valle Dahl er ogs\u00e5 en del av laget.\u00a0<\/p>\n<p>    <a itemprop=\"url\" href=\"https:\/\/www.dagbladet.no\/sport\/stakk-til-sjos\/83983700\" rel=\"nofollow noopener\" target=\"_blank\"><\/p>\n<p>        <img loading=\"lazy\" decoding=\"async\" src=\"https:\/\/www.europesays.com\/no\/wp-content\/uploads\/2025\/12\/83983718.webp.webp\" width=\"980\" height=\"441\" title=\"Stakk til sj\u00f8s\" alt=\"\" class=\"lazyload\" style=\"--aspect-ratio-image: 2.22; \"\/><\/p>\n<p>        Stakk til sj\u00f8s<\/p>\n<p>    <\/a><\/p>\n<p>Odense-trener Jacob Vestergaard gir de norske Odense-jentene fritt fram til \u00e5 feste i natt:<\/p>\n<p>&#8211; Selvf\u00f8lgelig skal vi feire. Det blir gitt gr\u00f8nt lys til \u00e5 gi gass i natt, sier han til TV 2 Danmark.\u00a0<\/p>\n<p>Han var stolt over hvordan laget slo tilbake:<\/p>\n<p>&#8211; De kjemper, wow, jeg er stolt av dem. De viser fremragende moral, vi f\u00e5r justert mye og leverer kjempegodt, oppsummerer han.\u00a0<\/p>\n","protected":false},"excerpt":{"rendered":"H\u00e5ndball En rekke norske h\u00e5ndballstjerner i dramatisk dansk cupfinale. L\u00d8FTET POKALEN: Maren Aardahl beseiret norske landslagsvenninner og fikk&hellip;\n","protected":false},"author":2,"featured_media":125203,"comment_status":"","ping_status":"","sticky":false,"template":"","format":"standard","meta":{"footnotes":""},"categories":[10],"tags":[20,21,24,25,15,22,23,13,30,28,29,14,16,83,26,27],"class_list":{"0":"post-125202","1":"post","2":"type-post","3":"status-publish","4":"format-standard","5":"has-post-thumbnail","7":"category-norge","8":"tag-breaking-news","9":"tag-breakingnews","10":"tag-featured-news","11":"tag-featurednews","12":"tag-headlines","13":"tag-latest-news","14":"tag-latestnews","15":"tag-news","16":"tag-no","17":"tag-norge","18":"tag-norway","19":"tag-nyheter","20":"tag-overskrifter","21":"tag-sport","22":"tag-top-stories","23":"tag-topstories"},"share_on_mastodon":{"url":"https:\/\/pubeurope.com\/@no\/115811494336932489","error":""},"_links":{"self":[{"href":"https:\/\/www.europesays.com\/no\/wp-json\/wp\/v2\/posts\/125202","targetHints":{"allow":["GET"]}}],"collection":[{"href":"https:\/\/www.europesays.com\/no\/wp-json\/wp\/v2\/posts"}],"about":[{"href":"https:\/\/www.europesays.com\/no\/wp-json\/wp\/v2\/types\/post"}],"author":[{"embeddable":true,"href":"https:\/\/www.europesays.com\/no\/wp-json\/wp\/v2\/users\/2"}],"replies":[{"embeddable":true,"href":"https:\/\/www.europesays.com\/no\/wp-json\/wp\/v2\/comments?post=125202"}],"version-history":[{"count":0,"href":"https:\/\/www.europesays.com\/no\/wp-json\/wp\/v2\/posts\/125202\/revisions"}],"wp:featuredmedia":[{"embeddable":true,"href":"https:\/\/www.europesays.com\/no\/wp-json\/wp\/v2\/media\/125203"}],"wp:attachment":[{"href":"https:\/\/www.europesays.com\/no\/wp-json\/wp\/v2\/media?parent=125202"}],"wp:term":[{"taxonomy":"category","embeddable":true,"href":"https:\/\/www.europesays.com\/no\/wp-json\/wp\/v2\/categories?post=125202"},{"taxonomy":"post_tag","embeddable":true,"href":"https:\/\/www.europesays.com\/no\/wp-json\/wp\/v2\/tags?post=125202"}],"curies":[{"name":"wp","href":"https:\/\/api.w.org\/{rel}","templated":true}]}}