{"id":125204,"date":"2025-12-31T01:10:07","date_gmt":"2025-12-31T01:10:07","guid":{"rendered":"https:\/\/www.europesays.com\/no\/125204\/"},"modified":"2025-12-31T01:10:07","modified_gmt":"2025-12-31T01:10:07","slug":"2026-blir-verre-for-putin","status":"publish","type":"post","link":"https:\/\/www.europesays.com\/no\/125204\/","title":{"rendered":"2026 blir verre for Putin"},"content":{"rendered":"\n<p class=\"_prefix_nfjwc_1 layout-padded\">Meninger<br \/>Kommentar<\/p>\n<p class=\"_lead_o9xde_2 _lead_xtcu6_50 layout-component text-serif-m layout-normal text-serif-l _lead_1k67c_21 layout-component layout-normal layout-padded layout-padded\">Kanskje er ikke Vladimir Putin like trygg som vi tror. <\/p>\n<p>Skriver om krigen i Ukraina, sjakk, Formel 1, idrettspolitikk, m.m.. Utdannet ved NMBU og Moskvas statsuniversitet. Hobbybonde.<\/p>\n<p><a href=\"https:\/\/www.vg.no\/nyheter\/i\/16nXpX\/mailto:ole.kristian.strom@vg.no\" class=\"_button_6bkpv_2 button-label-large _filled_6bkpv_106 _button_1xhag_75\" rel=\"nofollow noopener\" target=\"_blank\">E-post<\/a><img alt=\" Foto: Alexander Nemenov \/ Reuters \/ NTB\" class=\"_image_qp4xg_65 layout-component layout-wide\" data-fullscreen- data-track-element-type=\"Article image fullscreen\" data-track-name=\"ImageFullscreen\" fetchpriority=\"high\" decoding=\"sync\" loading=\"eager\" height=\"2334\" itemprop=\"image\"  src=\"https:\/\/www.europesays.com\/no\/wp-content\/uploads\/2025\/12\/b9f5ebe4-a200-4867-8068-8ca76e06da06.png\"  style=\"object-position:0% 0%\" width=\"3500\"\/> Foto: Alexander Nemenov \/ Reuters \/ NTBOnsdag 31. desember kl. 01:39     <\/p>\n<p class=\"_paragraph_o9xde_4 _paragraph_xtcu6_10 layout-component text-serif-m layout-normal text-serif-m layout-padded\">Og kanskje er det ikke verken Volodymyr Zelenskyj eller Donald Trump han er mest bekymret for &#8211; n\u00e5r russerne n\u00e5 skal feire nytt\u00e5r og deretter sin ortodokse jul, et par uker etter oss, etter den julianske kalenderen.<\/p>\n<p class=\"_paragraph_o9xde_4 _paragraph_xtcu6_10 layout-component text-serif-m layout-normal text-serif-m layout-padded\">Han frykter vel s\u00e5 mye det russiske folk, og hvordan de vil reagere p\u00e5 en \u00f8konomisk nedtur i 2026.<\/p>\n<p class=\"_paragraph_o9xde_4 _paragraph_xtcu6_10 layout-component text-serif-m layout-normal text-serif-m layout-padded\">Putins \u00abkontrakt\u00bb med russerne gjennom 25 \u00e5r har p\u00e5 mange m\u00e5ter v\u00e6rt at han har gitt dem et bedre liv \u2013 og til gjengjeld har han f\u00e5tt styre landet som han vil. Det har han gjort p\u00e5 en stadig mer autorit\u00e6rautorit\u00e6rEn styringsform der makten er konsentrert hos en enkelt leder eller en liten gruppe, og hvor det er lite rom for politisk frihet og opposisjon. m\u00e5te. De siste \u00e5rene har all protest blitt sl\u00e5tt ned med hard h\u00e5nd.<\/p>\n<p class=\"_paragraph_o9xde_4 _paragraph_xtcu6_10 layout-component text-serif-m layout-normal text-serif-m layout-padded\">Det skal sies at russisk \u00f8konomi har klart seg bemerkelsesverdig bra gjennom snart fire \u00e5r med fullskala krig og sanksjonersanksjonerStraffetiltak som ett eller flere land innf\u00f8rer mot et annet land for \u00e5 tvinge frem en endring i oppf\u00f8rsel, ofte i form av \u00f8konomiske restriksjoner..<\/p>\n<p class=\"_paragraph_o9xde_4 _paragraph_xtcu6_10 layout-component text-serif-m layout-normal text-serif-m layout-padded\">De siste ukene f\u00f8r nytt\u00e5r har russiske medier v\u00e6rt fulle av nyheter om at det g\u00e5r mot d\u00e5rligere tider.<\/p>\n<p class=\"_paragraph_o9xde_4 _paragraph_xtcu6_10 layout-component text-serif-m layout-normal text-serif-m layout-padded\">Vi snakker om medier som holder til i <a href=\"https:\/\/www.vg.no\/tag\/russland?utm_source=vg-article&amp;utm_medium=auto-tagger&amp;utm_campaign=16nXpX\" class=\"_link_o9xde_39\" rel=\"nofollow noopener\" target=\"_blank\">Russland<\/a> og som er fullstendig kontrollert av myndighetene.<\/p>\n<p class=\"_paragraph_o9xde_4 _paragraph_xtcu6_10 layout-component text-serif-m layout-normal text-serif-m layout-padded\">Derfor kan vi trygt tolke disse artiklene som et bevis p\u00e5 at Kreml \u00f8nsker \u00e5 forberede innbyggerne p\u00e5 t\u00f8ffere tider.<\/p>\n<p class=\"_paragraph_o9xde_4 _paragraph_xtcu6_10 layout-component text-serif-m layout-normal text-serif-m layout-padded\">Til n\u00e5 i fullskala krigen har overskriftene snarere g\u00e5tt p\u00e5 at \u00f8konomien er uovervinnelig og skal kunne finansiere krigen i Ukraina s\u00e5 lenge som helst.<\/p>\n<p class=\"_paragraph_o9xde_4 _paragraph_xtcu6_10 layout-component text-serif-m layout-normal text-serif-m layout-padded\">N\u00e5 skriver Moskovskij Komsomolets om \u00ab\u00f8konomisk stagnasjonstagnasjonEn periode med liten eller ingen \u00f8konomisk vekst, der \u00f8konomien st\u00e5r stille.\u00bb, Komsomolskaja Pravda varsler \u00abprisstorm\u00bb over nytt\u00e5r og selv den jordn\u00e6re sentralbanksjefen Elvira Nabiullina advarer om et prissjokk i 2026 fordi momsen skal \u00f8kes fra 20 til 22 prosent.<\/p>\n<p class=\"_paragraph_o9xde_4 _paragraph_xtcu6_10 layout-component text-serif-m layout-normal text-serif-m layout-padded\">Mediene melder om at varehusene selger mindre, at produksjonen faller, at det er nedgang i investeringene og at renten fortsatt vil v\u00e6re unormalt h\u00f8y, for tiden en styringsrentestyringsrenteRenten som settes av sentralbanken, og som p\u00e5virker renteniv\u00e5et i hele \u00f8konomien. p\u00e5 16 prosent.<\/p>\n<p class=\"_paragraph_o9xde_4 _paragraph_xtcu6_10 layout-component text-serif-m layout-normal text-serif-m layout-padded\">Som folk flest er russere aller mest opptatt av sin egen lommebok. Mer opptatt av det enn av krigen som Putin f\u00f8rer i Ukraina.<\/p>\n<p class=\"_paragraph_o9xde_4 _paragraph_xtcu6_10 layout-component text-serif-m layout-normal text-serif-m layout-padded\">Derfor kan det bli atskillig vanskeligere for presidenten \u00e5 fortsette med sin krig \u2013 om det g\u00e5r ut over \u00f8konomien til folk flest.<\/p>\n<p class=\"_paragraph_o9xde_4 _paragraph_xtcu6_10 layout-component text-serif-m layout-normal text-serif-m layout-padded\">Hans h\u00e5p er at USAs president Donald Trump, ofte omtalt som \u00abDonald i russiske medier\u00bb, er mer opptatt av \u00e5 samarbeide med Moskva om business og penger \u2013 enn \u00e5 f\u00e5 en rettferdig slutt p\u00e5 krigen i Ukraina.<\/p>\n<p class=\"_paragraph_o9xde_4 _paragraph_xtcu6_10 layout-component text-serif-m layout-normal text-serif-m layout-padded\">Russland overlevde sanksjonssjokket, og i to \u00e5r var det krigen som drev russisk \u00f8konomi. Det gikk til og med over i \u00f8konomisk vekst. Det skjedde takket v\u00e6re oppbl\u00e5ste milit\u00e6rutgifter, men ogs\u00e5 p\u00e5 grunn av h\u00f8ye olje\/gass-priser og en evne til \u00e5 lure seg unna sanksjonene.<\/p>\n<p class=\"_paragraph_o9xde_4 _paragraph_xtcu6_10 layout-component text-serif-m layout-normal text-serif-m layout-padded\">Men i 2025 begynte problemene. De kommer til \u00e5 \u00f8ke i 2026. Det har Kreml for lengst skj\u00f8nt og opptrer deretter.<\/p>\n<p class=\"_paragraph_o9xde_4 _paragraph_xtcu6_10 layout-component text-serif-m layout-normal text-serif-m layout-padded\">N\u00e5 har prisen p\u00e5 olje og gass falt. Det er i stor grad disse inntektene som har finansiert krigen til n\u00e5.<\/p>\n<p class=\"_paragraph_o9xde_4 _paragraph_xtcu6_10 layout-component text-serif-m layout-normal text-serif-m layout-padded\">Det snakkes ogs\u00e5 om en mulig <a href=\"https:\/\/fortune.com\/2025\/12\/27\/russian-banking-crisis-nonpayments-loan-default-ukraine-war-talks\/\" class=\"_link_o9xde_39\" rel=\"nofollow noopener\" target=\"_blank\">bankkrise<\/a>. Og de som ikke betaler sine regninger og renteutgifter, f\u00e5r ikke lov til \u00e5 forlate Russland. Bare i Moskva-omr\u00e5det handler det om 850.000 mennesker, if\u00f8lge Moskovskij Komsomolets.<\/p>\n<p class=\"_paragraph_o9xde_4 _paragraph_xtcu6_10 layout-component text-serif-m layout-normal text-serif-m layout-padded\">Budsjettunderskuddet er rekordh\u00f8yt, nasjonale reserver t\u00f8mmes og statsgjeldenstatsgjeldenDen totale mengden penger som staten skylder til kreditorer, ofte som et resultat av \u00e5 l\u00e5ne penger for \u00e5 dekke budsjettunderskudd. vokser, fastsl\u00e5r det uavhengige mediet <a href=\"https:\/\/meduza.io\/feature\/2025\/12\/29\/dva-goda-voyna-tolkala-ekonomiku-rossii-vverh-no-v-2025-m-stala-prevraschatsya-dlya-nee-v-rakovuyu-opuhol-razbiraem-etu-trevozhnuyu-peremenu-na-pyat-glavnyh-elementov\" class=\"_link_o9xde_39\" rel=\"nofollow noopener\" target=\"_blank\">Meduza<\/a> i en stor artikkel om \u00f8konomien.<\/p>\n<p class=\"_paragraph_o9xde_4 _paragraph_xtcu6_10 layout-component text-serif-m layout-normal text-serif-m layout-padded\">De mener likevel at Russland kan klare enda et krigs\u00e5r. <\/p>\n<p class=\"_paragraph_o9xde_4 _paragraph_xtcu6_10 layout-component text-serif-m layout-normal text-serif-m layout-padded\">Men prisen for folk flest kan bli lavere levestandard.<\/p>\n<p class=\"_paragraph_o9xde_4 _paragraph_xtcu6_10 layout-component text-serif-m layout-normal text-serif-m layout-padded\">Det er ikke popul\u00e6rt.<\/p>\n<p>   Dette er en kommentar. Kommentaren gir uttrykk for skribentens holdning. <\/p>\n","protected":false},"excerpt":{"rendered":"MeningerKommentar Kanskje er ikke Vladimir Putin like trygg som vi tror. Skriver om krigen i Ukraina, sjakk, Formel&hellip;\n","protected":false},"author":2,"featured_media":125205,"comment_status":"","ping_status":"","sticky":false,"template":"","format":"standard","meta":{"footnotes":""},"categories":[12],"tags":[20,21,24,25,15,22,23,13,30,28,29,14,16,188,26,27,42,103,186,43,44,45],"class_list":{"0":"post-125204","1":"post","2":"type-post","3":"status-publish","4":"format-standard","5":"has-post-thumbnail","7":"category-verden","8":"tag-breaking-news","9":"tag-breakingnews","10":"tag-featured-news","11":"tag-featurednews","12":"tag-headlines","13":"tag-latest-news","14":"tag-latestnews","15":"tag-news","16":"tag-no","17":"tag-norge","18":"tag-norway","19":"tag-nyheter","20":"tag-overskrifter","21":"tag-russland","22":"tag-top-stories","23":"tag-topstories","24":"tag-verden","25":"tag-vgmeninger","26":"tag-vladimir-putin","27":"tag-world","28":"tag-world-news","29":"tag-worldnews"},"share_on_mastodon":{"url":"https:\/\/pubeurope.com\/@no\/115811518068481560","error":""},"_links":{"self":[{"href":"https:\/\/www.europesays.com\/no\/wp-json\/wp\/v2\/posts\/125204","targetHints":{"allow":["GET"]}}],"collection":[{"href":"https:\/\/www.europesays.com\/no\/wp-json\/wp\/v2\/posts"}],"about":[{"href":"https:\/\/www.europesays.com\/no\/wp-json\/wp\/v2\/types\/post"}],"author":[{"embeddable":true,"href":"https:\/\/www.europesays.com\/no\/wp-json\/wp\/v2\/users\/2"}],"replies":[{"embeddable":true,"href":"https:\/\/www.europesays.com\/no\/wp-json\/wp\/v2\/comments?post=125204"}],"version-history":[{"count":0,"href":"https:\/\/www.europesays.com\/no\/wp-json\/wp\/v2\/posts\/125204\/revisions"}],"wp:featuredmedia":[{"embeddable":true,"href":"https:\/\/www.europesays.com\/no\/wp-json\/wp\/v2\/media\/125205"}],"wp:attachment":[{"href":"https:\/\/www.europesays.com\/no\/wp-json\/wp\/v2\/media?parent=125204"}],"wp:term":[{"taxonomy":"category","embeddable":true,"href":"https:\/\/www.europesays.com\/no\/wp-json\/wp\/v2\/categories?post=125204"},{"taxonomy":"post_tag","embeddable":true,"href":"https:\/\/www.europesays.com\/no\/wp-json\/wp\/v2\/tags?post=125204"}],"curies":[{"name":"wp","href":"https:\/\/api.w.org\/{rel}","templated":true}]}}