{"id":125206,"date":"2025-12-31T01:11:23","date_gmt":"2025-12-31T01:11:23","guid":{"rendered":"https:\/\/www.europesays.com\/no\/125206\/"},"modified":"2025-12-31T01:11:23","modified_gmt":"2025-12-31T01:11:23","slug":"tv-2-svarer-pa-kritikken-av-flukten-fra-bolivia","status":"publish","type":"post","link":"https:\/\/www.europesays.com\/no\/125206\/","title":{"rendered":"TV 2 svarer p\u00e5 kritikken av \u00abFlukten fra Bolivia\u00bb"},"content":{"rendered":"<p class=\"kicker \" style=\"\">Ut mot \u00abFlukten fra Bolivia\u00bb:\u00a0<\/p>\n<p>  Madeleine Rodriguez\u2019 tvillings\u00f8ster samt den s\u00e5kalte \u00abLillesand-kvinnen\u00bb reagerer sterkt p\u00e5 \u00abFlukten fra Bolivia\u00bb. &#8211; Fiksjon, svarer kanalen.<\/p>\n<p>\n    I SERIEN: Josephine Tetlie, Ella \u00d8verbye og Lisa Hovden har rollene som de tre jentene i \u00abFlukten fra Bolivia\u00bb. Foto: Malin Gutke \/ TV 2\n  <\/p>\n<p>    Kort fortalt<\/p>\n<ul lang=\"nb-NO\">\n<li>TV 2-serien \u00abFlukten fra Bolivia\u00bb har gjenopplivet Bolivia-saken, noe som har f\u00f8rt til kritikk fra Nikita Rodriguez.<\/li>\n<li>Nikita, s\u00f8steren til kokaind\u00f8mte Madeleine Rodriguez, mener serien gj\u00f8r en allerede tung belastning enda verre.<\/li>\n<li>Ogs\u00e5 den s\u00e5kalte Lillesand-kvinnen reagerer p\u00e5 serien.<\/li>\n<li>Madeleine ble arrestert i Bolivia i 2008, og selv om hun ble l\u00f8slatt mot kausjon, er saken fortsatt uavklart med et utreiseforbud.<\/li>\n<li>Familien fortsetter \u00e5 kjempe for en avslutning, da de mener det handler om trygghet for Madeleine og hennes barn.<\/li>\n<\/ul>\n<p class=\"italic ai-disclaimer\" data-lab-italic=\"italic\">Sammendraget er laget av ChatGPT og godkjent av Dagbladet.<\/p>\n<p>      Vis mer<br \/>\n      Vis mindre<\/p>\n<p>TV 2-serien \u00abFlukten fra Bolivia\u00bb har gjenopplivet den mye omtalte Bolivia-saken.<\/p>\n<p>    <a itemprop=\"url\" href=\"https:\/\/www.dagbladet.no\/nyheter\/bolivia-saken-gjor-meg-kvalm\/84036078\" rel=\"nofollow noopener\" target=\"_blank\"><\/p>\n<p>        <img loading=\"lazy\" decoding=\"async\" src=\"https:\/\/www.europesays.com\/no\/wp-content\/uploads\/2025\/12\/1767143477_255_84036272.webp.webp\" width=\"147\" height=\"98\" title=\"Tvillings\u00f8steren: - Gj\u00f8r meg kvalm\" alt=\"\" class=\"lazyload\" style=\"--aspect-ratio-image: 1.50; \"\/><\/p>\n<p>        Tvillings\u00f8steren: &#8211; Gj\u00f8r meg kvalm<\/p>\n<p>    <\/a><\/p>\n<p>N\u00e5 svarer TV 2 p\u00e5 kritikken fra Nikita Rodriguez, tvillings\u00f8steren til kokaind\u00f8mte Madeleine Rodriguez, <a href=\"https:\/\/www.dagbladet.no\/nyheter\/bolivia-saken-gjor-meg-kvalm\/84036078\" rel=\"nofollow noopener\" target=\"_blank\">som i et intervju med Dagbladet sier at serien har gjort en livslang belastning enda tyngre<\/a>.<\/p>\n<p>        REALITY-FORTID: \u00abFlukten fra Bolivia\u00bb-skuespilleren r\u00f8per hvordan realitydeltakelsen hun helst vil glemme, landet hennes dr\u00f8mmerollen. Reporter: Sanne Holt. Video: Celine N\u00e6ss Andreassen\/ R\u00f8d L\u00f8per\/ \u00abFlukten fra Bolivia\u00bb\/ TV 2\/ \u00abGrensel\u00f8st forelsket\u00bb\/ Discovery<\/p>\n<p>TV 2: &#8211; Et fiksjonsdrama\t<\/p>\n<p>&#8211; For oss er dette ikke underholdning eller fiksjon. Det er traumer, tap og et liv som aldri fikk en ordentlig avslutning. \u00c5 bli tvunget til \u00e5 gjenoppleve dette igjen, midt i h\u00f8ytida, uten hensyn til p\u00e5r\u00f8rende, har v\u00e6rt ekstremt belastende, sa hun til Dagbladet mandag.<\/p>\n<p> Hun har valgt \u00e5 ikke se serien, og kaller gjenfortellingen av saken i juleh\u00f8ytida \u00abekstremt belastende\u00bb. <\/p>\n<p>        <img loading=\"lazy\" decoding=\"async\" src=\"https:\/\/www.europesays.com\/no\/wp-content\/uploads\/2025\/12\/84041764.webp.webp\" width=\"686\" height=\"1029\" title=\"ERTERIS: Nikita og Madeleine Rodriguez p\u00e5 et barndomsbilde. Foto: Privat\" alt=\"\" class=\"\" style=\"--aspect-ratio-image: 0.67; \"\/><\/p>\n<p>\n        ERTERIS: Nikita og Madeleine Rodriguez p\u00e5 et barndomsbilde. Foto: Privat\n    <\/p>\n<p> Ogs\u00e5 en av de tre kvinnene som selve serien er inspirert av, reagerer. I et intervju med <a href=\"https:\/\/www.dagbladet.no\/nyheter\/tv-2-slar-tilbake-1\/84039316?articleToken=59666a51e1d1c81a953a35e56fe386d1b5c68bc09476aef7d5b11c64566611a6\" target=\"_blank\" rel=\"nofollow noopener\">Aftenposten<\/a>, der hun blir omtalt som \u00abLillesand-kvinnen\u00bb, sier hennes advokat Carl Bore at klienten aldri har bidratt til serien og har motsatt seg at den ble laget.<\/p>\n<p>&#8211; Vi reagerer sterkt p\u00e5 at det lages juleunderholdning av dette, sier Bore til Aftenposten. <\/p>\n<p>        <img loading=\"lazy\" decoding=\"async\" itemprop=\"image\" src=\"https:\/\/www.europesays.com\/no\/wp-content\/uploads\/2025\/12\/84040488.webp.webp\" width=\"180\" height=\"180\" alt=\"Trygve R\u00f8nningen\"\/><\/p>\n<p>            Trygve R\u00f8nningen<br \/>\n            Trygve<br \/>\n            R\u00f8nningen        <\/p>\n<p>Programredakt\u00f8r i TV 2.<\/p>\n<p>Programredakt\u00f8r Trygve R\u00f8nningen i TV 2 sier til Dagbladet at kanalen har stor forst\u00e5else for at serien kan oppleves som<br \/>\nbelastende for p\u00e5r\u00f8rende.<\/p>\n<p>Likevel p\u00e5peker han at serien er fiksjon.<\/p>\n<p class=\"font-weight-bold m-font-weight-bold\" data-lab-font_weight=\"font-weight-bold\">&#8211; Vi har respekt for at dette for dem handler om<br \/>\negne livserfaringer. Samtidig er \u00abFlukten fra Bolivia\u00bb\u00a0et fiksjonsdrama,<br \/>\nikke en gjenfortelling av virkelige personers liv, og serien er laget for \u00e5<br \/>\nutforske allmenne temaer &#8211; ikke \u00e5 ta stilling til faktiske hendelser eller<br \/>\nopplevelser av disse, sier han.<\/p>\n<p data-lab-font_weight=\"\"> Overfor Aftenposten svarer TV 2 ogs\u00e5 p\u00e5 kritikken fra Lillesand-kvinnen.\u00a0<\/p>\n<p data-lab-font_weight=\"\">&#8211; Dette er en fiksjonsserie. \u00c5 begynne \u00e5 blande inn den virkelige historien i en slik sluttplakat ville viske ut grensene mellom fiksjon og virkelighet, sier R\u00f8nningen. <\/p>\n<p>        <img loading=\"lazy\" decoding=\"async\" src=\"https:\/\/www.europesays.com\/no\/wp-content\/uploads\/2025\/12\/84039415.webp.webp\" width=\"667\" height=\"594\" title=\"FORTVILET: Nikita Rodriguez, her avbildet i 2019, er tvillings\u00f8steren til kokaind\u00f8mte Madeleine Rodriguez. Foto: Nina Hansen \/ Dagbladet\" alt=\"\" class=\"\" style=\"--aspect-ratio-image: 1.12; \"\/><\/p>\n<p>\n        FORTVILET: Nikita Rodriguez, her avbildet i 2019, er tvillings\u00f8steren til kokaind\u00f8mte Madeleine Rodriguez. Foto: Nina Hansen \/ Dagbladet\n    <\/p>\n<p>&#8211; \u00d8ker hver dag\t<\/p>\n<p> \u00abFlukten fra Bolivia\u00bb har blitt en stor seeer-suksess for TV 2.\u00a0<\/p>\n<p>Samtidig har serien ogs\u00e5 vakt sterke reaksjoner. Advokaten til Lillesand-kvinnen har overfor Aftenposten\u00a0opplyst at hun ikke ble gitt anledning til samtidig im\u00f8teg\u00e5else, og mener serien har hatt konsekvenser for hvordan saken n\u00e5 omtales offentlig.<\/p>\n<p>Overfor Aftenposten sier programredakt\u00f8r Trygve R\u00f8nningen at han har forst\u00e5else for at serien kan oppleves som belastende for personer som har v\u00e6rt del av den virkelige historien.<\/p>\n<p>Til Dagbladet peker R\u00f8nningen samtidig p\u00e5 at serien har engasjert mange seere.<\/p>\n<p>&#8211; Responsen p\u00e5 serien har v\u00e6rt<br \/>\nstor og engasjert, noe vi mener f\u00f8rst og fremst skyldes at historien ber\u00f8rer<br \/>\ntemaer som mange kjenner igjen. Samtidig tar vi p\u00e5 alvor at reaksjonene kan<br \/>\nv\u00e6re sammensatte, og vi har respekt for at p\u00e5r\u00f8rende kan oppleve dette annerledes<br \/>\nenn publikum for \u00f8vrig, sier R\u00f8nningen.<\/p>\n<p>    <a itemprop=\"url\" href=\"https:\/\/www.dagbladet.no\/kjendis\/17-ar-seinere-fortsatt-fanget-i-bolivia\/83985545\" rel=\"nofollow noopener\" target=\"_blank\"><\/p>\n<p>        <img loading=\"lazy\" decoding=\"async\" src=\"https:\/\/www.europesays.com\/no\/wp-content\/uploads\/2025\/12\/1767143480_864_84023952.webp.webp\" width=\"980\" height=\"441\" title=\"17 \u00e5r seinere: Fortsatt fanget i Bolivia\" alt=\"\" class=\"lazyload\" style=\"--aspect-ratio-image: 2.22; \"\/><\/p>\n<p>        17 \u00e5r seinere: Fortsatt fanget i Bolivia<\/p>\n<p>    <\/a><\/p>\n<p>Han forteller at s\u00e5 langt har serien blitt sett i sin helhet over 500 000 ganger siden 1. juledag.<\/p>\n<p>&#8211; Dette er veldig h\u00f8ye<br \/>\ntall for en slik dramaserie, og tallene \u00f8ker hver eneste dag, sier han.<\/p>\n<p>Fortsatt uavklart\u00a0\t<\/p>\n<p>Madeleine Rodriguez ble arrestert i Cochabamba i Bolivia i 2008, d\u00f8mt og seinere l\u00f8slatt mot kausjon.\u00a0<\/p>\n<p>Saken ble aldri rettskraftig avsluttet, og hun lever fortsatt med utreiseforbud. Dette gj\u00f8r at hun m\u00e5 v\u00e6re i Cochabamba p\u00e5 ubestemt tid.<\/p>\n<p>        <img loading=\"lazy\" decoding=\"async\" src=\"https:\/\/www.europesays.com\/no\/wp-content\/uploads\/2025\/12\/84039436.webp.webp\" width=\"667\" height=\"447\" title=\"I HEISEN: Stina Brendemo Hagen og Madeleine Rodriguez forlater retten i Cochabamba etter f\u00f8rste dag i rettssaken i 2010, bevoktet av politifolk. Foto: Stian Lysberg Solum \/ NTB\" alt=\"\" class=\"\" style=\"--aspect-ratio-image: 1.49; \"\/><\/p>\n<p>\n        I HEISEN: Stina Brendemo Hagen og Madeleine Rodriguez forlater retten i Cochabamba etter f\u00f8rste dag i rettssaken i 2010, bevoktet av politifolk. Foto: Stian Lysberg Solum \/ NTB\n    <\/p>\n<p> &#8211; Hver eneste dag lever vi med frykten for hva som skjer dersom Madeleine m\u00e5 inn og sone igjen f\u00f8r saken er ferdig. Hvis hun m\u00e5 tilbake i fengsel uten at dette er avklart, st\u00e5r barna i fare for \u00e5 bli st\u00e5ende uten omsorg. I et land der systemene er svake og uforutsigbare, kan det f\u00e5 alvorlige konsekvenser, sier tvillings\u00f8ster Nikita Rodriguez til Dagbladet.<\/p>\n<p>        <img loading=\"lazy\" decoding=\"async\" src=\"https:\/\/www.europesays.com\/no\/wp-content\/uploads\/2025\/12\/84039437.webp.webp\" width=\"667\" height=\"607\" title=\"T\u00c5RER: Madeleine Rodriguez (midten) og Stina Brendemo Hagen f\u00f8res tilbake til fengselet etter domsavsigelsen i Cochabamba i 2010. Begge ble d\u00f8mt til over 13 \u00e5r i fengsel. Stinas mor i bakgrunnen er sladdet av Dagbladet. Foto: Henning Lilleg\u00e5rd \/ Dagbladet.\" alt=\"\" class=\"\" style=\"--aspect-ratio-image: 1.10; \"\/><\/p>\n<p>\n        T\u00c5RER: Madeleine Rodriguez (midten) og Stina Brendemo Hagen f\u00f8res tilbake til fengselet etter domsavsigelsen i Cochabamba i 2010. Begge ble d\u00f8mt til over 13 \u00e5r i fengsel. Stinas mor i bakgrunnen er sladdet av Dagbladet. Foto: Henning Lilleg\u00e5rd \/ Dagbladet.\n    <\/p>\n<p>If\u00f8lge familien har Madeleine Rodriguez sonet \u00e5tte \u00e5r i fengsel, og deretter levd i \u00e5revis uten avklaring.<\/p>\n<p>Nikita Rodriguez har v\u00e6rt tydelig p\u00e5 at s\u00f8steren har tatt ansvar for det som skjedde, men at straffen i praksis aldri har tatt slutt.\u00a0<\/p>\n<p>        REALITY-FORTID: \u00abFlukten fra Bolivia\u00bb-skuespilleren r\u00f8per hvordan realitydeltakelsen hun helst vil glemme, landet hennes dr\u00f8mmerollen. Reporter: Sanne Holt. Video: Celine N\u00e6ss Andreassen\/ R\u00f8d L\u00f8per\/ \u00abFlukten fra Bolivia\u00bb\/ TV 2\/ \u00abGrensel\u00f8st forelsket\u00bb\/ Discovery<\/p>\n<p>Ikke annet valg<\/p>\n<p>Samtidig sier Nikita Rodriguez at familien ikke har noe alternativ til \u00e5 fortsette kampen for en avslutning.<\/p>\n<p>&#8211; Dette handler om et menneske, om ei mor og om barn som fortjener trygghet. Vi kan ikke gi oss, sier hun.<\/p>\n<p>    Hva er Bolivia-saken?<\/p>\n<ul>\n<li>\n<p>I 2008 ble tre norske kvinner arrestert p\u00e5 flyplassen i Cochabamba i Bolivia, mistenkt for \u00e5 ha smuglet kokain i bagasjen.<\/p>\n<\/li>\n<li>\n<p>Kvinnene ble fengslet av bolivianske myndigheter og satt i varetekt i rundt halvannet \u00e5r.<\/p>\n<\/li>\n<li>\n<p>Madeleine Rodriguez og Stina Brendemo Hagen ble begge d\u00f8mt til 13 \u00e5r og 4 m\u00e5neders fengsel i april 2010. Seinere ble dommene redusert til 10 \u00e5r og 8 m\u00e5neder, f\u00f8r de igjen ble oppjustert til 13 \u00e5r og 4 m\u00e5neder.<\/p>\n<\/li>\n<li>\n<p>Den s\u00e5kalte Lillesand-kvinnen ble fullt frikjent av Oslo tingrett i 2011.<\/p>\n<\/li>\n<li>\n<p>Hagen og Lillesand-kvinnen lever n\u00e5 fritt i Norge.<\/p>\n<\/li>\n<li>\n<p>Madeleine Rodriguez ble i 2016 l\u00f8slatt mot kausjon, uten at saken fikk en rettskraftig dom.<\/p>\n<\/li>\n<li>\n<p>Fordi dommen aldri ble endelig avgjort, fikk hun utreiseforbud og m\u00e5tte bli v\u00e6rende i Bolivia.<\/p>\n<\/li>\n<li>\n<p>Hun har siden v\u00e6rt p\u00e5lagt \u00e5 oppholde seg i Cochabamba og kan ikke reise hjem til Norge.<\/p>\n<\/li>\n<li>\n<p>If\u00f8lge eksperter skyldes situasjonen hvordan det bolivianske rettssystemet fungerer, med sv\u00e6rt lange saksbehandlingstider.<\/p>\n<\/li>\n<li>\n<p>I Bolivia kan saker bli liggende i \u00e5revis uten endelig dom, selv etter l\u00f8slatelse fra fengsel.<\/p>\n<\/li>\n<li>\n<p>Rettssystemet er preget av mangel p\u00e5 dommere, offentlige forsvarere og ressurser.<\/p>\n<\/li>\n<li>\n<p>Internasjonale rapporter har ogs\u00e5 pekt p\u00e5 korrupsjon og politisk innblanding som vedvarende problemer.<\/p>\n<\/li>\n<li>\n<p>TV 2-serien \u00abFlukten fra Bolivia\u00bb hadde premiere i jula.<\/p>\n<\/li>\n<\/ul>\n<p>      Vis mer<br \/>\n      Vis mindre<\/p>\n","protected":false},"excerpt":{"rendered":"Ut mot \u00abFlukten fra Bolivia\u00bb:\u00a0 Madeleine Rodriguez\u2019 tvillings\u00f8ster samt den s\u00e5kalte \u00abLillesand-kvinnen\u00bb reagerer sterkt p\u00e5 \u00abFlukten fra Bolivia\u00bb.&hellip;\n","protected":false},"author":2,"featured_media":125207,"comment_status":"","ping_status":"","sticky":false,"template":"","format":"standard","meta":{"footnotes":""},"categories":[10],"tags":[20,21,24,25,15,2539,22,23,13,30,28,29,14,16,26,27],"class_list":{"0":"post-125206","1":"post","2":"type-post","3":"status-publish","4":"format-standard","5":"has-post-thumbnail","7":"category-norge","8":"tag-breaking-news","9":"tag-breakingnews","10":"tag-featured-news","11":"tag-featurednews","12":"tag-headlines","13":"tag-innenriks","14":"tag-latest-news","15":"tag-latestnews","16":"tag-news","17":"tag-no","18":"tag-norge","19":"tag-norway","20":"tag-nyheter","21":"tag-overskrifter","22":"tag-top-stories","23":"tag-topstories"},"share_on_mastodon":{"url":"https:\/\/pubeurope.com\/@no\/115811522073575510","error":""},"_links":{"self":[{"href":"https:\/\/www.europesays.com\/no\/wp-json\/wp\/v2\/posts\/125206","targetHints":{"allow":["GET"]}}],"collection":[{"href":"https:\/\/www.europesays.com\/no\/wp-json\/wp\/v2\/posts"}],"about":[{"href":"https:\/\/www.europesays.com\/no\/wp-json\/wp\/v2\/types\/post"}],"author":[{"embeddable":true,"href":"https:\/\/www.europesays.com\/no\/wp-json\/wp\/v2\/users\/2"}],"replies":[{"embeddable":true,"href":"https:\/\/www.europesays.com\/no\/wp-json\/wp\/v2\/comments?post=125206"}],"version-history":[{"count":0,"href":"https:\/\/www.europesays.com\/no\/wp-json\/wp\/v2\/posts\/125206\/revisions"}],"wp:featuredmedia":[{"embeddable":true,"href":"https:\/\/www.europesays.com\/no\/wp-json\/wp\/v2\/media\/125207"}],"wp:attachment":[{"href":"https:\/\/www.europesays.com\/no\/wp-json\/wp\/v2\/media?parent=125206"}],"wp:term":[{"taxonomy":"category","embeddable":true,"href":"https:\/\/www.europesays.com\/no\/wp-json\/wp\/v2\/categories?post=125206"},{"taxonomy":"post_tag","embeddable":true,"href":"https:\/\/www.europesays.com\/no\/wp-json\/wp\/v2\/tags?post=125206"}],"curies":[{"name":"wp","href":"https:\/\/api.w.org\/{rel}","templated":true}]}}