{"id":125208,"date":"2025-12-31T01:12:11","date_gmt":"2025-12-31T01:12:11","guid":{"rendered":"https:\/\/www.europesays.com\/no\/125208\/"},"modified":"2025-12-31T01:12:11","modified_gmt":"2025-12-31T01:12:11","slug":"avdode-may-torill-huskes-som-en-varm-og-god-person","status":"publish","type":"post","link":"https:\/\/www.europesays.com\/no\/125208\/","title":{"rendered":"Avd\u00f8de May Torill huskes som en varm og god person"},"content":{"rendered":"\n<p class=\"_lead_o9xde_2 _lead_xtcu6_50 layout-component text-serif-m layout-normal text-serif-l layout-component layout-wide layout-padded _wide_17hqh_1 layout-padded\">Naboer og kjente i Kirken\u00e6r minnes May Torill Eriksen som en varm person.<\/p>\n<p><img alt=\" Foto: G\u00f8ran Bohlin \/ VG\" class=\"_image_qp4xg_65 layout-component layout-wide\" data-fullscreen- data-track-element-type=\"Article image fullscreen\" data-track-name=\"ImageFullscreen\" fetchpriority=\"high\" decoding=\"sync\" loading=\"eager\" height=\"5481\" itemprop=\"image\"  src=\"https:\/\/www.europesays.com\/no\/wp-content\/uploads\/2025\/12\/11240be2-5731-4a55-b01e-226e24260a24.jpeg\"  style=\"object-position:29.108485499462944% 31.809888706440432%\" width=\"7448\"\/> Foto: G\u00f8ran Bohlin \/ VGRapporterer fra Kirken\u00e6r i Grue kommune og Oslo Oppdatert onsdag 31. desember kl. 01:39     <\/p>\n<p class=\"_paragraph_o9xde_4 _paragraph_xtcu6_10 layout-component text-serif-m layout-normal text-serif-m layout-padded\">\u2013 Hun var veldig hyggelig. \u00c5pnet hver jul med \u00e5 gi sm\u00e5 julestjerner til naboer p\u00e5 d\u00f8ren, forteller Per Heitmann (70). Han driver mopedverksted i Grue. <\/p>\n<p class=\"_paragraph_o9xde_4 _paragraph_xtcu6_10 layout-component text-serif-m layout-normal text-serif-m layout-padded\">Heitmann var blant de f\u00f8rste som la ned blomster utenfor trappeoppgangen der Eriksen <a href=\"https:\/\/www.vg.no\/nyheter\/i\/WvbWM2\/mann-paagrepet-etter-grue-drapet\" data-track-element-type=\"Link\" data-track-id=\"link:WvbWM2\" class=\"_link_o9xde_39\" rel=\"nofollow noopener\" target=\"_blank\">ble funnet d\u00f8d<\/a> natt til s\u00f8ndag 28. desember. <\/p>\n<p><img alt=\"Foto: G\u00f8ran Bohlin \/ VG\" class=\"_image_qp4xg_65 layout-component layout-normal\" data-fullscreen- data-track-element-type=\"Article image fullscreen\" data-track-name=\"ImageFullscreen\" decoding=\"async\" loading=\"lazy\" height=\"5503\" itemprop=\"image\"  src=\"https:\/\/www.europesays.com\/no\/wp-content\/uploads\/2025\/12\/c9d9e422-2b0d-446d-b92a-59ab94065af9.jpeg\"  style=\"object-position:62.077888471988615% 47.792113392694894%\" width=\"7729\"\/>Foto: G\u00f8ran Bohlin \/ VG<\/p>\n<p class=\"_paragraph_o9xde_4 _paragraph_xtcu6_10 layout-component text-serif-m layout-normal text-serif-m layout-padded\">Heitmann forteller at Eriksen var motorinteressert, og var innom verkstedet flere ganger. De siste m\u00e5nedene har han ikke sett henne.<\/p>\n<p class=\"_paragraph_o9xde_4 _paragraph_xtcu6_10 layout-component text-serif-m layout-normal text-serif-m layout-padded\">Flere har lagt ned blomster p\u00e5 trappen hvor Eriksen og den siktede mannen bodde. P\u00e5 lysene st\u00e5r det hilsener til henne.<\/p>\n<p><img alt=\"Foto: G\u00f8ran Bohlin \/ VG\" class=\"_image_qp4xg_65 layout-component layout-normal\" data-fullscreen- data-track-element-type=\"Article image fullscreen\" data-track-name=\"ImageFullscreen\" decoding=\"async\" loading=\"lazy\" height=\"5492\" itemprop=\"image\"  src=\"https:\/\/www.europesays.com\/no\/wp-content\/uploads\/2025\/12\/8ebb40d4-d8ff-46bf-b2cc-f561a113f5cd.jpeg\"  style=\"object-position:0% 0%\" width=\"7461\"\/>Foto: G\u00f8ran Bohlin \/ VG<\/p>\n<p class=\"_paragraph_o9xde_4 _paragraph_xtcu6_10 layout-component text-serif-m layout-normal text-serif-m layout-padded\">\u2013 Hun var et varmt og godt menneske, sier Bj\u00f8rn Vidar Steen (65). Han er vaktmester og har de siste \u00e5rene bodd i leiligheten under Eriksen.<\/p>\n<p class=\"_paragraph_o9xde_4 _paragraph_xtcu6_10 layout-component text-serif-m layout-normal text-serif-m layout-padded\">Han reagerte med sjokk og vantro da han fikk h\u00f8re at hun var blitt drept. Steen forteller at de hadde kontakt p\u00e5 Facebook.<\/p>\n<p><img alt=\"Foto: G\u00f8ran Bohlin \/ VG\" class=\"_image_qp4xg_65 layout-component layout-normal\" data-fullscreen- data-track-element-type=\"Article image fullscreen\" data-track-name=\"ImageFullscreen\" decoding=\"async\" loading=\"lazy\" height=\"5502\" itemprop=\"image\"  src=\"https:\/\/www.europesays.com\/no\/wp-content\/uploads\/2025\/12\/c008ee83-11d3-45d4-9958-ade6e958779a.png\"  style=\"object-position:0% 0%\" width=\"6924\"\/>Foto: G\u00f8ran Bohlin \/ VG<\/p>\n<p class=\"_paragraph_o9xde_4 _paragraph_xtcu6_10 layout-component text-serif-m layout-normal text-serif-m layout-padded\">Gamle naboer av Eriksen forteller at hun var en s\u00e5nn person som fulgte opp naboer som hadde v\u00e6rt p\u00e5 sykehus med hilsener og kort, og ga bort gaver. <\/p>\n<p><img alt=\"Foto: G\u00f8ran Bohlin \/ VG\" class=\"_image_qp4xg_65 layout-component layout-normal\" data-fullscreen- data-track-element-type=\"Article image fullscreen\" data-track-name=\"ImageFullscreen\" decoding=\"async\" loading=\"lazy\" height=\"5482\" itemprop=\"image\"  src=\"https:\/\/www.europesays.com\/no\/wp-content\/uploads\/2025\/12\/dd98fa22-441e-4794-97ca-980268e45c86.jpeg\"  style=\"object-position:0% 0%\" width=\"7227\"\/>Foto: G\u00f8ran Bohlin \/ VG<\/p>\n<p class=\"_paragraph_o9xde_4 _paragraph_xtcu6_10 layout-component text-serif-m layout-normal text-serif-m layout-padded\">\u2013 Hun var veldig flink til \u00e5 sette pris p\u00e5 andre. Hun pr\u00f8vde \u00e5 v\u00e6re positiv, tross alt, forteller Kenneth Fenris Lund (50).<\/p>\n<p class=\"_paragraph_o9xde_4 _paragraph_xtcu6_10 layout-component text-serif-m layout-normal text-serif-m layout-padded\">Han var nabo med Eriksen og samboeren i litt over et \u00e5r. <\/p>\n<p class=\"_paragraph_o9xde_4 _paragraph_xtcu6_10 layout-component text-serif-m layout-normal text-serif-m layout-padded\">\u2013 Hun hadde alltid et lite smil i bakh\u00e5nd, forteller han.<\/p>\n<p><img decoding=\"async\" alt=\"Bilde av Kenneth Fenris Lund \" class=\"_image_ygndg_42\" height=\"71\" itemprop=\"image\" loading=\"lazy\"  src=\"https:\/\/www.europesays.com\/no\/wp-content\/uploads\/2025\/12\/f0a6d83b-53da-4275-9b12-8cf29072ba41.jpeg\"  width=\"40\"\/><strong class=\"_name_ygndg_51 title-serif-xs\">Kenneth Fenris Lund <\/strong><\/p>\n<p class=\"_paragraph_o9xde_4 _paragraph_xtcu6_10 layout-component text-serif-m layout-normal text-serif-m layout-padded\">Hvis han skal beskrive henne med et ord, velger han ordet \u00abkjemper\u00bb. <\/p>\n<p class=\"_paragraph_o9xde_4 _paragraph_xtcu6_10 layout-component text-serif-m layout-normal text-serif-m layout-padded\">\u2013 May Torill fant alltid tid til \u00e5 si at hun var glad i folk, sier Kenneth. <\/p>\n<p class=\"_paragraph_o9xde_4 _paragraph_xtcu6_10 layout-component text-serif-m layout-normal text-serif-m layout-padded\">\u2013 Hun hadde aldri noe vondt \u00e5 si om noen.<\/p>\n<p><img alt=\"Foto: G\u00f8ran Bohlin \/ VG\" class=\"_image_qp4xg_65 layout-component layout-normal\" data-fullscreen- data-track-element-type=\"Article image fullscreen\" data-track-name=\"ImageFullscreen\" decoding=\"async\" loading=\"lazy\" height=\"5331\" itemprop=\"image\"  src=\"https:\/\/www.europesays.com\/no\/wp-content\/uploads\/2025\/12\/e95e949c-528e-4e6e-9a57-22a90f6317c5.jpeg\"  style=\"object-position:0% 0%\" width=\"6537\"\/>Foto: G\u00f8ran Bohlin \/ VGP\u00e5grepet etter to dager<\/p>\n<p class=\"_paragraph_o9xde_4 _paragraph_xtcu6_10 layout-component text-serif-m layout-normal text-serif-m layout-padded\">Mannen i 60-\u00e5rene ble p\u00e5grepet i Oslo, to dager etter at Eriksen ble funnet drept. <\/p>\n<p class=\"_paragraph_o9xde_4 _paragraph_xtcu6_10 layout-component text-serif-m layout-normal text-serif-m layout-padded\">Det var l\u00f8rdag 27. desember at politiet rykket ut til boligen hennes etter en bekymringsmelding. <\/p>\n<p class=\"_paragraph_o9xde_4 _paragraph_xtcu6_10 layout-component text-serif-m layout-normal text-serif-m layout-padded\">Der fant de henne d\u00f8d, og en mann i 60-\u00e5rene <a href=\"https:\/\/www.vg.no\/nyheter\/i\/bO5jwd\/innlandet-funn-av-doed-person-mistenker-drap\" data-track-element-type=\"Link\" data-track-id=\"link:bO5jwd\" class=\"_link_o9xde_39\" rel=\"nofollow noopener\" target=\"_blank\">ble siktet i saken<\/a>, mistenkt for drap. <\/p>\n<p class=\"_paragraph_o9xde_4 _paragraph_xtcu6_10 layout-component text-serif-m layout-normal text-serif-m layout-padded\">De to har hatt en samboerrelasjon, if\u00f8lge politiet. Naboer forteller at de har h\u00f8rt krangling fra leiligheten ved flere anledninger. Mannen har ogs\u00e5 hatt bes\u00f8ksforbud.<\/p>\n<p><img decoding=\"async\" alt=\"Bilde av Marit Welo\" class=\"_image_ygndg_42\" height=\"68\" itemprop=\"image\" loading=\"lazy\"  src=\"https:\/\/www.europesays.com\/no\/wp-content\/uploads\/2025\/12\/78338b0c-895c-43db-8f2d-111e2af41a25.jpeg\"  width=\"40\"\/><strong class=\"_name_ygndg_51 title-serif-xs\">Marit Welo<\/strong><\/p>\n<p class=\"_paragraph_o9xde_4 text-sans-m _description_ygndg_56\">Politiadvokat i Innlandet politidistrikt<\/p>\n<p class=\"_paragraph_o9xde_4 _paragraph_xtcu6_10 layout-component text-serif-m layout-normal text-serif-m layout-padded\">\u2013 Det var ilagt et bes\u00f8ksforbud i 2021 som ble opphevet etter \u00f8nske fra forn\u00e6rmede, sa politiadvokat Marit Welo i et intervju med VG mandag. \u00c5rsaken til bes\u00f8ksforbudet var en kropps\u00adkrenkelsessak, if\u00f8lge politiet.<\/p>\n<p><img alt=\"Foto: G\u00f8ran Bohlin \/ VG\" class=\"_image_qp4xg_65 layout-component layout-normal\" data-fullscreen- data-track-element-type=\"Article image fullscreen\" data-track-name=\"ImageFullscreen\" decoding=\"async\" loading=\"lazy\" height=\"5461\" itemprop=\"image\"  src=\"https:\/\/www.europesays.com\/no\/wp-content\/uploads\/2025\/12\/8a657bae-d735-462f-938f-8aaa289ebae2.png\"  style=\"object-position:0% 0%\" width=\"6504\"\/>Foto: G\u00f8ran Bohlin \/ VG<\/p>\n<p class=\"_paragraph_o9xde_4 _paragraph_xtcu6_10 layout-component text-serif-m layout-normal text-serif-m layout-padded\">Grue Kirke holdes \u00e5pen nytt\u00e5rsaften p\u00e5 grunn av d\u00f8dsfallet.<\/p>\n<p class=\"_paragraph_o9xde_4 _paragraph_xtcu6_10 layout-component text-serif-m layout-normal text-serif-m layout-padded\">\u2013 Vi fant raskt ut at vi ville \u00e5pne opp d\u00f8rene slik at folk kan komme. Enten man trenger noen \u00e5 prate med, tenne et lys eller snakke med en prest, sier Leder av menighetsr\u00e5det og trosoppl\u00e6rer Anita \u00d8deg\u00e5rden til <a href=\"https:\/\/www.glomdalen.no\/kirken-apner-dorene-etter-dodsfallet-vil-vise-medfolelse-og-ettertanke\/s\/80-19-183183\" class=\"_link_o9xde_39\" rel=\"nofollow noopener\" target=\"_blank\">Gl\u00e5mdalen.<\/a><\/p>\n","protected":false},"excerpt":{"rendered":"Naboer og kjente i Kirken\u00e6r minnes May Torill Eriksen som en varm person. Foto: G\u00f8ran Bohlin \/ VGRapporterer&hellip;\n","protected":false},"author":2,"featured_media":125209,"comment_status":"","ping_status":"","sticky":false,"template":"","format":"standard","meta":{"footnotes":""},"categories":[5],"tags":[20,21,2320,24,25,8138,15,19,813,22,23,17,18,13,30,28,29,14,16,26,27],"class_list":{"0":"post-125208","1":"post","2":"type-post","3":"status-publish","4":"format-standard","5":"has-post-thumbnail","7":"category-overskrifter","8":"tag-breaking-news","9":"tag-breakingnews","10":"tag-drap-i-norge","11":"tag-featured-news","12":"tag-featurednews","13":"tag-grue","14":"tag-headlines","15":"tag-hovedoppslag","16":"tag-innlandet","17":"tag-latest-news","18":"tag-latestnews","19":"tag-main-news","20":"tag-mainnews","21":"tag-news","22":"tag-no","23":"tag-norge","24":"tag-norway","25":"tag-nyheter","26":"tag-overskrifter","27":"tag-top-stories","28":"tag-topstories"},"share_on_mastodon":{"url":"https:\/\/pubeurope.com\/@no\/115811525866654274","error":""},"_links":{"self":[{"href":"https:\/\/www.europesays.com\/no\/wp-json\/wp\/v2\/posts\/125208","targetHints":{"allow":["GET"]}}],"collection":[{"href":"https:\/\/www.europesays.com\/no\/wp-json\/wp\/v2\/posts"}],"about":[{"href":"https:\/\/www.europesays.com\/no\/wp-json\/wp\/v2\/types\/post"}],"author":[{"embeddable":true,"href":"https:\/\/www.europesays.com\/no\/wp-json\/wp\/v2\/users\/2"}],"replies":[{"embeddable":true,"href":"https:\/\/www.europesays.com\/no\/wp-json\/wp\/v2\/comments?post=125208"}],"version-history":[{"count":0,"href":"https:\/\/www.europesays.com\/no\/wp-json\/wp\/v2\/posts\/125208\/revisions"}],"wp:featuredmedia":[{"embeddable":true,"href":"https:\/\/www.europesays.com\/no\/wp-json\/wp\/v2\/media\/125209"}],"wp:attachment":[{"href":"https:\/\/www.europesays.com\/no\/wp-json\/wp\/v2\/media?parent=125208"}],"wp:term":[{"taxonomy":"category","embeddable":true,"href":"https:\/\/www.europesays.com\/no\/wp-json\/wp\/v2\/categories?post=125208"},{"taxonomy":"post_tag","embeddable":true,"href":"https:\/\/www.europesays.com\/no\/wp-json\/wp\/v2\/tags?post=125208"}],"curies":[{"name":"wp","href":"https:\/\/api.w.org\/{rel}","templated":true}]}}