{"id":125210,"date":"2025-12-31T01:14:08","date_gmt":"2025-12-31T01:14:08","guid":{"rendered":"https:\/\/www.europesays.com\/no\/125210\/"},"modified":"2025-12-31T01:14:08","modified_gmt":"2025-12-31T01:14:08","slug":"enda-en-the-wire-skuespiller-er-dod","status":"publish","type":"post","link":"https:\/\/www.europesays.com\/no\/125210\/","title":{"rendered":"Enda en \u00abThe Wire\u00bb-skuespiller er d\u00f8d"},"content":{"rendered":"\n<p class=\"_lead_o9xde_2 _lead_xtcu6_50 layout-component text-serif-m layout-normal text-serif-l layout-component layout-wide layout-padded _wide_17hqh_1 layout-padded\">Skuespilleren Isiah Whitlock Jr er d\u00f8d, 71 \u00e5r gammel. Han er blant annet kjent fra TV-serien \u00abThe Wire\u00bb.<\/p>\n<p><img alt=\"Skuespilleren Isiah Whitlock Jr. er d\u00f8d, 71 \u00e5r gammel. Han er mest kjent fra TV-serien \u00abThe Wire\u00bb.  Foto: Charles Sykes \/ Invision \/ AP \/ NTB\" class=\"_image_qp4xg_65 layout-component layout-wide\" data-fullscreen- data-track-element-type=\"Article image fullscreen\" data-track-name=\"ImageFullscreen\" fetchpriority=\"high\" decoding=\"sync\" loading=\"eager\" height=\"3719\" itemprop=\"image\"  src=\"https:\/\/www.europesays.com\/no\/wp-content\/uploads\/2025\/12\/9117c819-25bd-47f7-8804-798adf6286e9.jpeg\"  style=\"object-position:0% 0%\" width=\"5579\"\/>Skuespilleren Isiah Whitlock Jr. er d\u00f8d, 71 \u00e5r gammel. Han er mest kjent fra TV-serien \u00abThe Wire\u00bb.  Foto: Charles Sykes \/ Invision \/ AP \/ NTB<\/p>\n<ul aria-hidden=\"true\" class=\"_images_ntbth_112\">\n<li><a class=\"_link_ntbth_117\" href=\"https:\/\/www.vg.no\/forfatter\/ntb\" style=\"z-index:1\" title=\"NTB\" rel=\"nofollow noopener\" target=\"_blank\"><img alt=\"Bilde av NTB\" class=\"_image_ntbth_93\" fetchpriority=\"low\" loading=\"lazy\" decoding=\"async\" itemprop=\"image\"  src=\"https:\/\/www.europesays.com\/no\/wp-content\/uploads\/2025\/12\/1767143648_486_c33980b0-5d07-4027-84a1-813f90a7c8d6.png\"  width=\"480\"\/><\/a><\/li>\n<\/ul>\n<p> Oppdatert onsdag 31. desember kl. 01:16     <\/p>\n<p class=\"_paragraph_o9xde_4 _paragraph_xtcu6_10 layout-component text-serif-m layout-normal text-serif-m layout-padded\"> If\u00f8lge Whitlocks manager Brian Liebman d\u00f8de Isiah Whitlock \u00abfredelig\u00bb etter kort tids sykdom, skriver <a href=\"https:\/\/deadline.com\/2025\/12\/isiah-whitlock-jr-dead-the-wire-spike-lee-movies-1236658855\/\" class=\"_link_o9xde_39\" rel=\"nofollow noopener\" target=\"_blank\">Deadline<\/a>.<\/p>\n<p class=\"_paragraph_o9xde_4 _paragraph_xtcu6_10 layout-component text-serif-m layout-normal text-serif-m layout-padded\">Whitlock var kanskje mest kjent som den korrupte senatoren \u00abClay\u00bb Davis i TV-serien \u00abThe Wire\u00bb. I l\u00f8pet av sin 30 \u00e5r lange karriere medvirket Whitlock ogs\u00e5 i serier som \u00abVeep\u00bb og \u00abYour Honor\u00bb.<\/p>\n<p class=\"_paragraph_o9xde_4 _paragraph_xtcu6_10 layout-component text-serif-m layout-normal text-serif-m layout-padded\">D\u00f8dsfallet kommer mindre enn to uker etter at Whitlocks \u00abThe Wire\u00bb-kollega James Ransone ble funnet d\u00f8d i Los Angeles. <\/p>\n<p class=\"_paragraph_o9xde_4 _paragraph_xtcu6_10 layout-component text-serif-m layout-normal text-serif-m layout-padded\">Ransone, som ble 46 \u00e5r, spilte en sentral rolle i seriens andre sesong, som havnearbeideren Ziggy Sabotka.<\/p>\n","protected":false},"excerpt":{"rendered":"Skuespilleren Isiah Whitlock Jr er d\u00f8d, 71 \u00e5r gammel. Han er blant annet kjent fra TV-serien \u00abThe Wire\u00bb.&hellip;\n","protected":false},"author":2,"featured_media":125211,"comment_status":"","ping_status":"","sticky":false,"template":"","format":"standard","meta":{"footnotes":""},"categories":[58],"tags":[71,30,28,29,375,72],"class_list":{"0":"post-125210","1":"post","2":"type-post","3":"status-publish","4":"format-standard","5":"has-post-thumbnail","7":"category-underholdning","8":"tag-entertainment","9":"tag-no","10":"tag-norge","11":"tag-norway","12":"tag-serier","13":"tag-underholdning"},"share_on_mastodon":{"url":"https:\/\/pubeurope.com\/@no\/115811533628853728","error":""},"_links":{"self":[{"href":"https:\/\/www.europesays.com\/no\/wp-json\/wp\/v2\/posts\/125210","targetHints":{"allow":["GET"]}}],"collection":[{"href":"https:\/\/www.europesays.com\/no\/wp-json\/wp\/v2\/posts"}],"about":[{"href":"https:\/\/www.europesays.com\/no\/wp-json\/wp\/v2\/types\/post"}],"author":[{"embeddable":true,"href":"https:\/\/www.europesays.com\/no\/wp-json\/wp\/v2\/users\/2"}],"replies":[{"embeddable":true,"href":"https:\/\/www.europesays.com\/no\/wp-json\/wp\/v2\/comments?post=125210"}],"version-history":[{"count":0,"href":"https:\/\/www.europesays.com\/no\/wp-json\/wp\/v2\/posts\/125210\/revisions"}],"wp:featuredmedia":[{"embeddable":true,"href":"https:\/\/www.europesays.com\/no\/wp-json\/wp\/v2\/media\/125211"}],"wp:attachment":[{"href":"https:\/\/www.europesays.com\/no\/wp-json\/wp\/v2\/media?parent=125210"}],"wp:term":[{"taxonomy":"category","embeddable":true,"href":"https:\/\/www.europesays.com\/no\/wp-json\/wp\/v2\/categories?post=125210"},{"taxonomy":"post_tag","embeddable":true,"href":"https:\/\/www.europesays.com\/no\/wp-json\/wp\/v2\/tags?post=125210"}],"curies":[{"name":"wp","href":"https:\/\/api.w.org\/{rel}","templated":true}]}}