{"id":125216,"date":"2025-12-31T01:21:26","date_gmt":"2025-12-31T01:21:26","guid":{"rendered":"https:\/\/www.europesays.com\/no\/125216\/"},"modified":"2025-12-31T01:21:26","modified_gmt":"2025-12-31T01:21:26","slug":"ida-og-tormod-ble-matchet-pa-radioen-av-live-nelvik","status":"publish","type":"post","link":"https:\/\/www.europesays.com\/no\/125216\/","title":{"rendered":"Ida og Tormod ble matchet p\u00e5 radioen av Live Nelvik"},"content":{"rendered":"<p>Mange engasjerte seg i Live Nelviks jakt p\u00e5 \u00e5 matche et par<br \/>\ni radioprogrammet \u00abJulestemning\u00bb, som hun har sammen med Ronny Brede Aase. <\/p>\n<p>\u00abJeg annonserte, mer eller mindre med brask og bram: Er du<br \/>\nsingel, skal jeg skaffe deg kj\u00e6reste. Send mail til julestemning\u00bb sa Live i en<br \/>\nav episodene f\u00f8r jul i 2024.<\/p>\n<p>Ida Eide (30) fra Tr\u00f8ndelag ble valgt av Live.<\/p>\n<p>&#8211; Jeg meldte meg p\u00e5 veldig spontant. Jeg har v\u00e6rt fast<br \/>\nlytter hver jul, og v\u00e6rt singel veldig lenge, s\u00e5 jeg tenkte ja \u2013 hvorfor ikke.<br \/>\nJeg hadde pr\u00f8vd datingapper uten hell, s\u00e5 det var p\u00e5 tide \u00e5 pr\u00f8ve noe nytt,<br \/>\nsier Ida til KK.<\/p>\n<p>Og s\u00e5 skulle Live finne den perfekte matchen til Ida. <\/p>\n<p>    <a itemprop=\"url\" href=\"https:\/\/www.kk.no\/samliv\/mannen-jeg-dater-er-helt-passe-han-gir-meg-ikke-hallelujah-stemning\/83730558\" rel=\"nofollow noopener\" target=\"_blank\"><\/p>\n<p>        <img loading=\"lazy\" decoding=\"async\" src=\"https:\/\/www.europesays.com\/no\/wp-content\/uploads\/2025\/12\/83730934.webp.webp\" width=\"980\" height=\"441\" title=\"- Mannen jeg dater er helt passe. Han gir meg ikke \u00abhallelujah\u00bb-stemning\" alt=\"\" class=\"lazyload\" style=\"--aspect-ratio-image: 2.22; \"\/><\/p>\n<p>        &#8211; Mannen jeg dater er helt passe. Han gir meg ikke \u00abhallelujah\u00bb-stemning<\/p>\n<p>    <\/a><\/p>\n<p>En god match\t<\/p>\n<p>Etter n\u00f8ye siling av potensielle partnere som tilb\u00f8d seg \u00e5<br \/>\ndra p\u00e5 date med Ida, landet Live p\u00e5 \u00e9n: Vestlendingen Tormod (36). En god<br \/>\nkandidat, if\u00f8lge Live.<\/p>\n<p>Gjennom juleepisodene ga Live noen oppgaver til Ida og<br \/>\nTormod. At de skulle snakke p\u00e5 telefonen, og deretter Facetime. Og m\u00e5let med<br \/>\ndet hele? At Tormod skulle fly til Ida p\u00e5 nytt\u00e5rsaften og v\u00e6re hennes kavaler<br \/>\nda hun skulle feire 30-\u00e5rsdagen sin sammen med familie og venner.<\/p>\n<p>Ida forteller at hun har litt sm\u00e5tt telefonskrekk. \u00c5 ha en<br \/>\nvideosamtale med noen hun aldri f\u00f8r har m\u00f8tt, var litt grenseoverskridende, men<br \/>\nhun forteller at det gikk bra.<\/p>\n<p>    <a itemprop=\"url\" href=\"https:\/\/www.kk.no\/underholdning\/tenkte-det-var-en-god-ide-sa-angret-han\/82377659\" rel=\"nofollow noopener\" target=\"_blank\"><\/p>\n<p>        <img loading=\"lazy\" decoding=\"async\" src=\"https:\/\/www.europesays.com\/no\/wp-content\/uploads\/2025\/12\/82321855.webp.webp\" width=\"980\" height=\"441\" title=\"Tenkte det var en god id\u00e9. S\u00e5 angret han\" alt=\"\" class=\"lazyload\" style=\"--aspect-ratio-image: 2.22; \"\/><\/p>\n<p>        Tenkte det var en god id\u00e9. S\u00e5 angret han<\/p>\n<p>    <\/a><\/p>\n<p>&#8211; Vi hadde flere timer p\u00e5 telefonen, og det var veldig<br \/>\nhyggelig. En dag s\u00e5 vi p\u00e5 \u00abThe Holiday\u00bb sammen, ler hun.<\/p>\n<p>Live tilb\u00f8d seg \u00e5 dekke flybilletten til Tormod slik at han<br \/>\nskulle f\u00e5 bes\u00f8ke Ida, dersom begge ville m\u00f8tes. Og det ville de. Av praktiske<br \/>\n\u00e5rsaker valgte Tormod \u00e5 kj\u00f8re bil slik at han kunne bli i Tr\u00f8ndelag litt lenger<br \/>\nog bes\u00f8ke familie og en kompis. Han satte seg i bilen 30. desember \u2013 dagen f\u00f8r<br \/>\nbursdagen.<\/p>\n<p>&#8211; Det er ikke s\u00e5 mange hoteller p\u00e5 Melhus, s\u00e5 Tormod m\u00e5tte<br \/>\nsove i leiligheten min. Han var ganske sliten etter den lange kj\u00f8returen, men<br \/>\njeg m\u00e5tte pynte lokalet til bursdagen dagen etter, s\u00e5 jeg \u00abtvang\u00bb han med, ler<br \/>\nIda, og fortsetter:<\/p>\n<p>&#8211; Det var veldig sporty av han \u2013 jeg er imponert over at han<br \/>\ntok alt p\u00e5 strak arm. <\/p>\n<p>        <img loading=\"lazy\" decoding=\"async\" src=\"https:\/\/www.europesays.com\/no\/wp-content\/uploads\/2025\/12\/83944343.webp.webp\" width=\"686\" height=\"810\" title=\"30: Ida feiret 30-\u00e5rsdagen p\u00e5 nytt\u00e5rsaften i 2024. Foto: Privat\" alt=\"\" class=\"\" style=\"--aspect-ratio-image: 0.85; \"\/><\/p>\n<p>\n        30: Ida feiret 30-\u00e5rsdagen p\u00e5 nytt\u00e5rsaften i 2024. Foto: Privat\n    <\/p>\n<p>    <a itemprop=\"url\" href=\"https:\/\/www.kk.no\/meninger\/da-ida-apnet-opp-om-datinglivet-eksploderte-det\/83487200\" rel=\"nofollow noopener\" target=\"_blank\"><\/p>\n<p>        <img loading=\"lazy\" decoding=\"async\" src=\"https:\/\/www.europesays.com\/no\/wp-content\/uploads\/2025\/12\/83487923.webp.webp\" width=\"980\" height=\"441\" title=\"Da Ida \u00e5pnet opp om datinglivet, eksploderte det\" alt=\"\" class=\"lazyload\" style=\"--aspect-ratio-image: 2.22; \"\/><\/p>\n<p>        Da Ida \u00e5pnet opp om datinglivet, eksploderte det<\/p>\n<p>    <\/a><\/p>\n<p>Spenningsmoment<\/p>\n<p>Dagen etter var det klart for 30-\u00e5rslag. De fleste gjestene<br \/>\nvisste at Ida hadde med seg en slags kavaler for kvelden, og mange lurte p\u00e5<br \/>\nhvem denne mystiske mannen var.<\/p>\n<p class=\"font-weight-bold m-font-weight-bold\" data-lab-font_weight=\"font-weight-bold\">&#8211; Det var jo et ekstra spenningsmoment oppi det hele. Tormod<br \/>\nvar flink til \u00e5 introdusere seg selv, og tilpasse seg. Han bidro ogs\u00e5 i noen<br \/>\nmusikalske innslag utover kvelden, s\u00e5 det var god stemning. Det gikk over all<br \/>\nforventning, egentlig, og det virket som at han ogs\u00e5 koste seg, sier Ida.<\/p>\n<p>Festen ble holdt p\u00e5 en l\u00e5ve, hvor Ida fikk disponere et rom.\n<\/p>\n<p>&#8211; Jeg tenkte at Tormod kunne overnatte der, og s\u00e5 fikk jeg<br \/>\nselv se hvordan det gikk utover kvelden, og om jeg skulle sove der eller dra<br \/>\ntil leiligheten min. Men jeg sov der jeg ogs\u00e5, sier Ida.<\/p>\n<p>    <a itemprop=\"url\" href=\"https:\/\/www.kk.no\/samliv\/er-du-redd-han-ikke-er-interessert-likevel-reagerer-han-pa-denne-maten-har-du-svaret\/83873739\" rel=\"nofollow noopener\" target=\"_blank\"><\/p>\n<p>        <img loading=\"lazy\" decoding=\"async\" src=\"https:\/\/www.europesays.com\/no\/wp-content\/uploads\/2025\/12\/83898814.webp.webp\" width=\"980\" height=\"441\" title=\"Er du redd han ikke er interessert likevel? - Reagerer han p\u00e5 denne m\u00e5ten, har du svaret\" alt=\"\" class=\"lazyload\" style=\"--aspect-ratio-image: 2.22; \"\/><\/p>\n<p>        Er du redd han ikke er interessert likevel? &#8211; Reagerer han p\u00e5 denne m\u00e5ten, har du svaret <\/p>\n<p>    <\/a><\/p>\n<p>Grusom dagen derp\u00e5<\/p>\n<p>Alt i alt \u2013 en meget vellykket fest. Dagen derp\u00e5, derimot,<br \/>\nvar ikke like hyggelig. Ida var fyllesyk, som seg h\u00f8r og b\u00f8r n\u00e5r man fyller 30,<br \/>\ns\u00e5 b\u00e5de foreldrene hennes og Tormod stilte opp for \u00e5 hjelpe til med \u00e5 rydde<br \/>\nlokalet.\u00a0<\/p>\n<p>Men Ida ble bare d\u00e5rligere, og fyllesyken viste seg \u00e5 v\u00e6re omgangssyke kombinert med heftig influensa.<\/p>\n<p>&#8211; Jeg kastet opp hele f\u00f8rste nytt\u00e5rsdag. Jeg kan ikke huske sist jeg var<br \/>\ns\u00e5 d\u00e5rlig. Jeg fikk ikke akkurat vist mine beste sider. Tormod og jeg ble<br \/>\nkanskje litt for godt kjent, ler hun, og legger til at han var s\u00e5 grei at han dro p\u00e5 bensinstasjonen og kj\u00f8pte cola til henne.<\/p>\n<p>Tormod ble ogs\u00e5 syk, og fikk derfor ikke bes\u00f8kt venner og<br \/>\nfamilie som han hadde planlagt. Istedenfor m\u00e5tte han bli hos Ida, s\u00e5 de holdt<br \/>\nseg hjemme for \u00e5 ikke smitte flere.<\/p>\n<p>&#8211; Vi ble p\u00e5 et vis tvunget sammen i noen dager, men det var<br \/>\nsamtidig litt fint for da fikk vi tid til \u00e5 bli bedre kjent, forklarer Ida.<\/p>\n<p>Da Tormod var i bedre form, satte han seg i bilen og kj\u00f8rte hjem<br \/>\ntil Sotra. Ida tenkte hun m\u00e5tte ringe og h\u00f8re hvordan det gikk \u2013 han hadde jo<br \/>\nen lang reisevei, og hun var nysgjerrig p\u00e5 hva han egentlig tenkte om<br \/>\nrelasjonen.<\/p>\n<p>&#8211; Jeg m\u00e5tte lufte st\u00e5a litt. Vi hadde ikke pratet s\u00e5 mye om<br \/>\nhva vi egentlig f\u00f8lte for hverandre. Tormod svarte at det hadde v\u00e6rt en<br \/>\nkjempefin opplevelse, men at han s\u00e5 for seg at det ville bli et for stort offer<br \/>\nfor meg \u00e5 flytte til han. Han er litt l\u00e5st der han bor, fordi han har en g\u00e5rd.<br \/>\nVi fant vel i grunnen ut at vi har litt for forskjellige liv, og kanskje at<br \/>\nkjemien ikke var helt slik vi skulle \u00f8nske, sier Ida, og legger til:<\/p>\n<p class=\"font-weight-bold m-font-weight-bold\" data-lab-font_weight=\"font-weight-bold\">&#8211; Jeg hadde jo tenkt at jeg kunne bes\u00f8ke Tormod, for \u00e5 gi<br \/>\ndet litt mer tid, men da valgte vi heller \u00e5 avslutte relasjonen. Men det var en<br \/>\nveldig morsom opplevelse, og jeg synes vi begge to var veldig modige.<\/p>\n<p>    <a itemprop=\"url\" href=\"https:\/\/www.kk.no\/livet\/jeg-skjonte-ikke-hvorfor-han-ikke-fikk-seg-kjaereste\/83476615\" rel=\"nofollow noopener\" target=\"_blank\"><\/p>\n<p>        <img loading=\"lazy\" decoding=\"async\" src=\"https:\/\/www.europesays.com\/no\/wp-content\/uploads\/2025\/12\/83476717.webp.webp\" width=\"980\" height=\"441\" title=\"- Jeg skj\u00f8nte ikke hvorfor han ikke fikk seg kj\u00e6reste\" alt=\"\" class=\"lazyload\" style=\"--aspect-ratio-image: 2.22; \"\/><\/p>\n<p>        &#8211; Jeg skj\u00f8nte ikke hvorfor han ikke fikk seg kj\u00e6reste<\/p>\n<p>    <\/a><\/p>\n<p>Endte godt<\/p>\n<p>Det ble alts\u00e5 ikke full klaff for paret som ble matchet p\u00e5<br \/>\nradioen. Men Ida kan avsl\u00f8re at hun ikke er singel lenger \u2013 i sommer m\u00f8tte hun nemlig<br \/>\nen fyr som viste seg \u00e5 v\u00e6re veldig \u00e5lreit.<\/p>\n<p>Det hele startet med at Ida var hos en venninne, og hun<br \/>\nsnakket om at hun var s\u00e5 innmari lei datingapper. Venninnen foreslo at hun<br \/>\nkunne hjelpe henne, og se p\u00e5 datingprofilen hennes.<\/p>\n<p>En liten stund f\u00f8r dette, hadde venninnen til Ida snakket om<br \/>\nen kollega. At de to hadde mange felles interesser, og at hun trodde de kunne<br \/>\nv\u00e6re en god match. Og s\u00e5 viste det seg at Ida og denne mannen allerede hadde<br \/>\nmatchet p\u00e5 datingappen Hinge.<\/p>\n<p>&#8211; Det viste seg at vi hadde utvekslet to ord med hverandre,<br \/>\ns\u00e5 hadde samtalen stoppet opp. Jeg hadde brukt to d\u00f8gn p\u00e5 \u00e5 svare p\u00e5 siste<br \/>\nmeldingen, s\u00e5 jeg skj\u00f8nner jo at han ikke orket \u00e5 svare da jeg brukte s\u00e5 lang<br \/>\ntid, ler Ida.<\/p>\n<p>Venninnen sendte melding til denne mannen, og sa at han var<br \/>\nn\u00f8dt til \u00e5 m\u00f8te Ida. <\/p>\n<p>&#8211; Da var han raskt p\u00e5 ballen og foreslo en dag. S\u00e5 jeg<br \/>\ntrengte virkelig den dytten fra venninnen min, sier Ida.<\/p>\n<p>    <a itemprop=\"url\" href=\"https:\/\/www.kk.no\/livet\/jeg-matte-ringe-til-presten-og-si-at-bryllupet-var-avlyst\/83932830\" rel=\"nofollow noopener\" target=\"_blank\"><\/p>\n<p>        <img loading=\"lazy\" decoding=\"async\" src=\"https:\/\/www.europesays.com\/no\/wp-content\/uploads\/2025\/12\/83913551.webp.webp\" width=\"980\" height=\"441\" title=\"- Jeg m\u00e5tte ringe til presten og si at bryllupet var avlyst\" alt=\"\" class=\"lazyload\" style=\"--aspect-ratio-image: 2.22; \"\/><\/p>\n<p>        &#8211; Jeg m\u00e5tte ringe til presten og si at bryllupet var avlyst<\/p>\n<p>    <\/a><\/p>\n<p>&#8211; Uvanlig bra<\/p>\n<p>Det ble full klaff. Fra f\u00f8rste date, var det i grunn de to.<\/p>\n<p>&#8211; Det har g\u00e5tt uvanlig bra. Det har v\u00e6rt veldig lite stress.<br \/>\nOfte har jeg en tendens til \u00e5 gruble mye og overtenke, men med han f\u00f8lte jeg at<br \/>\njeg kunne v\u00e6re meg selv. <\/p>\n<p>Tre m\u00e5neder inn i datingen bestemte de seg for \u00e5 dra p\u00e5<br \/>\nferietur til Nord-Norge i bobil. Og da sa han: \u00abVi har egentlig ikke pratet om det, og jeg har<br \/>\nikke spurt, men jeg f\u00f8ler vi er kj\u00e6rester\u00bb.<\/p>\n<p>&#8211; Vi har det veldig hyggelig sammen. Vi har mye til felles,<br \/>\nog han utfordrer meg til \u00e5 v\u00e6re t\u00f8ffere p\u00e5 tur i fjellet, p\u00e5 ski eller i havet.<\/p>\n<p>        <img loading=\"lazy\" decoding=\"async\" src=\"https:\/\/www.europesays.com\/no\/wp-content\/uploads\/2025\/12\/83944326.webp.webp\" width=\"686\" height=\"817\" title=\"KJ\u00c6RESTE: Ida har n\u00e5 funnet kj\u00e6rligheten. Foto: Privat\" alt=\"\" class=\"\" style=\"--aspect-ratio-image: 0.84; \"\/><\/p>\n<p>\n        KJ\u00c6RESTE: Ida har n\u00e5 funnet kj\u00e6rligheten. Foto: Privat\n    <\/p>\n<p>De to skal feire jul hver for seg, men de kommer til \u00e5 se<br \/>\nhverandre i l\u00f8pet av julen.<\/p>\n<p>&#8211; Denne julen blir annerledes og ekstra spesiell. Jeg har<br \/>\nalltid f\u00f8lt meg som Johanne i \u00abHjem til jul\u00bb, da jeg aldri har v\u00e6rt i et<br \/>\nseri\u00f8st forhold f\u00f8r, s\u00e5 dette blir min f\u00f8rste jul med kj\u00e6reste, smiler Ida.<\/p>\n<p>Selv om det endte godt for Ida, forteller hun at hun f\u00f8ler med alle single som f\u00f8ler seg ekstra ensomme n\u00e5 i julen.\u00a0<\/p>\n<p>&#8211; Man m\u00e5 ikke gi opp h\u00e5pet. Kos deg med familie og venner, og ikke stress med at du ikke har funnet din person enn\u00e5. Kanskje du kan legg ebort Tinder i januar, og pr\u00f8ve noe helt annet. Sp\u00f8rre en venn, eller starte med en ny hobby, foresl\u00e5r Ida.<\/p>\n<p>        <img loading=\"lazy\" decoding=\"async\" src=\"https:\/\/www.europesays.com\/no\/wp-content\/uploads\/2025\/12\/1767144086_874_81859885.webp.webp\" width=\"196\" height=\"155\" title=\"Har du et tips?\" alt=\"\" class=\"\" style=\"--aspect-ratio-image: 1.26; \"\/><\/p>\n<p>        Har du et tips?<\/p>\n<p class=\"subtitle\">Hei, jeg heter Ida Bergersen, og er journalist i KK. Har du et tips, en historie du vil fortelle eller et felt du mener vi b\u00f8r skrive om?<\/p>\n","protected":false},"excerpt":{"rendered":"Mange engasjerte seg i Live Nelviks jakt p\u00e5 \u00e5 matche et par i radioprogrammet \u00abJulestemning\u00bb, som hun har&hellip;\n","protected":false},"author":2,"featured_media":125217,"comment_status":"","ping_status":"","sticky":false,"template":"","format":"standard","meta":{"footnotes":""},"categories":[58],"tags":[1926,71,12267,13275,4016,30,28,29,72],"class_list":{"0":"post-125216","1":"post","2":"type-post","3":"status-publish","4":"format-standard","5":"has-post-thumbnail","7":"category-underholdning","8":"tag-dating","9":"tag-entertainment","10":"tag-julestemning","11":"tag-live-nelvik","12":"tag-livet","13":"tag-no","14":"tag-norge","15":"tag-norway","16":"tag-underholdning"},"share_on_mastodon":{"url":"https:\/\/pubeurope.com\/@no\/115811561231915196","error":""},"_links":{"self":[{"href":"https:\/\/www.europesays.com\/no\/wp-json\/wp\/v2\/posts\/125216","targetHints":{"allow":["GET"]}}],"collection":[{"href":"https:\/\/www.europesays.com\/no\/wp-json\/wp\/v2\/posts"}],"about":[{"href":"https:\/\/www.europesays.com\/no\/wp-json\/wp\/v2\/types\/post"}],"author":[{"embeddable":true,"href":"https:\/\/www.europesays.com\/no\/wp-json\/wp\/v2\/users\/2"}],"replies":[{"embeddable":true,"href":"https:\/\/www.europesays.com\/no\/wp-json\/wp\/v2\/comments?post=125216"}],"version-history":[{"count":0,"href":"https:\/\/www.europesays.com\/no\/wp-json\/wp\/v2\/posts\/125216\/revisions"}],"wp:featuredmedia":[{"embeddable":true,"href":"https:\/\/www.europesays.com\/no\/wp-json\/wp\/v2\/media\/125217"}],"wp:attachment":[{"href":"https:\/\/www.europesays.com\/no\/wp-json\/wp\/v2\/media?parent=125216"}],"wp:term":[{"taxonomy":"category","embeddable":true,"href":"https:\/\/www.europesays.com\/no\/wp-json\/wp\/v2\/categories?post=125216"},{"taxonomy":"post_tag","embeddable":true,"href":"https:\/\/www.europesays.com\/no\/wp-json\/wp\/v2\/tags?post=125216"}],"curies":[{"name":"wp","href":"https:\/\/api.w.org\/{rel}","templated":true}]}}