{"id":125218,"date":"2025-12-31T01:25:03","date_gmt":"2025-12-31T01:25:03","guid":{"rendered":"https:\/\/www.europesays.com\/no\/125218\/"},"modified":"2025-12-31T01:25:03","modified_gmt":"2025-12-31T01:25:03","slug":"dette-er-bare-toppen-av-et-isfjell","status":"publish","type":"post","link":"https:\/\/www.europesays.com\/no\/125218\/","title":{"rendered":"\u2013 Dette er bare toppen av et isfjell"},"content":{"rendered":"<p><strong>Det FBI beskriver som en av de st\u00f8rste svindelsakene knyttet til offentlige st\u00f8tteordninger i USA, kan bare v\u00e6re starten p\u00e5 noe langt st\u00f8rre.<\/strong><\/p>\n<p>I et innlegg p\u00e5<a href=\"https:\/\/x.com\/FBIDirectorKash\/status\/2005305530651189719\" rel=\"nofollow\"> X <\/a>opplyser FBI-sjef Kash Patel at byr\u00e5et allerede har avdekket en omfattende svindel verdt rundt 250 millioner dollar i delstaten Minnesota \u2013 penger som skulle g\u00e5tt til matst\u00f8tte for s\u00e5rbare barn under koronapandemien.<\/p>\n<p>\u2013 Det vi ser n\u00e5, er bare toppen av et veldig stort isfjell, skriver Patel.<\/p>\n<p>If\u00f8lge FBI ble etterforskningen satt i gang f\u00f8r saken <a href=\"https:\/\/inyheter.no\/29\/12\/2025\/barnehager-som-ikke-eksisterer-fbi-etterforsker-svindel-i-somalisk-miljo\/\" rel=\"nofollow noopener\" target=\"_blank\">eksploderte i sosiale medier<\/a>. Store ressurser og ekstra personell ble sendt til Minnesota for \u00e5 sl\u00e5 ned p\u00e5 det som beskrives som organiserte og systematiske bedragerier mot f\u00f8derale programmer.<\/p>\n<p>Etterforskningen avdekket falske leverand\u00f8rer, str\u00e5selskaper og omfattende hvitvasking av penger knyttet til nettverket \u00abFeeding Our Future\u00bb. Totalt har saken s\u00e5 langt f\u00f8rt til 78 tiltaler og 57 domfellelser.<\/p>\n<p>Blant de tiltalte er flere personer siktet for blant annet bedrageri, hvitvasking og konspirasjon. FBI opplyser ogs\u00e5 at enkelte fors\u00f8kte \u00e5 undergrave rettsprosessen. I ett tilfelle skal en jurymedlem ha blitt fors\u00f8kt bestukket med 120.000 dollar i kontanter.<\/p>\n<p>Flere av de ansvarlige har erkjent straffskyld og er d\u00f8mt til lange fengselsstraffer. I tilknyttede saker er det ilagt straffer p\u00e5 opptil ti \u00e5rs fengsel, samt krav om n\u00e6rmere 48 millioner dollar i tilbakebetaling.<\/p>\n<p>Samtidig varsler FBI at etterforskningen langt fra er over. Byr\u00e5et f\u00f8lger fortsatt pengestr\u00f8mmene, og Patel bekrefter at flere personer ogs\u00e5 er meldt til immigrasjonsmyndighetene for mulig tap av statsborgerskap og utvisning der regelverket \u00e5pner for det.<\/p>\n<p>\u2013 Svindel som stjeler fra skattebetalerne og rammer barn, vil forbli en toppprioritet for FBI \u2013 b\u00e5de i Minnesota og nasjonalt, skriver Patel.<\/p>\n","protected":false},"excerpt":{"rendered":"Det FBI beskriver som en av de st\u00f8rste svindelsakene knyttet til offentlige st\u00f8tteordninger i USA, kan bare v\u00e6re&hellip;\n","protected":false},"author":2,"featured_media":125219,"comment_status":"","ping_status":"","sticky":false,"template":"","format":"standard","meta":{"footnotes":""},"categories":[12],"tags":[20,21,2879,24,25,15,22,23,2119,13,30,28,29,14,16,1441,26,27,12069,42,43,44,45],"class_list":{"0":"post-125218","1":"post","2":"type-post","3":"status-publish","4":"format-standard","5":"has-post-thumbnail","7":"category-verden","8":"tag-breaking-news","9":"tag-breakingnews","10":"tag-fbi","11":"tag-featured-news","12":"tag-featurednews","13":"tag-headlines","14":"tag-latest-news","15":"tag-latestnews","16":"tag-minnesota","17":"tag-news","18":"tag-no","19":"tag-norge","20":"tag-norway","21":"tag-nyheter","22":"tag-overskrifter","23":"tag-svindel","24":"tag-top-stories","25":"tag-topstories","26":"tag-velferdsgoder","27":"tag-verden","28":"tag-world","29":"tag-world-news","30":"tag-worldnews"},"share_on_mastodon":{"url":"https:\/\/pubeurope.com\/@no\/115811576873420419","error":""},"_links":{"self":[{"href":"https:\/\/www.europesays.com\/no\/wp-json\/wp\/v2\/posts\/125218","targetHints":{"allow":["GET"]}}],"collection":[{"href":"https:\/\/www.europesays.com\/no\/wp-json\/wp\/v2\/posts"}],"about":[{"href":"https:\/\/www.europesays.com\/no\/wp-json\/wp\/v2\/types\/post"}],"author":[{"embeddable":true,"href":"https:\/\/www.europesays.com\/no\/wp-json\/wp\/v2\/users\/2"}],"replies":[{"embeddable":true,"href":"https:\/\/www.europesays.com\/no\/wp-json\/wp\/v2\/comments?post=125218"}],"version-history":[{"count":0,"href":"https:\/\/www.europesays.com\/no\/wp-json\/wp\/v2\/posts\/125218\/revisions"}],"wp:featuredmedia":[{"embeddable":true,"href":"https:\/\/www.europesays.com\/no\/wp-json\/wp\/v2\/media\/125219"}],"wp:attachment":[{"href":"https:\/\/www.europesays.com\/no\/wp-json\/wp\/v2\/media?parent=125218"}],"wp:term":[{"taxonomy":"category","embeddable":true,"href":"https:\/\/www.europesays.com\/no\/wp-json\/wp\/v2\/categories?post=125218"},{"taxonomy":"post_tag","embeddable":true,"href":"https:\/\/www.europesays.com\/no\/wp-json\/wp\/v2\/tags?post=125218"}],"curies":[{"name":"wp","href":"https:\/\/api.w.org\/{rel}","templated":true}]}}