{"id":125246,"date":"2025-12-31T03:50:12","date_gmt":"2025-12-31T03:50:12","guid":{"rendered":"https:\/\/www.europesays.com\/no\/125246\/"},"modified":"2025-12-31T03:50:12","modified_gmt":"2025-12-31T03:50:12","slug":"mindrearig-pagrepet-av-politiet-i-alta-sentrum-altaposten-no","status":"publish","type":"post","link":"https:\/\/www.europesays.com\/no\/125246\/","title":{"rendered":"(+) Mindre\u00e5rig p\u00e5grepet av politiet i Alta sentrum &#8211; altaposten.no"},"content":{"rendered":"<ol>\n<li><a href=\"https:\/\/news.google.com\/rss\/articles\/CBMikgFBVV95cUxQNHlzaGRLSlpnTVotQlYtSWlMaHR4NFEwMWZDaHZUM0xlQWhsY0toTFNDMHYyYXFJRG9OS2l6MkoyOGw1N2tOdVY2MTAta0tFc05weERRS1F2U0E1N2NQSXNNZkhocEc3RGYtZUZIUUZXRGt1MmZpTXppMDZ1VWczN0UzWC0xMzRRc1M1NjU4UUhzZw?oc=5\" target=\"_blank\" rel=\"nofollow noopener\">(+) Mindre\u00e5rig p\u00e5grepet av politiet i Alta sentrum<\/a>&nbsp;&nbsp;altaposten.no<\/li>\n<li><a href=\"https:\/\/news.google.com\/rss\/articles\/CBMipAFBVV95cUxONjllUU5NQU5UbktpZTN6QWM2dGNGOFBHZ3loY1VXZlJnajNVcU5YS3RrZ3FxeDdVTjZwS2dGbUxRM1hFWXQxandFXzdCeVkzRFFLMUUwZ21VS2dyZWh2bW5wQkNpcGw1SlZ0YlFGbVFCa0tRbG5hUWtGbWduWGRQT3h6MlpMYmJ1bmhRSjZ1aWt3UXFJdHFpTWtBeVF2b0dadld5bA?oc=5\" target=\"_blank\" rel=\"nofollow noopener\">(+) Rykket ut til kj\u00f8pesenter, ungdom tatt h\u00e5nd om av politiet etter voldshendelse<\/a>&nbsp;&nbsp;altaposten.no<\/li>\n<li><a href=\"https:\/\/news.google.com\/rss\/articles\/CBMie0FVX3lxTE1WNVRnWHdyanYyZ1VMc09yck9TU3RnTU1uZHpyNWhNVm1rRDI4anFGdm5xMTFmZnVoZUxlamtSTkRlWkxHck5YQ1B2bE8xZkhFby05YXU3ZlFxdG5BZE4wdjl2Y0tpZEdLeVcxYWZKRllvV3JoUnN3eVd6NA?oc=5\" target=\"_blank\" rel=\"nofollow noopener\">Politi, Hammerfest | Yppet til br\u00e5k og bortvist<\/a>&nbsp;&nbsp;Hammerfestingen<\/li>\n<li><a href=\"https:\/\/news.google.com\/rss\/articles\/CBMikAFBVV95cUxQNW5QSU1UNXhNSnZWYXF3b0daYXJFY2FhMjBKQkRnNlh4aVg2U1Jnem1Jalo2NmlFOWdET0xuTklGcUpHbW9uY3VjbjZ5MDZMNDA4TGw3RlBXWEZlOGNnZXFPQkg1RmhXVEp5VWNjV0FrMUdFclVpM2NESkFEdTBIdlVPbkVQdFRjVkc5UW9nODY?oc=5\" target=\"_blank\" rel=\"nofollow noopener\">(+) Voldshendelse i Alta sentrum: Gikk til angrep<\/a>&nbsp;&nbsp;altaposten.no<\/li>\n<li><a href=\"https:\/\/news.google.com\/rss\/articles\/CBMie0FVX3lxTFBnS1JQY2Q1QWF3LVNIZnNaRjVmcjk5X1NtSTVlcTZva2N0ZlEwdHZ3eHd2VDZRcHA1REZBSzhiTzk5TFhUTnZpSS1COHB4SnhVTWFxYWpxQ3BGZ3YzU3lGaG15NGUzWXRNT0k1d3dkakRWSzJQT3NzaHh1WQ?oc=5\" target=\"_blank\" rel=\"nofollow noopener\">(+) Egget til br\u00e5k i Hammerfest<\/a>&nbsp;&nbsp;altaposten.no<\/li>\n<\/ol>\n","protected":false},"excerpt":{"rendered":"(+) Mindre\u00e5rig p\u00e5grepet av politiet i Alta sentrum&nbsp;&nbsp;altaposten.no (+) Rykket ut til kj\u00f8pesenter, ungdom tatt h\u00e5nd om av&hellip;\n","protected":false},"author":2,"featured_media":94900,"comment_status":"","ping_status":"","sticky":false,"template":"","format":"standard","meta":{"footnotes":""},"categories":[10],"tags":[14770,20,21,24,25,15,22,23,13,30,28,29,14,16,468,285,26,27],"class_list":{"0":"post-125246","1":"post","2":"type-post","3":"status-publish","4":"format-standard","5":"has-post-thumbnail","7":"category-norge","8":"tag-alta-sentrum","9":"tag-breaking-news","10":"tag-breakingnews","11":"tag-featured-news","12":"tag-featurednews","13":"tag-headlines","14":"tag-latest-news","15":"tag-latestnews","16":"tag-news","17":"tag-no","18":"tag-norge","19":"tag-norway","20":"tag-nyheter","21":"tag-overskrifter","22":"tag-politiet","23":"tag-sentrum","24":"tag-top-stories","25":"tag-topstories"},"share_on_mastodon":{"url":"https:\/\/pubeurope.com\/@no\/115812147039703309","error":""},"_links":{"self":[{"href":"https:\/\/www.europesays.com\/no\/wp-json\/wp\/v2\/posts\/125246","targetHints":{"allow":["GET"]}}],"collection":[{"href":"https:\/\/www.europesays.com\/no\/wp-json\/wp\/v2\/posts"}],"about":[{"href":"https:\/\/www.europesays.com\/no\/wp-json\/wp\/v2\/types\/post"}],"author":[{"embeddable":true,"href":"https:\/\/www.europesays.com\/no\/wp-json\/wp\/v2\/users\/2"}],"replies":[{"embeddable":true,"href":"https:\/\/www.europesays.com\/no\/wp-json\/wp\/v2\/comments?post=125246"}],"version-history":[{"count":0,"href":"https:\/\/www.europesays.com\/no\/wp-json\/wp\/v2\/posts\/125246\/revisions"}],"wp:featuredmedia":[{"embeddable":true,"href":"https:\/\/www.europesays.com\/no\/wp-json\/wp\/v2\/media\/94900"}],"wp:attachment":[{"href":"https:\/\/www.europesays.com\/no\/wp-json\/wp\/v2\/media?parent=125246"}],"wp:term":[{"taxonomy":"category","embeddable":true,"href":"https:\/\/www.europesays.com\/no\/wp-json\/wp\/v2\/categories?post=125246"},{"taxonomy":"post_tag","embeddable":true,"href":"https:\/\/www.europesays.com\/no\/wp-json\/wp\/v2\/tags?post=125246"}],"curies":[{"name":"wp","href":"https:\/\/api.w.org\/{rel}","templated":true}]}}