{"id":125252,"date":"2025-12-31T04:26:23","date_gmt":"2025-12-31T04:26:23","guid":{"rendered":"https:\/\/www.europesays.com\/no\/125252\/"},"modified":"2025-12-31T04:26:23","modified_gmt":"2025-12-31T04:26:23","slug":"ganske-darlig-timing-fvn-no","status":"publish","type":"post","link":"https:\/\/www.europesays.com\/no\/125252\/","title":{"rendered":"(+) \u2013 Ganske d\u00e5rlig timing &#8211; fvn.no"},"content":{"rendered":"<ol>\n<li><a href=\"https:\/\/news.google.com\/rss\/articles\/CBMid0FVX3lxTFA5dDRBTFozUVcyczZTcEtxUXhPY1VfZGU0NHE4dGhLWTdzdHhiRkNrYmEwTjA2WGxaTy1Ebkx2QXJTVVptTzc5bThkM0tLMVF6NkNqWHBHVUZNaTNwdDBKS0d1QkNyMXVUSjZfajVjQ2M2U0FjTW9Z?oc=5\" target=\"_blank\" rel=\"nofollow noopener\">(+) \u2013 Ganske d\u00e5rlig timing<\/a>&nbsp;&nbsp;fvn.no<\/li>\n<li><a href=\"https:\/\/news.google.com\/rss\/articles\/CBMijwFBVV95cUxPeGp4a0RjM284a1VyTXFQQjl2WjVwVFlVZE02WC1sVlVfd0hPNk5VLTVYOGlmcl9od3paRXgxMVI3NF9sRDJseWdTVUlfXzB2aWRTOXE2YmJzSjdvLTdoTW9Eeldhc2FtMVNJSE90cWEyNnBIaHJoNnNSZENGSFpFR1pHSGNCaVBjLW1FTkJSZw?oc=5\" target=\"_blank\" rel=\"nofollow noopener\">Slik blir nytt\u00e5rsv\u00e6ret \u2013 f\u00f8r sprengkulden tar over<\/a>&nbsp;&nbsp;VG<\/li>\n<li><a href=\"https:\/\/news.google.com\/rss\/articles\/CBMilwFBVV95cUxNSDBybmF6dHlJMTJsZlU0Z0c2bGhDc21QaWtVbXhjb0tId09mazBvQ0lIdzZCN2lkMDBFTnNXUGZaX1hxdnRkZWVKdWs5YjNFU3lMdnRMa1k5dnlkRW1tci1zREY2dmJOelUtbGFmdVFMTVk3S0RnWENTU0o1aWFCNDdaQXEzenlGLWJkZTVVaVRJVDB5bVVr?oc=5\" target=\"_blank\" rel=\"nofollow noopener\">\u2013 Det er ikkje verdas beste v\u00earmelding<\/a>&nbsp;&nbsp;Bergens Tidende<\/li>\n<li><a href=\"https:\/\/news.google.com\/rss\/articles\/CBMigAFBVV95cUxPaVphdzdTRUlLbDhOVFZEVGFaTzY4WUhQb0hlUVppUzhESHpNRTVhRjZUaUplUWZhbnV0SlpMZmltU1dBWGZQUnVfSER2aXRuTzhRa2xEWXJuaVF0WUFRcWF6bWpCOVNMQmtpRkdnY3F5ZnFaQ3FOcUgySmtRcFVuWA?oc=5\" target=\"_blank\" rel=\"nofollow noopener\">Nedsl\u00e5ende nytt\u00e5rsbeskjed: \u2013 Vi forventer sn\u00f8<\/a>&nbsp;&nbsp;Drammens Tidende<\/li>\n<li><a href=\"https:\/\/news.google.com\/rss\/articles\/CBMitAFBVV95cUxPZ3lfU0tzaHRBU3R4d2gtUUVDRFVSem5BOXZSRmhnZUZGN1FxOE9QUzg4Z0JLOVdKVjFtNDVKNmx1MXp5WnRKMFJMdkpSc1NLNVJJdUlYNUd4SDhuUHUybE92dzNfM2hnRGFqcF9RX3NRVGF0MVY1X2l3MGVacjNiSHVOQjZCT3EtTlYyd0trdGZxTnI5NEJBSUxFeFJ3NmVOelVXUXlQak91Y2MwMExUcHpMVWk?oc=5\" target=\"_blank\" rel=\"nofollow noopener\">V\u00e6r, Meteorologisk institutt | Meteorologen med klar oppfordring f\u00f8r nytt\u00e5rsaften: \u2013 Folk b\u00f8r ta sine forholdsregler<\/a>&nbsp;&nbsp;Avisa Nordland<\/li>\n<\/ol>\n","protected":false},"excerpt":{"rendered":"(+) \u2013 Ganske d\u00e5rlig timing&nbsp;&nbsp;fvn.no Slik blir nytt\u00e5rsv\u00e6ret \u2013 f\u00f8r sprengkulden tar over&nbsp;&nbsp;VG \u2013 Det er ikkje verdas&hellip;\n","protected":false},"author":2,"featured_media":125253,"comment_status":"","ping_status":"","sticky":false,"template":"","format":"standard","meta":{"footnotes":""},"categories":[10],"tags":[1309,20,21,24,25,15,331,22,23,1202,13,30,28,29,14,13381,16,26,27,553],"class_list":{"0":"post-125252","1":"post","2":"type-post","3":"status-publish","4":"format-standard","5":"has-post-thumbnail","7":"category-norge","8":"tag-agder","9":"tag-breaking-news","10":"tag-breakingnews","11":"tag-featured-news","12":"tag-featurednews","13":"tag-headlines","14":"tag-kristiansand","15":"tag-latest-news","16":"tag-latestnews","17":"tag-meteorologisk-institutt","18":"tag-news","19":"tag-no","20":"tag-norge","21":"tag-norway","22":"tag-nyheter","23":"tag-nyttarsaften","24":"tag-overskrifter","25":"tag-top-stories","26":"tag-topstories","27":"tag-vaer"},"share_on_mastodon":{"url":"https:\/\/pubeurope.com\/@no\/115812288597270771","error":""},"_links":{"self":[{"href":"https:\/\/www.europesays.com\/no\/wp-json\/wp\/v2\/posts\/125252","targetHints":{"allow":["GET"]}}],"collection":[{"href":"https:\/\/www.europesays.com\/no\/wp-json\/wp\/v2\/posts"}],"about":[{"href":"https:\/\/www.europesays.com\/no\/wp-json\/wp\/v2\/types\/post"}],"author":[{"embeddable":true,"href":"https:\/\/www.europesays.com\/no\/wp-json\/wp\/v2\/users\/2"}],"replies":[{"embeddable":true,"href":"https:\/\/www.europesays.com\/no\/wp-json\/wp\/v2\/comments?post=125252"}],"version-history":[{"count":0,"href":"https:\/\/www.europesays.com\/no\/wp-json\/wp\/v2\/posts\/125252\/revisions"}],"wp:featuredmedia":[{"embeddable":true,"href":"https:\/\/www.europesays.com\/no\/wp-json\/wp\/v2\/media\/125253"}],"wp:attachment":[{"href":"https:\/\/www.europesays.com\/no\/wp-json\/wp\/v2\/media?parent=125252"}],"wp:term":[{"taxonomy":"category","embeddable":true,"href":"https:\/\/www.europesays.com\/no\/wp-json\/wp\/v2\/categories?post=125252"},{"taxonomy":"post_tag","embeddable":true,"href":"https:\/\/www.europesays.com\/no\/wp-json\/wp\/v2\/tags?post=125252"}],"curies":[{"name":"wp","href":"https:\/\/api.w.org\/{rel}","templated":true}]}}