{"id":125254,"date":"2025-12-31T04:39:10","date_gmt":"2025-12-31T04:39:10","guid":{"rendered":"https:\/\/www.europesays.com\/no\/125254\/"},"modified":"2025-12-31T04:39:10","modified_gmt":"2025-12-31T04:39:10","slug":"trump-truer-iran-vil-knuse-dem","status":"publish","type":"post","link":"https:\/\/www.europesays.com\/no\/125254\/","title":{"rendered":"Trump truer Iran: Vil knuse dem"},"content":{"rendered":"<p class=\"kicker \" style=\"\">\u00abHemmelig\u00bb Venezuela-angrep<\/p>\n<p>  En eksplosjon skal ha rystet Venezuela 18. desember. If\u00f8lge flere medier knyttes CIA til angrepet. &#8211; Det\u00a0var en kraftig eksplosjon, sier vitne til NBC.<\/p>\n<p>\n    R\u00d8PET ANGREP: President Donald Trump fortalte mandag om \u00aben stor eksplosjon i havneomr\u00e5det hvor de laster narkotika i b\u00e5tene\u00bb. Men han var sparsom med detaljene om angrepet som nylig skal ha rammet en havn i Venezuela. Foto: Alex Brandon \/ AP \/ NTB\n  <\/p>\n<p>Fredag kom president Donald Trump med en uvanlig beskjed under et radiointervju. Han annonserte nemlig at USA hadde gjennomf\u00f8rt et angrep i Venezuela tidligere i desember som offentligheten ikke visste noe om.\u00a0<\/p>\n<p>&#8211; Det var en stor eksplosjon i havneomr\u00e5det hvor de laster narkotika i b\u00e5tene, sa han, if\u00f8lge nyhetsbyr\u00e5et AP.<\/p>\n<p> Det vekket oppsikt, ettersom administrasjonen tidligere har g\u00e5tt offentlig ut og bekreftet angrep mot antatte smuglerb\u00e5ter kort tid etter at de har angrepet dem denne h\u00f8sten. <\/p>\n<p> Men dette angrepet skal ha skjedd inne i Venezuela, og dersom det stemmer, er dette den f\u00f8rste kjente v\u00e6pnede amerikanske operasjonen inne i landet siden Trump trappet opp presset mot det venezuelanske regimet. <\/p>\n<p>        GR\u00d8NT LYS: Trump-administrasjonen skal i hemmelighet ha gitt CIA tillatelse til \u00e5 utf\u00f8re skjulte operasjoner i Venezuela. Dette sier Trump om saken. Reporter: Edward Stenlund. Video: AP<\/p>\n<p>&#8211; En kraftig eksplosjon  <\/p>\n<p>To medlemmer av Venezuelas urfolksgruppe Wayuu i omr\u00e5det forteller <a href=\"https:\/\/www.nbcnews.com\/world\/south-america\/eyewitnesses-describe-mysterious-explosion-northwest-venezuela-rcna251606\" rel=\"nofollow noopener\" target=\"_blank\">NBC News<\/a> at de var vitne til det de beskriver som en uforklarlig eksplosjon 18. desember.<\/p>\n<p> Ana, et av vitnene, som ikke \u00f8nsket \u00e5 f\u00e5 etternavnet sitt brukt av frykt for represalier, forteller at hun var ute og fisket middag sammen med slektninger da eksplosjonen \u00f8dela en hytte som muligens ble brukt til lagring. <\/p>\n<p>&#8211; Jeg har aldri sett noe liknende, sa Ana, og la til at eksplosjonen var s\u00e5 kraftig at hun og slektningene ikke kunne h\u00f8re p\u00e5 flere timer.<\/p>\n<p>Hun mistenker at noen av slektningene fikk h\u00f8rselsskader, og sier at familiens b\u00e5t ble \u00f8delagt sammen med fiskegarnene. <\/p>\n<p>&#8211; Vi er enkle mennesker som fisker for \u00e5 overleve. Vi trenger hjelp for \u00e5 komme oss etter det vi har mistet, sier hun til kanalen.<\/p>\n<p>Det andre vitnet, som ogs\u00e5 er medlem av Wayuu-folket, bekreftet Anas historie i et telefonintervju.<\/p>\n<p>&#8211; Jeg vet ikke om det var et missil eller en rakett. Sannheten er at vi ikke vet hva det var. Men det var en kraftig eksplosjon, sier det andre vitnet kanalen snakket med.\u00a0<\/p>\n<p>    <a itemprop=\"url\" href=\"https:\/\/www.dagbladet.no\/nyheter\/trump-med-trussel-siste-gang\/84026420\" rel=\"nofollow noopener\" target=\"_blank\"><\/p>\n<p>        <img loading=\"lazy\" decoding=\"async\" src=\"https:\/\/www.europesays.com\/no\/wp-content\/uploads\/2025\/12\/1767155949_536_84021220.webp.webp\" width=\"980\" height=\"441\" title=\"Trump med trussel: - Siste gang\" alt=\"\" class=\"lazyload\" style=\"--aspect-ratio-image: 2.22; \"\/><\/p>\n<p>        Trump med trussel: &#8211; Siste gang<\/p>\n<p>    <\/a><\/p>\n<p>Medier: CIA sto bak<\/p>\n<p> If\u00f8lge flere medier, deriblant <a href=\"https:\/\/www.nytimes.com\/2025\/12\/30\/us\/politics\/trump-venezuela-drone-strike-attack.html\" rel=\"nofollow noopener\" target=\"_blank\">New York Times<\/a>\u00a0 og <a href=\"https:\/\/edition.cnn.com\/2025\/12\/29\/politics\/cia-drone-strike-venezuela\" rel=\"nofollow noopener\" target=\"_blank\">CNN<\/a>, skal det ha v\u00e6rt den amerikanske etterretningsorganisasjonen CIA som gjennomf\u00f8rte angrepet.<\/p>\n<p>De har ikke gjennomf\u00f8rt de andre angrepene denne h\u00f8sten mot b\u00e5ter som if\u00f8lge\u00a0Trump-administrasjonen frakter narkotika fra Venezuela til USA.<\/p>\n<p>CIA har avvist \u00e5 kommentere opplysninger om at de gjennomf\u00f8rte et droneangrep. Det hvite hus har ogs\u00e5 avst\u00e5tt fra \u00e5 kommentere annet enn Trumps uttalelser om mulige bakkeangrep i Venezuela.<\/p>\n<p> Steve Cohen, medlem av Etteretningskomiteen i Representantenes hus, som har ansvar for tilsyn med CIA, sier at Kongressen ikke ble informert om angrepet. <\/p>\n<p>&#8211; Overhodet ikke. Vi har ikke f\u00e5tt noen innsikt i det de holder p\u00e5 med i Stillehavet eller Karibia, sier Cohen til CNN.<\/p>\n<p>    <a itemprop=\"url\" href=\"https:\/\/www.dagbladet.no\/nyheter\/venezuela-raser-grovt-brudd\/84015658\" rel=\"nofollow noopener\" target=\"_blank\"><\/p>\n<p>        <img loading=\"lazy\" decoding=\"async\" src=\"https:\/\/www.europesays.com\/no\/wp-content\/uploads\/2025\/12\/1767155950_238_84015664.webp.webp\" width=\"980\" height=\"441\" title=\"Venezuela raser: - Grovt brudd\" alt=\"\" class=\"lazyload\" style=\"--aspect-ratio-image: 2.22; \"\/><\/p>\n<p>        Venezuela raser: &#8211; Grovt brudd<\/p>\n<p>    <\/a><\/p>\n<p>&#8211; Setter USA omd\u00f8mme i fare<\/p>\n<p>Han peker p\u00e5 at Trumps offentlige melding om angrepet var uvanlig.\u00a0<\/p>\n<p>&#8211; Det var litt merkelig. Vanligvis omtaler vi ikke CIA-aktiviteter offentlig. De er hemmelige. Og dette var den f\u00f8rste \u00e5pne kunngj\u00f8ringen av at CIA skal ha gjort noe i et annet land, der presidenten selv gikk ut med det, sier Cohen. <\/p>\n<p>Trump sa riktignok ikke at det var en CIA-operasjon, men det er alts\u00e5 flere amerikanske medier som knytter CIA til angrepet.<\/p>\n<p class=\"italic m-italic\" data-lab-italic=\"italic\">&#8211; Kan Trumps melding ha satt amerikanske operasjoner, CIA, operat\u00f8rer eller kilder og metoder i fare?<\/p>\n<p>&#8211; Det kunne det ha gjort, men det setter i alle fall USAs omd\u00f8mme i fare. Vi risikerer \u00e5 bli sett slik vi ble for hundre \u00e5r siden \u2013 som et uttrykk for yankee-imperialisme, der latinamerikanske land forakter USA, sier Cohen. <\/p>\n<p>Angivelig var angrepet rettet mot et havneanlegg hvor amerikanske myndigheter mener narkokartellet Tren de Aragua lagrer narkotika. Ingen skal ha blitt drept i droneangrepet.<\/p>\n<p>I l\u00f8pet av de siste m\u00e5nedene har USA gjennomf\u00f8rt en rekke angrep mot b\u00e5ter som if\u00f8lge Trump-administrasjonen frakter narkotika fra Venezuela til USA.<\/p>\n","protected":false},"excerpt":{"rendered":"\u00abHemmelig\u00bb Venezuela-angrep En eksplosjon skal ha rystet Venezuela 18. desember. If\u00f8lge flere medier knyttes CIA til angrepet. &#8211;&hellip;\n","protected":false},"author":2,"featured_media":125255,"comment_status":"","ping_status":"","sticky":false,"template":"","format":"standard","meta":{"footnotes":""},"categories":[12],"tags":[20,21,24,25,15,3228,52,22,23,13,30,28,29,14,16,26,27,766,412,42,43,44,45],"class_list":{"0":"post-125254","1":"post","2":"type-post","3":"status-publish","4":"format-standard","5":"has-post-thumbnail","7":"category-verden","8":"tag-breaking-news","9":"tag-breakingnews","10":"tag-featured-news","11":"tag-featurednews","12":"tag-headlines","13":"tag-iran","14":"tag-israel","15":"tag-latest-news","16":"tag-latestnews","17":"tag-news","18":"tag-no","19":"tag-norge","20":"tag-norway","21":"tag-nyheter","22":"tag-overskrifter","23":"tag-top-stories","24":"tag-topstories","25":"tag-trump","26":"tag-utenriks","27":"tag-verden","28":"tag-world","29":"tag-world-news","30":"tag-worldnews"},"share_on_mastodon":{"url":"https:\/\/pubeurope.com\/@no\/115812339719469283","error":""},"_links":{"self":[{"href":"https:\/\/www.europesays.com\/no\/wp-json\/wp\/v2\/posts\/125254","targetHints":{"allow":["GET"]}}],"collection":[{"href":"https:\/\/www.europesays.com\/no\/wp-json\/wp\/v2\/posts"}],"about":[{"href":"https:\/\/www.europesays.com\/no\/wp-json\/wp\/v2\/types\/post"}],"author":[{"embeddable":true,"href":"https:\/\/www.europesays.com\/no\/wp-json\/wp\/v2\/users\/2"}],"replies":[{"embeddable":true,"href":"https:\/\/www.europesays.com\/no\/wp-json\/wp\/v2\/comments?post=125254"}],"version-history":[{"count":0,"href":"https:\/\/www.europesays.com\/no\/wp-json\/wp\/v2\/posts\/125254\/revisions"}],"wp:featuredmedia":[{"embeddable":true,"href":"https:\/\/www.europesays.com\/no\/wp-json\/wp\/v2\/media\/125255"}],"wp:attachment":[{"href":"https:\/\/www.europesays.com\/no\/wp-json\/wp\/v2\/media?parent=125254"}],"wp:term":[{"taxonomy":"category","embeddable":true,"href":"https:\/\/www.europesays.com\/no\/wp-json\/wp\/v2\/categories?post=125254"},{"taxonomy":"post_tag","embeddable":true,"href":"https:\/\/www.europesays.com\/no\/wp-json\/wp\/v2\/tags?post=125254"}],"curies":[{"name":"wp","href":"https:\/\/api.w.org\/{rel}","templated":true}]}}