{"id":125256,"date":"2025-12-31T04:42:10","date_gmt":"2025-12-31T04:42:10","guid":{"rendered":"https:\/\/www.europesays.com\/no\/125256\/"},"modified":"2025-12-31T04:42:10","modified_gmt":"2025-12-31T04:42:10","slug":"det-er-joker-nord","status":"publish","type":"post","link":"https:\/\/www.europesays.com\/no\/125256\/","title":{"rendered":"\u2013 Det er joker nord"},"content":{"rendered":"\n<p class=\"_lead_o9xde_2 _lead_xtcu6_50 layout-component text-serif-m layout-normal text-serif-l layout-component layout-wide layout-padded _wide_17hqh_1 layout-padded\">Astrid \u00d8yre Slind (37) frykter Tour de Ski kan bli \u00f8delagt p\u00e5 nytt\u00e5rsaften. <\/p>\n<p><img alt=\"Astrid \u00d8yre Slind er forel\u00f8pig p\u00e5 andreplass i Tour de Ski.  Foto: MAXIM THORE \/ Bildbyr\u00e5n\" class=\"_image_qp4xg_65 layout-component layout-wide\" data-fullscreen- data-track-element-type=\"Article image fullscreen\" data-track-name=\"ImageFullscreen\" fetchpriority=\"high\" decoding=\"sync\" loading=\"eager\" height=\"4000\" itemprop=\"image\"  src=\"https:\/\/www.europesays.com\/no\/wp-content\/uploads\/2025\/12\/79711e73-97d9-4d75-bdb3-71b959873abe.jpeg\"  style=\"object-position:0% 0%\" width=\"6000\"\/>Astrid \u00d8yre Slind er forel\u00f8pig p\u00e5 andreplass i Tour de Ski.  Foto: MAXIM THORE \/ Bildbyr\u00e5n<\/p>\n<ul aria-hidden=\"true\" class=\"_images_ntbth_112\">\n<li><a class=\"_link_ntbth_117\" href=\"https:\/\/www.vg.no\/forfatter\/herman-folvik\" style=\"z-index:2\" title=\"Herman Folvik\" rel=\"nofollow noopener\" target=\"_blank\"><img alt=\"Bilde av Herman Folvik\" class=\"_image_ntbth_93\" fetchpriority=\"low\" loading=\"lazy\" decoding=\"async\" itemprop=\"image\"  src=\"https:\/\/www.europesays.com\/no\/wp-content\/uploads\/2025\/12\/1767156129_173_b8d5eb91-9fa9-460c-b9f0-da310ffe35dd.png\"  width=\"480\"\/><\/a><\/li>\n<li><a class=\"_link_ntbth_117\" href=\"https:\/\/www.vg.no\/forfatter\/mikal-aaserud\" style=\"z-index:1\" title=\"Mikal Emil Aaserud\" rel=\"nofollow noopener\" target=\"_blank\"><img alt=\"Bilde av Mikal Emil Aaserud\" class=\"_image_ntbth_93\" fetchpriority=\"low\" loading=\"lazy\" decoding=\"async\" itemprop=\"image\"  src=\"https:\/\/www.europesays.com\/no\/wp-content\/uploads\/2025\/12\/1767156130_930_1f4bb18c-b7b1-46ba-9b49-79ae6afd7bbd.jpeg\"  width=\"480\"\/><\/a><\/li>\n<\/ul>\n<p>Toblach, Italia  Oppdatert onsdag 31. desember kl. 04:59    <\/p>\n<ul class=\"_list_o9xde_3 _list_64s2r_85 _unordered_o9xde_106 text-sans-m\">\n<li class=\"_item_o9xde_30\">Astrid \u00d8yre Slind synes lite om \u00f8velsen som skal g\u00e5s i Tour de Ski p\u00e5 nytt\u00e5rsaften.<\/li>\n<li class=\"_item_o9xde_30\">Den nye 5 km sk\u00f8ytingen er mislykket, mener Slind.<\/li>\n<li class=\"_item_o9xde_30\">Hun f\u00e5r st\u00f8tte av Emil Iversen og andre norske ut\u00f8vere som uttrykker skepsis mot det nye formatet.<\/li>\n<\/ul>\n<p>Vis mer <\/p>\n<p class=\"_paragraph_o9xde_4 _paragraph_xtcu6_10 layout-component text-serif-m layout-normal text-serif-m layout-padded\">\u2013 Den distansen var s\u00e5pass mislykket i Toppidrettsveka (rulleski-l\u00f8p p\u00e5 sommeren) at de kunne droppet det n\u00e5, sier Slind.<\/p>\n<p class=\"_paragraph_o9xde_4 _paragraph_xtcu6_10 layout-component text-serif-m layout-normal text-serif-m layout-padded\">Den tredje etappen av denne sesongens Tour de Ski er 5 kilometer sk\u00f8yting. F\u00f8rst ut er herrene fra klokken 11.30. Det skal v\u00e6re fire heat med 20\u201325 l\u00f8pere i hvert av dem. Sluttidene i m\u00e5l blir gjort om til en felles resultatliste.<\/p>\n<p class=\"_paragraph_o9xde_4 _paragraph_xtcu6_10 layout-component text-serif-m layout-normal text-serif-m layout-padded\">Det er f\u00f8rste gang \u00f8velsen testes i verdenscupen. Det eneste fors\u00f8ket fra f\u00f8r var under Toppidrettsveka p\u00e5 rulleski i Trondheim i august.<\/p>\n<p class=\"_paragraph_o9xde_4 _paragraph_xtcu6_10 layout-component text-serif-m layout-normal text-serif-m layout-padded\">\u2013 Det er joker nord. Man kan v\u00e6re i kjempeform, men kan f\u00e5 l\u00f8pet \u00f8delagt. Det er to flate kilometer i starten og da vil mange henge med p\u00e5 farten. Mange vil nok frem. Da blir det trangt og det kan potensielt skje mye. Det er jeg nerv\u00f8s for, sier Slind.<\/p>\n<p> Tour de Ski (2 av 6 etapper)<\/p>\n<p class=\"_paragraph_o9xde_4 _paragraph_xtcu6_10 _paragraph_16v91_10 layout-component text-serif-m layout-normal text-sans-m layout-padded\"><strong class=\"_strong_o9xde_25\">Kvinner:<\/strong><\/p>\n<p class=\"_paragraph_o9xde_4 _paragraph_xtcu6_10 _paragraph_16v91_10 layout-component text-serif-m layout-normal text-sans-m layout-padded\">1) Diggins, 27.45, 2) \u00d8yre Slind, 0.39 min. bak, 3) Coletta Rydzek, Tyskland 0.45, 4) Stadlober 0.52, 5) Ilar 0.53, 6) Dahlqvist 1.01.<\/p>\n<p class=\"_paragraph_o9xde_4 _paragraph_xtcu6_10 _paragraph_16v91_10 layout-component text-serif-m layout-normal text-sans-m layout-padded\">\u00d8vrige norske: 12) Drivenes, 1.28, 14) Weng 1.33, 18) Fosn\u00e6s 1.44, 24) Simpson-Larsen 1.53, 25) Ingebrigtsen 1.53, 33) Stav\u00e5s Skistad 2.20, 34) Sanness 2.20, 62) Ingrid Bergene Aabrekk 3.24.<\/p>\n<p class=\"_paragraph_o9xde_4 _paragraph_xtcu6_10 _paragraph_16v91_10 layout-component text-serif-m layout-normal text-sans-m layout-padded\"><strong class=\"_strong_o9xde_25\">Menn: <\/strong><\/p>\n<p class=\"_paragraph_o9xde_4 _paragraph_xtcu6_10 _paragraph_16v91_10 layout-component text-serif-m layout-normal text-sans-m layout-padded\">1) Kl\u00e6bo 23.46, 2) Heggen 0.53 min. bak, 3) Amundsen 0.57, 4) Anger 0.59, 5) Stenshagen 1.01, 6) Benjamin Moser, \u00d8sterrike 1.08.<\/p>\n<p class=\"_paragraph_o9xde_4 _paragraph_xtcu6_10 _paragraph_16v91_10 layout-component text-serif-m layout-normal text-sans-m layout-padded\">\u00d8vrige norske: 7) Iversen 1.12, 8) Valnes 1.16, 31) Ree, 2.18, 39) Kr\u00fcger 2.22, 56) Vike 2.48, 61) Evensen 2.51.<\/p>\n<p>Vis mer<\/p>\n<p class=\"_paragraph_o9xde_4 _paragraph_xtcu6_10 layout-component text-serif-m layout-normal text-serif-m layout-padded\">Hun frykter at TV-seerne vil forst\u00e5 sv\u00e6rt lite underveis. <\/p>\n<p class=\"_paragraph_o9xde_4 _paragraph_xtcu6_10 layout-component text-serif-m layout-normal text-serif-m layout-padded\">\u2013 Det var kaos i Toppidrettsveka. Det var vanskelig \u00e5 se hvem som vant og litt tilfeldig hvem som gikk fort. Noen var veldig heldige med hvem de var i felt med. Det er mye x-faktorer i en tour, synes Slind.<\/p>\n<p class=\"_paragraph_o9xde_4 _paragraph_xtcu6_10 layout-component text-serif-m layout-normal text-serif-m layout-padded\">\u2013 Det var s\u00e5pass mislykket i Toppidrettsveka at de kunne droppet det n\u00e5, sl\u00e5r hun fast.<\/p>\n<p class=\"_paragraph_o9xde_4 _paragraph_xtcu6_10 layout-component text-serif-m layout-normal text-serif-m layout-padded\">\u2013 Hvorfor er du s\u00e5 kritisk n\u00e5r du ikke har testet det p\u00e5 sn\u00f8 f\u00f8r?<\/p>\n<p class=\"_paragraph_o9xde_4 _paragraph_xtcu6_10 layout-component text-serif-m layout-normal text-serif-m layout-padded\">\u2013 S\u00e5nn det var i Toppidrettsveka er det ingen grunn til \u00e5 tro at det skal v\u00e6re annerledes p\u00e5 ski. Jeg synes det var veldig vanskelig \u00e5 f\u00f8lge med p\u00e5. Jeg kan ski og f\u00f8lger mye med, men det var fortsatt vanskelig \u00e5 se hvem som vant. Konseptet var kaotisk, svarer Slind.<\/p>\n<p class=\"_paragraph_o9xde_4 _paragraph_xtcu6_10 layout-component text-serif-m layout-normal text-serif-m layout-padded\">De fleste nordmennene har minimal tro p\u00e5 \u00f8velsen:<\/p>\n<p class=\"_paragraph_o9xde_4 _paragraph_xtcu6_10 layout-component text-serif-m layout-normal text-serif-m layout-padded\">\u2013 Jeg synes det er veldig rart. Kjedelig \u00e5 bruke en tour-etappe p\u00e5 et pr\u00f8veprosjekt, som overhodet ikke fungerte i Toppidrettsveka. Det er urettferdig hvem man havner i heat med, og det er i hvert fall umulig \u00e5 skj\u00f8nne for publikum, sier Emil Iversen.<\/p>\n<p class=\"_paragraph_o9xde_4 _paragraph_xtcu6_10 layout-component text-serif-m layout-normal text-serif-m layout-padded\">\u2013 Det er vanskelig \u00e5 se hvor vi vil med det formatet. Det er mye usikkerhet. Jeg sliter med \u00e5 se hensikten. Jeg er spent, men f\u00e5r gi det et fors\u00f8k f\u00f8r man totalslakter det, sier Mattis Stenshagen.<\/p>\n<p class=\"_paragraph_o9xde_4 _paragraph_xtcu6_10 layout-component text-serif-m layout-normal text-serif-m layout-padded\">\u2013 Jeg skj\u00f8nner ikke helt poenget n\u00e5r det bare er seks etapper i touren. Samtidig tenker jeg at da f\u00e5r FISFISDet internasjonale skiforbundet som organiserer verdenscupen i langrenn og andre skiarrangementer. testet det ut. Vi m\u00e5 gj\u00f8re det beste ut av det, sier Heidi Weng.<\/p>\n<p class=\"_paragraph_o9xde_4 _paragraph_xtcu6_10 layout-component text-serif-m layout-normal text-serif-m layout-padded\">Harald \u00d8stberg Amundsen og Johannes H\u00f8sflot Kl\u00e6bo pr\u00f8ver kanskje \u00e5 v\u00e6re en smule mer \u00e5pen for \u00e5 gi det et fors\u00f8k.<\/p>\n<p class=\"_paragraph_o9xde_4 _paragraph_xtcu6_10 layout-component text-serif-m layout-normal text-serif-m layout-padded\">\u2013 Jeg pr\u00f8ver \u00e5 v\u00e6re \u00e5pensinnet. Men det vil ikke skille s\u00e5 mye, da blir jeg overrasket, sier Amundsen. <\/p>\n<p class=\"_paragraph_o9xde_4 _paragraph_xtcu6_10 layout-component text-serif-m layout-normal text-serif-m layout-padded\">\u2013 Det er spennende, ingen vet hva man skal g\u00e5, sier Kl\u00e6bo. <\/p>\n<p class=\"_paragraph_o9xde_4 _paragraph_xtcu6_10 layout-component text-serif-m layout-normal text-serif-m layout-padded\">\u2013 Det er vanskelig \u00e5 slakte det f\u00f8r man har pr\u00f8vd, men jeg er spent p\u00e5 hvordan den gjennomsnittlige TV-seer skal forst\u00e5 dette. Til og med vi vet ikke hva vi skal gj\u00f8re enn\u00e5, legger Kl\u00e6bo til.<\/p>\n<p class=\"_paragraph_o9xde_4 _paragraph_xtcu6_10 layout-component text-serif-m layout-normal text-serif-m layout-padded\">Tidligere i touren har programmet <a href=\"https:\/\/www.vg.no\/sport\/i\/n1aB9d\/tour-de-ski-programmet-skal-vi-staa-her-hvert-aar-klage-paa-noe\" data-track-element-type=\"Link\" data-track-id=\"link:n1aB9d\" class=\"_link_o9xde_39\" rel=\"nofollow noopener\" target=\"_blank\">blitt kritisert nok en gang. <\/a>Aldri f\u00f8r har det v\u00e6rt en kortere tour for herrene. <\/p>\n<p class=\"_paragraph_o9xde_4 _paragraph_xtcu6_10 layout-component text-serif-m layout-normal text-serif-m layout-padded\"><a href=\"https:\/\/vglive.vg.no\/program\/ski\" class=\"_link_o9xde_39\" rel=\"nofollow noopener\" target=\"_blank\">Herrene g\u00e5r 11.30 og kvinnene 14.30 p\u00e5 nytt\u00e5rsaften. <\/a><\/p>\n","protected":false},"excerpt":{"rendered":"Astrid \u00d8yre Slind (37) frykter Tour de Ski kan bli \u00f8delagt p\u00e5 nytt\u00e5rsaften. Astrid \u00d8yre Slind er forel\u00f8pig&hellip;\n","protected":false},"author":2,"featured_media":125257,"comment_status":"","ping_status":"","sticky":false,"template":"","format":"standard","meta":{"footnotes":""},"categories":[59],"tags":[6850,30,28,29,83,82,12662,399],"class_list":{"0":"post-125256","1":"post","2":"type-post","3":"status-publish","4":"format-standard","5":"has-post-thumbnail","7":"category-sport","8":"tag-astrid-oyre-slind","9":"tag-no","10":"tag-norge","11":"tag-norway","12":"tag-sport","13":"tag-sports","14":"tag-tour-de-ski","15":"tag-vintersport"},"share_on_mastodon":{"url":"https:\/\/pubeurope.com\/@no\/115812351566399877","error":""},"_links":{"self":[{"href":"https:\/\/www.europesays.com\/no\/wp-json\/wp\/v2\/posts\/125256","targetHints":{"allow":["GET"]}}],"collection":[{"href":"https:\/\/www.europesays.com\/no\/wp-json\/wp\/v2\/posts"}],"about":[{"href":"https:\/\/www.europesays.com\/no\/wp-json\/wp\/v2\/types\/post"}],"author":[{"embeddable":true,"href":"https:\/\/www.europesays.com\/no\/wp-json\/wp\/v2\/users\/2"}],"replies":[{"embeddable":true,"href":"https:\/\/www.europesays.com\/no\/wp-json\/wp\/v2\/comments?post=125256"}],"version-history":[{"count":0,"href":"https:\/\/www.europesays.com\/no\/wp-json\/wp\/v2\/posts\/125256\/revisions"}],"wp:featuredmedia":[{"embeddable":true,"href":"https:\/\/www.europesays.com\/no\/wp-json\/wp\/v2\/media\/125257"}],"wp:attachment":[{"href":"https:\/\/www.europesays.com\/no\/wp-json\/wp\/v2\/media?parent=125256"}],"wp:term":[{"taxonomy":"category","embeddable":true,"href":"https:\/\/www.europesays.com\/no\/wp-json\/wp\/v2\/categories?post=125256"},{"taxonomy":"post_tag","embeddable":true,"href":"https:\/\/www.europesays.com\/no\/wp-json\/wp\/v2\/tags?post=125256"}],"curies":[{"name":"wp","href":"https:\/\/api.w.org\/{rel}","templated":true}]}}