{"id":125258,"date":"2025-12-31T04:47:04","date_gmt":"2025-12-31T04:47:04","guid":{"rendered":"https:\/\/www.europesays.com\/no\/125258\/"},"modified":"2025-12-31T04:47:04","modified_gmt":"2025-12-31T04:47:04","slug":"skal-ha-handlet-alene","status":"publish","type":"post","link":"https:\/\/www.europesays.com\/no\/125258\/","title":{"rendered":"&#8211; Skal ha handlet alene"},"content":{"rendered":"<p class=\"kicker text-red color_mobile_text-red\" style=\"\">Australsk politi:<\/p>\n<p>  En far og en s\u00f8nn som er siktet etter masseskytingen ved Bondi Beach i Australia 14. desember, var ikke del av en st\u00f8rre terrorcelle, opplyser politiet.<\/p>\n<p>\n    Her blir den ene gjerningsmannen avv\u00e6pnet av Ahmed al-Ahmed. Foto: Pa Photos \/ NTB\n  <\/p>\n<p>\u2013 Disse personene skal ha handlet alene, sa politimester Krissy Barrett ved Australian Federal Police til journalister tirsdag.<\/p>\n<p>15 personer ble drept i angrepet mot en hanukka-markering p\u00e5 Bondi Beach i Sydney 14. desember. Hendelsen etterforskes som et terrorangrep som var rettet mot j\u00f8der.<\/p>\n<p>Den ene antatte gjerningsmannen, 50 \u00e5r gamle Sajid Akram, ble skutt og drept av politi p\u00e5 stedet. Den andre antatte gjerningsmannen er hans 24 \u00e5r gamle s\u00f8nn Naveed. 24-\u00e5ringen ble ogs\u00e5 skutt, men overlevde.<\/p>\n<p>Etterforskerne opplyste rett f\u00f8r jul at de har funnet en videofil p\u00e5 telefonen til en av de siktede som viser de to sittende foran et IS-flagg, der de resiterer et avsnitt fra Koranen og kommer med uttalelser om sin motivasjon for angrepet.<\/p>\n<p>Rettsdokumenter viser samtidig at de skal ha ford\u00f8mt \u00absionister\u00bb i en video f\u00f8r skytingen.<\/p>\n<p>Naveed Akram ble overf\u00f8rt fra sykehus til fengsel to dager f\u00f8r julaften. Han er siktet for 59 lovbrudd, inkludert terror og 15 drap.<\/p>\n","protected":false},"excerpt":{"rendered":"Australsk politi: En far og en s\u00f8nn som er siktet etter masseskytingen ved Bondi Beach i Australia 14.&hellip;\n","protected":false},"author":2,"featured_media":125259,"comment_status":"","ping_status":"","sticky":false,"template":"","format":"standard","meta":{"footnotes":""},"categories":[12],"tags":[47,20,21,24,25,15,22,23,13,30,28,29,14,16,3686,26,27,42,43,44,45],"class_list":{"0":"post-125258","1":"post","2":"type-post","3":"status-publish","4":"format-standard","5":"has-post-thumbnail","7":"category-verden","8":"tag-australia","9":"tag-breaking-news","10":"tag-breakingnews","11":"tag-featured-news","12":"tag-featurednews","13":"tag-headlines","14":"tag-latest-news","15":"tag-latestnews","16":"tag-news","17":"tag-no","18":"tag-norge","19":"tag-norway","20":"tag-nyheter","21":"tag-overskrifter","22":"tag-terror","23":"tag-top-stories","24":"tag-topstories","25":"tag-verden","26":"tag-world","27":"tag-world-news","28":"tag-worldnews"},"share_on_mastodon":{"url":"https:\/\/pubeurope.com\/@no\/115812371200821060","error":""},"_links":{"self":[{"href":"https:\/\/www.europesays.com\/no\/wp-json\/wp\/v2\/posts\/125258","targetHints":{"allow":["GET"]}}],"collection":[{"href":"https:\/\/www.europesays.com\/no\/wp-json\/wp\/v2\/posts"}],"about":[{"href":"https:\/\/www.europesays.com\/no\/wp-json\/wp\/v2\/types\/post"}],"author":[{"embeddable":true,"href":"https:\/\/www.europesays.com\/no\/wp-json\/wp\/v2\/users\/2"}],"replies":[{"embeddable":true,"href":"https:\/\/www.europesays.com\/no\/wp-json\/wp\/v2\/comments?post=125258"}],"version-history":[{"count":0,"href":"https:\/\/www.europesays.com\/no\/wp-json\/wp\/v2\/posts\/125258\/revisions"}],"wp:featuredmedia":[{"embeddable":true,"href":"https:\/\/www.europesays.com\/no\/wp-json\/wp\/v2\/media\/125259"}],"wp:attachment":[{"href":"https:\/\/www.europesays.com\/no\/wp-json\/wp\/v2\/media?parent=125258"}],"wp:term":[{"taxonomy":"category","embeddable":true,"href":"https:\/\/www.europesays.com\/no\/wp-json\/wp\/v2\/categories?post=125258"},{"taxonomy":"post_tag","embeddable":true,"href":"https:\/\/www.europesays.com\/no\/wp-json\/wp\/v2\/tags?post=125258"}],"curies":[{"name":"wp","href":"https:\/\/api.w.org\/{rel}","templated":true}]}}