{"id":125269,"date":"2025-12-31T06:15:13","date_gmt":"2025-12-31T06:15:13","guid":{"rendered":"https:\/\/www.europesays.com\/no\/125269\/"},"modified":"2025-12-31T06:15:13","modified_gmt":"2025-12-31T06:15:13","slug":"psykiatrien-mangler-sengeplasser-en-absurd-situasjon-2","status":"publish","type":"post","link":"https:\/\/www.europesays.com\/no\/125269\/","title":{"rendered":"Psykiatrien mangler sengeplasser: \u2013 En absurd situasjon"},"content":{"rendered":"<p>Et klart m\u00f8nster tegner seg p\u00e5 tvers av landet.<\/p>\n<p>Listen over personer som d\u00f8mmes til tvungent psykisk helsevern blir stadig lenger.<\/p>\n<p>Samtidig har tallet p\u00e5 <a href=\"https:\/\/www.ht.no\/i\/ArdBRM\" rel=\"nofollow noopener\" target=\"_blank\">psykiatriske sengeplasser stupt.<\/a><\/p>\n<p>N\u00e5 er kapasiteten sprengt:<\/p>\n<p>\u2013 Vi har kommet dit at sengeplassene er fylt opp av personer id\u00f8mt tvungen psykisk helsevern, slik at andre psykisk syke ikke f\u00e5r adekvat behandling, sier f\u00f8rstestatsadvokat Hugo Henstein i Troms og Finnmark.<\/p>\n<p><strong>\u2013 Det har gitt oss den absurde situasjonen at du i dag lettest f\u00e5r adekvat behandling gjennom f\u00f8rst \u00e5 beg\u00e5 alvorlig og farlig kriminalitet. Det er ikke verdig for de psykisk syke eller de som utsettes for deres handlinger.<\/strong><\/p>\n<p><strong>\u2013 At dette kan utgj\u00f8re en fare, er klart.<\/strong><\/p>\n<p>Flere statsadvokater varsler at psykisk sykdom i \u00f8kende grad tar opp mer kapasitet i arbeidet til politiet og p\u00e5talemyndigheten.<\/p>\n<p>\u2013 Holdningen er at dette langt p\u00e5 vei skjer fordi psykiatrien beklageligvis ikke er rustet til dette selv, sier statsadvokat Jogeir Nogva i M\u00f8re og Romsdal.<\/p>\n<p><img decoding=\"async\" src=\"data:image\/gif;base64,R0lGODlhEAAJAIAAAP\/\/\/wAAACH5BAEAAAAALAAAAAAQAAkAAAIKhI+py+0Po5yUFQA7\" alt=\"\"\/><br \/>\n  Eirik Stolt-Nielsen f\u00f8rstestatsadvokat i Hordaland, Sogn og Fjordane.<br \/>\n  <strong>Foto:<\/strong> Paul S. Amundsen \/ VG\u00c5penbar mangel<\/p>\n<p>For \u00e5 unders\u00f8ke konsekvensene av kutt i antall sengeplasser, har VG stilt de samme sp\u00f8rsm\u00e5lene til alle landets statsadvokatembeter.<\/p>\n<p>Vi har blant annet spurt:<\/p>\n<ul class=\"List\">\n<li>\n<p>Har statsadvokaten det siste \u00e5ret f\u00f8rt saker der en alvorlig psykisk syk gjerningsperson burde hatt en sengeplass i psykiatrien, men ikke har hatt det?<\/p>\n<\/li>\n<li>\n<p>Opplever statsadvokaten at det er en mangel p\u00e5 sengeplasser for psykisk syke personer som kan utgj\u00f8re en fare for samfunnet?<\/p>\n<\/li>\n<\/ul>\n<p>VG har f\u00e5tt svar fra ni av ti statsadvokatembeter.<\/p>\n<p><strong>Tilbakemeldingene er krystallklare:<\/strong><\/p>\n<ul class=\"List\">\n<li>\n<p>Syv av ni sier at de har sett en klar \u00f8kning i saker med psykisk syke tiltalte som ikke har f\u00e5tt adekvat oppf\u00f8lging i helsevesenet.<\/p>\n<\/li>\n<li>\n<p>Fem av ni sier at de har hatt saker der de har ment at den tiltalte skulle hatt d\u00f8gnplass i psykiatrien f\u00f8r den alvorlige handlingen ble beg\u00e5tt.<\/p>\n<\/li>\n<\/ul>\n<p>\u2013 Det er \u00e5penbart en mangel p\u00e5 sengeplasser basert p\u00e5 signaler vi mottar fra<br \/>\nbehandlingsapparatet og politiet, svarer Eirik Stolt-Nielsen, som er f\u00f8rstestatsadvokat i Hordaland, Sogn og Fjordane.<\/p>\n<p>Statsadvokat i Oslo Cecilie Schl\u00f8sser M\u00f8ller er bekymret:<\/p>\n<p>\u2013 Vi har stadig saker der alvorlige psykisk syke personer ikke har f\u00e5tt den behandlingen de burde hatt av helsevesenet. Det st\u00f8rste problemet med mangelen p\u00e5 sengeplasser er etter v\u00e5rt syn at mange ikke blir utredet ordentlig. De tvangsinnlegges akutt, men skrives ut straks de ikke lenger er suicidale eller utgj\u00f8r en for andre, sier hun.<\/p>\n<p><img decoding=\"async\" src=\"data:image\/gif;base64,R0lGODlhEAAJAIAAAP\/\/\/wAAACH5BAEAAAAALAAAAAAQAAkAAAIKhI+py+0Po5yUFQA7\" alt=\"\"\/><br \/>\n  Statsadvokat i Oslo Cecilie Schl\u00f8sser M\u00f8ller<br \/>\n  <strong>Foto:<\/strong> Mattis Sandblad \/ VG<\/p>\n<p>M\u00f8ller sier at det ikke n\u00f8dvendigvis er riktig at alle skulle hatt permanent d\u00f8gnplass p\u00e5 instutisjon &#8211; men flere skulle blitt tvangsmedisinert og hatt tettere oppf\u00f8lging.<\/p>\n<p>Statsadvokaten gir f\u00f8lgende eksempler p\u00e5 konkrete saker hun har f\u00f8rt i retten, beskrevet med hennes ord:<\/p>\n<p>Og denne fra 2024:<\/p>\n<p>F\u00e5r hjelp etter kriminell handling er beg\u00e5tt<\/p>\n<p>Statsadvokatene understreker at det er vanskelig \u00e5 gi eksakte tall, men peker p\u00e5 mange av de samme utfordringene:<\/p>\n<p>En av utfordringene er at sykehusene er p\u00e5lagt \u00e5 ta imot personer som er id\u00f8mt tvungen psykisk helsevern.<\/p>\n<p>Det gj\u00f8r at andre psykisk syke personer risikerer \u00e5 ikke f\u00e5 tilstrekkelig hjelp.<\/p>\n<p>F\u00f8rstestatsadvokat i Nordland, Hilde Stoltenberg, peker p\u00e5 samme utfordring:<\/p>\n<p>\u2013 \u00c5rsakene til at manglende helsehjelp ikke gis tidsnok kan v\u00e6re s\u00e5 mange, f.eks. at sykdom ikke kommer til overflaten f\u00f8r det er \u00abfor sent\u00bb, med andre ord ikke f\u00f8r en sv\u00e6rt alvorlig hendelse inntrer.<\/p>\n<p>\u2013 Tidsnok helsehjelp kunne ha avverget en straffbar l\u00f8pebane for enkelte mennesker, sier hun.<\/p>\n<p>\u2013 Inn og ut av psykiatrien<\/p>\n<p>Flere av statsadvokatene nevner at personer som d\u00f8mmes til tvungen psykisk helsevern, ofte har hatt flere kortvarige tvangsinnleggelser.<\/p>\n<p>F\u00f8rstestatsadvokat i Nordland, Hilde Stoltenberg, lister opp en rekke eksempler der psykisk syke er d\u00f8mt til tvungent psykisk helsevern det siste \u00e5ret.<\/p>\n<p>Et av eksemplene er et drapsfors\u00f8k, der domfelte hadde v\u00e6rt underlagt tvang to ganger tidligere f\u00f8r drapsfors\u00f8ket. Drapsfors\u00f8ket skjedde to dager etter siste utskrivelse.<\/p>\n<p>Statsadvokat Carl Henning Leknesund i Agder peker p\u00e5 samme m\u00f8nster.<\/p>\n<p>Han sier at en dom p\u00e5 tvunget psykisk helsevern i mange tilfeller kan anses som en \u00abreklamasjon\u00bb over en psykiatri som ikke har evnet \u00e5 gi behandling.<\/p>\n<p>\u2013 N\u00e5r vi begj\u00e6rer dom p\u00e5 tvungent psykisk helsevern etter straffeloven \u00a762, s\u00e5 er det i prinsippet \u00absiste utvei\u00bb.<\/p>\n<p>Enkelte av statsadvokatene viser ogs\u00e5 til at sprengt kapasitet gj\u00f8r at psykisk syke pasienter m\u00e5 bo hjemme mens de er underlagt tvangsregler.<\/p>\n<p>Det f\u00f8rer til at pasienter akuttinnlegges, blir raskt utskrevet igjen, og deretter beg\u00e5r ny kriminalitet.<\/p>\n<p>Lovendringer og samtykkekompetanse <\/p>\n<p>Flere av de spurte statsadvokatene understreker samtidig at \u00f8kningen i antall saker med dom p\u00e5 tvungent psykisk helsevern ikke kan forklares med mangelen p\u00e5 sengeplasser alene.<\/p>\n<p>Endringer i lovverket har ogs\u00e5 bidratt til at flere alvorlig psykisk syke f\u00f8rst fanges opp i straffesystemet.<\/p>\n<p>I 2016 og 2020 ble vilk\u00e5rene for \u00e5 id\u00f8mme tvungent psykisk helsevern endret, slik at det ikke lenger er et krav at det m\u00e5 v\u00e6re beg\u00e5tt en sv\u00e6rt alvorlig straffbar handling.<\/p>\n<p>Samtidig har innf\u00f8ringen av strengere krav til samtykkekompetanse i psykiatrien i 2017 gjort det vanskeligere \u00e5 holde pasienter under tvang over tid.<\/p>\n<p>Flere statsadvokater beskriver at dette i praksis har f\u00f8rt til kortvarige innleggelser, hyppige utskrivelser og en \u00absvingd\u00f8r\u00bb-effekt \u2013 s\u00e6rlig for pasienter med kombinasjon av rus og alvorlig psykisk sykdom.<\/p>\n","protected":false},"excerpt":{"rendered":"Et klart m\u00f8nster tegner seg p\u00e5 tvers av landet. Listen over personer som d\u00f8mmes til tvungent psykisk helsevern&hellip;\n","protected":false},"author":2,"featured_media":125270,"comment_status":"","ping_status":"","sticky":false,"template":"","format":"standard","meta":{"footnotes":""},"categories":[10],"tags":[20,21,24,25,15,22,23,13,30,28,29,14,16,686,11633,26,27],"class_list":{"0":"post-125269","1":"post","2":"type-post","3":"status-publish","4":"format-standard","5":"has-post-thumbnail","7":"category-norge","8":"tag-breaking-news","9":"tag-breakingnews","10":"tag-featured-news","11":"tag-featurednews","12":"tag-headlines","13":"tag-latest-news","14":"tag-latestnews","15":"tag-news","16":"tag-no","17":"tag-norge","18":"tag-norway","19":"tag-nyheter","20":"tag-overskrifter","21":"tag-psykiatri","22":"tag-psykisk-helsevern","23":"tag-top-stories","24":"tag-topstories"},"share_on_mastodon":{"url":"https:\/\/pubeurope.com\/@no\/115812717197562774","error":""},"_links":{"self":[{"href":"https:\/\/www.europesays.com\/no\/wp-json\/wp\/v2\/posts\/125269","targetHints":{"allow":["GET"]}}],"collection":[{"href":"https:\/\/www.europesays.com\/no\/wp-json\/wp\/v2\/posts"}],"about":[{"href":"https:\/\/www.europesays.com\/no\/wp-json\/wp\/v2\/types\/post"}],"author":[{"embeddable":true,"href":"https:\/\/www.europesays.com\/no\/wp-json\/wp\/v2\/users\/2"}],"replies":[{"embeddable":true,"href":"https:\/\/www.europesays.com\/no\/wp-json\/wp\/v2\/comments?post=125269"}],"version-history":[{"count":0,"href":"https:\/\/www.europesays.com\/no\/wp-json\/wp\/v2\/posts\/125269\/revisions"}],"wp:featuredmedia":[{"embeddable":true,"href":"https:\/\/www.europesays.com\/no\/wp-json\/wp\/v2\/media\/125270"}],"wp:attachment":[{"href":"https:\/\/www.europesays.com\/no\/wp-json\/wp\/v2\/media?parent=125269"}],"wp:term":[{"taxonomy":"category","embeddable":true,"href":"https:\/\/www.europesays.com\/no\/wp-json\/wp\/v2\/categories?post=125269"},{"taxonomy":"post_tag","embeddable":true,"href":"https:\/\/www.europesays.com\/no\/wp-json\/wp\/v2\/tags?post=125269"}],"curies":[{"name":"wp","href":"https:\/\/api.w.org\/{rel}","templated":true}]}}