{"id":12527,"date":"2025-08-19T18:39:12","date_gmt":"2025-08-19T18:39:12","guid":{"rendered":"https:\/\/www.europesays.com\/no\/12527\/"},"modified":"2025-08-19T18:39:12","modified_gmt":"2025-08-19T18:39:12","slug":"sandvika-ulykke-person-pakjort-av-toget-dode","status":"publish","type":"post","link":"https:\/\/www.europesays.com\/no\/12527\/","title":{"rendered":"Sandvika, Ulykke | Person p\u00e5kj\u00f8rt av toget \u2013 d\u00f8de"},"content":{"rendered":"\n<p><b>En person er p\u00e5kj\u00f8rt av toget p\u00e5 Sandvika stasjon tirsdag ettermiddag. Personen er if\u00f8lge politiet bekreftet d\u00f8d av helsepersonell p\u00e5 stedet.<\/b><\/p>\n<p>F\u00f8rste melding kom inn til politiet klokken 16.50.<\/p>\n<p><b>Alt av tog forbi Sandvika var stengt frem til klokken 18.35. N\u00e5 \u00e5pner stasjonen igjen for trafikk, men reisende m\u00e5 regne med innstillinger og forsinkelser \u00aben god stund\u00bb if\u00f8lge pressevakt i Bane Nor \u00d8ystein Stavdal Paulsen. <\/b><\/p>\n<p>   <img decoding=\"async\" width=\"4852\" height=\"2717\" fetchpriority=\"low\"  loading=\"lazy\"  src=\"https:\/\/www.europesays.com\/no\/wp-content\/uploads\/2025\/08\/Image_20250819_171119_607.jpeg\" alt=\"\" class=\"brick-c-cFOWSL\" style=\"--brick-image-ratio: 4852 \/ 2717;\"\/><\/p>\n<p>    Det oppsto lange k\u00f8er etter at togtrafikken m\u00e5tte stanse. En person omkom etter en p\u00e5kj\u00f8rsel p\u00e5 togsporet.<br \/>\n    Foto: CHRISTIAN BREVIK\n  <\/p>\n<p>  N\u00f8detatene jobber<\/p>\n<p>Det skal ha v\u00e6rt mange vitner til hendelsen.<\/p>\n<p>\u2013 Veldig mange ringte politiet, opplyser operasjonsleder Vidar Pedersen til Budstikka.<\/p>\n<p><b>Om det er p\u00e5r\u00f8rende eller vitner til hendelsen som har behov for \u00e5 snakke med noen, kan de ringe B\u00e6rum kommunes krisetelefon p\u00e5 67564440, opplyser kommunikasjonssjef Richard Kongsteien i B\u00e6rum kommune.<\/b><\/p>\n<p>   <img decoding=\"async\" width=\"4897\" height=\"3434\" fetchpriority=\"low\"  loading=\"lazy\"  src=\"https:\/\/www.europesays.com\/no\/wp-content\/uploads\/2025\/08\/TOGSTASJONEN+SANDVIKA-444_1.jpg\" alt=\"\" class=\"brick-c-cFOWSL\" style=\"--brick-image-ratio: 4897 \/ 3434;\"\/><\/p>\n<p>    I 18.30-tiden kunne togene igjen kj\u00f8re som normalt.<br \/>\n    Foto: EVA GROVEN\n  <\/p>\n<p>  \u2013 Ivaretar<\/p>\n<p>\u2013 Vi f\u00f8lger opp og ivaretar v\u00e5rt personell etter de rutinene vi har for denne type hendelse, sier pressevakt i Vy, Siv Egger Westin.<\/p>\n<p>\u2013 Vi har b\u00e5de ansatte-representanter og helsepersonell som ivaretar v\u00e5re ansatte p\u00e5 stedet og i etterkant. <\/p>\n<p>   <img decoding=\"async\" width=\"4032\" height=\"3024\" fetchpriority=\"low\"  loading=\"lazy\"  src=\"https:\/\/www.europesays.com\/no\/wp-content\/uploads\/2025\/08\/Image_20250819_172237_057.jpeg\" alt=\"\" class=\"brick-c-cFOWSL\" style=\"--brick-image-ratio: 4032 \/ 3024;\"\/><\/p>\n<p>    En person er p\u00e5kj\u00f8rt av toget i Sandvika.<br \/>\n    Foto: CHRISTIAN BREVIK\n  <\/p>\n<p>If\u00f8lge operasjonsleder Vidar Pedersen arbeider politiet fortsatt med \u00e5 identifisere den omkomne tirsdag kveld.<\/p>\n<p>      Forsinkelser, innstillinger, fulle busser<\/p>\n<p>Bane Nor anbefaler alle reisende \u00e5 f\u00f8lge med i Vy-appen for \u00e5 forst\u00e5 hvordan deres reise blir p\u00e5virket i ettermiddag.<\/p>\n<p>   <img decoding=\"async\" width=\"4032\" height=\"3024\" fetchpriority=\"low\"  loading=\"lazy\"  src=\"https:\/\/www.europesays.com\/no\/wp-content\/uploads\/2025\/08\/Image_20250819_171313_076.jpeg\" alt=\"\" class=\"brick-c-cFOWSL\" style=\"--brick-image-ratio: 4032 \/ 3024;\"\/><\/p>\n<p>    Det skal v\u00e6re minibusser i skytteltrafikk for \u00e5 hjelpe passasjerer som skulle reist fra Sandvika. Det oppsto k\u00f8er p\u00e5 bussterminalen etter at togene stanset.<br \/>\n    Foto: CHRISTIAN BREVIK\n  <\/p>\n<p>If\u00f8lge reisende Maria Ulset er bussene stappfulle, ogs\u00e5 fra Lysaker.<\/p>\n<p>\u2013 Mye folk og s\u00e5 fulle busser at man blir bedt om \u00e5 vente p\u00e5 neste. Selv er jeg p\u00e5 vei til Asker p\u00e5 tredje fors\u00f8k, skriver hun til Budstikka.<\/p>\n<p>   <img decoding=\"async\" width=\"640\" height=\"480\" fetchpriority=\"low\"  loading=\"lazy\"  src=\"https:\/\/www.europesays.com\/no\/wp-content\/uploads\/2025\/08\/image0+%2821%29.jpeg\" alt=\"\" class=\"brick-c-cFOWSL\" style=\"--brick-image-ratio: 640 \/ 480;\"\/><\/p>\n<p>    Fulle busser fra Lysaker tirsdag kveld.<br \/>\n    Foto: PRIVAT\n  <\/p>\n<p><b>Pressekontakt Eilif Swensen i Ruter, bekrefter at mange togpassasjerer har byttet til buss, noe som har resultert i en del fulle busser.<\/b><\/p>\n<p>Kj\u00f8rte minibusser<\/p>\n<p>If\u00f8lge pressevakt Westin i Vy er det fra 17.30 minibusser i trafikk for \u00e5 hjelpe de reisende fra og til Sandvika. Disse g\u00e5r i skytteltrafikk mellom Sk\u00f8yen, Lysaker, Sandvika, Asker og Drammen, skriver Westin til Budstikka.<\/p>\n<p>\u2013 Vi har bestilt opp busser og minibusser, som skal f\u00e5 kundene mellom nevnte stasjoner. Noen f\u00e5 er igang, men det er snakk om mange kunder og det tar noe tid f\u00f8r vi har nok busser igang for \u00e5 gi alle et tilbud. De kommer inn p\u00e5 stasjonene fortl\u00f8pende, s\u00e5 snart som mulig.<\/p>\n","protected":false},"excerpt":{"rendered":"En person er p\u00e5kj\u00f8rt av toget p\u00e5 Sandvika stasjon tirsdag ettermiddag. Personen er if\u00f8lge politiet bekreftet d\u00f8d av&hellip;\n","protected":false},"author":2,"featured_media":12528,"comment_status":"","ping_status":"","sticky":false,"template":"","format":"standard","meta":{"footnotes":""},"categories":[5],"tags":[36,20,21,24,25,15,19,22,23,17,18,13,30,28,29,14,16,850,2477,1510,26,27,51],"class_list":{"0":"post-12527","1":"post","2":"type-post","3":"status-publish","4":"format-standard","5":"has-post-thumbnail","7":"category-overskrifter","8":"tag-art","9":"tag-breaking-news","10":"tag-breakingnews","11":"tag-featured-news","12":"tag-featurednews","13":"tag-headlines","14":"tag-hovedoppslag","15":"tag-latest-news","16":"tag-latestnews","17":"tag-main-news","18":"tag-mainnews","19":"tag-news","20":"tag-no","21":"tag-norge","22":"tag-norway","23":"tag-nyheter","24":"tag-overskrifter","25":"tag-sandvika","26":"tag-sandvika-stasjon","27":"tag-story","28":"tag-top-stories","29":"tag-topstories","30":"tag-ulykke"},"share_on_mastodon":{"url":"","error":""},"_links":{"self":[{"href":"https:\/\/www.europesays.com\/no\/wp-json\/wp\/v2\/posts\/12527","targetHints":{"allow":["GET"]}}],"collection":[{"href":"https:\/\/www.europesays.com\/no\/wp-json\/wp\/v2\/posts"}],"about":[{"href":"https:\/\/www.europesays.com\/no\/wp-json\/wp\/v2\/types\/post"}],"author":[{"embeddable":true,"href":"https:\/\/www.europesays.com\/no\/wp-json\/wp\/v2\/users\/2"}],"replies":[{"embeddable":true,"href":"https:\/\/www.europesays.com\/no\/wp-json\/wp\/v2\/comments?post=12527"}],"version-history":[{"count":0,"href":"https:\/\/www.europesays.com\/no\/wp-json\/wp\/v2\/posts\/12527\/revisions"}],"wp:featuredmedia":[{"embeddable":true,"href":"https:\/\/www.europesays.com\/no\/wp-json\/wp\/v2\/media\/12528"}],"wp:attachment":[{"href":"https:\/\/www.europesays.com\/no\/wp-json\/wp\/v2\/media?parent=12527"}],"wp:term":[{"taxonomy":"category","embeddable":true,"href":"https:\/\/www.europesays.com\/no\/wp-json\/wp\/v2\/categories?post=12527"},{"taxonomy":"post_tag","embeddable":true,"href":"https:\/\/www.europesays.com\/no\/wp-json\/wp\/v2\/tags?post=12527"}],"curies":[{"name":"wp","href":"https:\/\/api.w.org\/{rel}","templated":true}]}}