{"id":125271,"date":"2025-12-31T06:22:06","date_gmt":"2025-12-31T06:22:06","guid":{"rendered":"https:\/\/www.europesays.com\/no\/125271\/"},"modified":"2025-12-31T06:22:06","modified_gmt":"2025-12-31T06:22:06","slug":"nattens-viktigste-nyheter-nattens-hendelser","status":"publish","type":"post","link":"https:\/\/www.europesays.com\/no\/125271\/","title":{"rendered":"Nattens viktigste nyheter, Nattens hendelser"},"content":{"rendered":"<p>  Russland: Droneangrep mot havneby<\/p>\n<p>Et ukrainsk droneangrep gjorde skade p\u00e5 deler av havna i den russiske byen Tuapse, if\u00f8lge russiske myndigheter. Ukraina har ikke kommentert meldingene.<\/p>\n<p>Den regionale administrasjonen melder p\u00e5 Telegram at deler av havna, samt en gassr\u00f8rledning i et boligomr\u00e5de, fikk skader i droneangrepet. Havnen er blant de viktigste for Russlands oljeeksport i Svartehavet.<\/p>\n<p>Det er ikke meldt om personskader. If\u00f8lge en kanal p\u00e5 Telegram ved navn Shot, som if\u00f8lge Reuters har kilder i Russlands sikkerhetsmyndigheter, kunne det sent tirsdag h\u00f8res en rekke eksplosjoner over Tuapse.<\/p>\n<p>Flere ukrainske medier, blant annet det ukrainske nyhetsbyr\u00e5et RBC-Ukraine, har lagt ut bilder p\u00e5 meldingstjenesten som ser ut til \u00e5 vise en st\u00f8rre brann.<\/p>\n<p><a href=\"https:\/\/www.nettavisen.no\/nyheter\/russiske-myndigheter-ukrainske-droneangrep-mot-havneby\/s\/5-95-2802781\" rel=\"Follow nofollow noopener\" target=\"_blank\"><b>Les saken<\/b><\/a><\/p>\n<p>Taiwan: Kinesiske skip trekker seg tilbake<\/p>\n<p>If\u00f8lge Taiwanske myndigheter trekker kinesiske skip og fart\u00f8y seg gradvis tilbake etter milit\u00e6r\u00f8velsen rundt \u00f8ya, men Kina har ikke kunngjort at \u00f8velsen formelt er over.<\/p>\n<p>Derfor forblir Taiwan i h\u00f8y beredskap.<\/p>\n<p>Kina startet mandag en omfattende milit\u00e6r\u00f8velse i farvannet og luftrommet rundt Taiwan. Blant annet ble det avfyrt raketter og satt inn nye amfibiske angrepsfart\u00f8y sammen med bombefly og jagere. <\/p>\n<p>\u00d8velsen, som Kina kaller \u00abJustice Mission 2025\u00bb, beskrives som en av de mest omfattende som Kina har gjennomf\u00f8rt ved Taiwan.<\/p>\n<p>Taiwan har ford\u00f8mt \u00f8velsene, som de mener er en provokasjon som utgj\u00f8r en trussel mot landets sikkerhet. Ogs\u00e5 Storbritannia og EU-kommisjonen har uttrykt bekymring over \u00f8velsene.<\/p>\n<p><a href=\"https:\/\/www.nettavisen.no\/incoming\/5-95-2802842.html\" rel=\"Follow nofollow noopener\" target=\"_blank\"><b>Les saken<\/b><\/a><\/p>\n<p>Brukte elektrosjokkv\u00e5pen mot mobiltyv<\/p>\n<p>En mann i 40-\u00e5rene ble natt til tirsdag p\u00e5grepet etter et mobiltyveri p\u00e5 Jessheim stasjon. Politiet m\u00e5tte bruke elektrosjokkv\u00e5pen for \u00e5 f\u00e5 kontroll p\u00e5 mannen.<\/p>\n<p>\u2013 Patruljen kom i kontakt med en person som opplyste \u00e5 ha blitt frastj\u00e5let mobiltelefonen sin. Gjerningsperson var ogs\u00e5 p\u00e5 stedet, og oppf\u00f8rte seg truende mot patruljen. Det ble benyttet elektrosjokkv\u00e5pen for \u00e5 f\u00e5 kontroll p\u00e5 personen. Personen innbrakt til arrest, sier operasjonsleder Atle Vesttorp i \u00d8st politidistrikt.<\/p>\n<p>I tillegg til tyveri anmeldes mannen for vold mot politiet, hindring av politiet og skadeverk.<\/p>\n<p><a href=\"https:\/\/www.nettavisen.no\/incoming\/5-95-2802828.html\" rel=\"nofollow noopener\" target=\"_blank\"><b>Les saken<\/b><\/a><\/p>\n<p>Isiah Whitlock Jr er d\u00f8d<\/p>\n<p>Skuespilleren Isiah Whitlock Jr er d\u00f8d, 71 \u00e5r gammel. Han er blant annet kjent fra TV-serien \u00abThe Wire\u00bb.<\/p>\n<p>If\u00f8lge Whitlocks manager Brian Liebman d\u00f8de Isiah Whitlock \u00abfredelig\u00bb etter kort tids sykdom, skriver <a href=\"https:\/\/deadline.com\/2025\/12\/isiah-whitlock-jr-dead-the-wire-spike-lee-movies-1236658855\/\" rel=\"nofollow noopener\" target=\"_blank\">Deadline<\/a>.<\/p>\n<p>Whitlock var kanskje mest kjent som den korrupte senatoren \u00abClay\u00bb Davis i TV-serien \u00abThe Wire\u00bb. I l\u00f8pet av sin 30 \u00e5r lange karriere medvirket Whitlock ogs\u00e5 i serier som \u00abVeep\u00bb og \u00abYour Honor\u00bb.<\/p>\n<p>D\u00f8dsfallet kommer mindre enn to uker etter at Whitlocks \u00abThe Wire\u00bb-kollega James Ransone ble funnet d\u00f8d i Los Angeles.<\/p>\n<p><a href=\"https:\/\/www.nettavisen.no\/kjendis\/the-wire-skuespiller-isiah-whitlock-jr-er-dod\/s\/5-95-2802750\" rel=\"Follow nofollow noopener\" target=\"_blank\"><b>Les saken<\/b><\/a><\/p>\n<p>Avlyser etter Trump-navnebytte<\/p>\n<p>\u2013 Jeg skal ikke lyve. \u00c5 avlyse konserter gj\u00f8r vondt. Det er slik jeg holder hjulene i gang. Men \u00e5 miste integriteten min ville kostet meg mer enn enhver l\u00f8nning, skriver folkesanger Kristy Lee innlegg p\u00e5 <a href=\"https:\/\/www.instagram.com\/p\/DS3arYWkulU\/\" rel=\"Follow nofollow noopener\" target=\"_blank\">Instagram<\/a>. Hun skulle egentlig opptre p\u00e5 senteret i januar, men er en av flere artister som har avlyst <a href=\"https:\/\/www.nettavisen.no\/nyheter\/donald-trump-doper-om-kennedy-senteret-til-sitt-eget-navn\/s\/5-95-2788530\" rel=\"Follow nofollow noopener\" target=\"_blank\">etter at president Donald Trump satte sitt navn p\u00e5 det historiske bygget<\/a>.<\/p>\n<p>Tidligere i \u00e5r avlyste blant annet jazzmusiker Chuck Redd sitt planlagte juleshow, og jazzgruppen The Cookers har avlyst sitt nytt\u00e5rsshow.<\/p>\n<p>Avlysningene blir ikke tatt godt imot av Richard Grenell, som er utnevnt av Trump som president for senteret.<\/p>\n<p>I en melding p\u00e5 X kaller han at artistene som har avlyst \u00abytterligg\u00e5ende venstrepolitiske aktivister\u00bb og p\u00e5peker at de ble booket av tidligere ledelse.<\/p>\n<p>If\u00f8lge <a rel=\"Follow nofollow noopener\" href=\"https:\/\/abcnews.go.com\/US\/trump-kennedy-center-plans-sue-jazz-musician-canceled\/story?id=128761195\" target=\"_blank\">ABC <\/a>skal Grenell ogs\u00e5 ha sendt et brev til Chuck Redd, som avlyste juleshowet, hvor han sier at artisten vil bli saks\u00f8kt for 1 million amerikanske dollar for kanselleringen som han kaller et \u00abpolitisk stunt\u00bb.<\/p>\n<p><a href=\"https:\/\/www.nettavisen.no\/nyheter\/artister-avlyser-etter-trump-navnebytte-trues-med-soksmal\/s\/5-95-2802721\" rel=\"Follow nofollow noopener\" target=\"_blank\"><b>Les saken<\/b><\/a><\/p>\n<p>G\u00e5r mot seier i presidentvalget<\/p>\n<p>General Mamady Doumbouya er valgt som president i det vestafrikanske landet Guinea, if\u00f8lge det forel\u00f8pige valgresultatet.<\/p>\n<p>Tallene viser at Doumbouya fikk 86,7 prosent av stemmerne i s\u00f8ndagens valg, if\u00f8lge Guineas valgkommisjon.<\/p>\n<p>Doumbouya ble innsatt som midlertidig president etter et milit\u00e6rkupp i 2021. Da ble president Alpha Cond\u00e9 avsatt, nasjonalforsamlingen oppl\u00f8st og grunnloven satt til side.<\/p>\n<p>N\u00e5 ser det ut til at Doumbouya kan fortsette som statsoverhode i ytterligere sju \u00e5r. Grunnloven ble nylig endret slik at juntamedlemmer kan stille til valg, og presidentperioden ble samtidig utvidet fra fem til sju \u00e5r.<\/p>\n<p>H\u00f8yesterett i Guinea har n\u00e5 \u00e5tte dager p\u00e5 seg til \u00e5 godkjenne valgresultatet.<\/p>\n<p><a href=\"https:\/\/www.nettavisen.no\/nyheter\/juntaleder-gar-mot-seier-i-presidentvalget-i-guinea\/s\/5-95-2802834\" rel=\"Follow nofollow noopener\" target=\"_blank\"><b>Les saken<\/b><\/a><\/p>\n<p>Skal granske borgere med somalisk bakgrunn<\/p>\n<p>Trump-administrasjonen vil gjennomg\u00e5 innvandringssaker som gjelder amerikanske statsborgere med somalisk bakgrunn, for \u00e5 avdekke svindel som kan f\u00f8re til tap av statsborgerskap.<\/p>\n<p>\u2013 I henhold til amerikansk lov er det grunnlag for \u00e5 frata en person statsborgerskapet dersom det er oppn\u00e5dd p\u00e5 svikaktig grunnlag, sier assisterende sikkerhetsminister Tricia McLaughlin i en uttalelse som f\u00f8rst ble omtalt av Fox News og senere delt av Det hvite hus i sosiale medier.<\/p>\n<p>Saker om tap av statsborgerskap er sjeldne og kan ta flere \u00e5r. If\u00f8lge Immigrant Legal Resource Center ble det i gjennomsnitt reist rundt elleve slike saker i \u00e5ret i perioden 1990\u20132017.<\/p>\n<p><a href=\"https:\/\/www.nettavisen.no\/nyheter\/usa-skal-granske-innvandringssaker-til-amerikanske-borgere-med-somalisk-bakgrunn\/s\/5-95-2802826\" rel=\"Follow nofollow noopener\" target=\"_blank\"><b>Les saken<\/b><\/a><\/p>\n<p><script async src=\"\/\/www.instagram.com\/embed.js\"><\/script><\/p>\n","protected":false},"excerpt":{"rendered":"Russland: Droneangrep mot havneby Et ukrainsk droneangrep gjorde skade p\u00e5 deler av havna i den russiske byen Tuapse,&hellip;\n","protected":false},"author":2,"featured_media":3844,"comment_status":"","ping_status":"","sticky":false,"template":"","format":"standard","meta":{"footnotes":""},"categories":[12],"tags":[20,21,24,25,15,22,23,13,30,28,29,14,16,26,27,42,43,44,45],"class_list":{"0":"post-125271","1":"post","2":"type-post","3":"status-publish","4":"format-standard","5":"has-post-thumbnail","7":"category-verden","8":"tag-breaking-news","9":"tag-breakingnews","10":"tag-featured-news","11":"tag-featurednews","12":"tag-headlines","13":"tag-latest-news","14":"tag-latestnews","15":"tag-news","16":"tag-no","17":"tag-norge","18":"tag-norway","19":"tag-nyheter","20":"tag-overskrifter","21":"tag-top-stories","22":"tag-topstories","23":"tag-verden","24":"tag-world","25":"tag-world-news","26":"tag-worldnews"},"share_on_mastodon":{"url":"https:\/\/pubeurope.com\/@no\/115812744720036833","error":""},"_links":{"self":[{"href":"https:\/\/www.europesays.com\/no\/wp-json\/wp\/v2\/posts\/125271","targetHints":{"allow":["GET"]}}],"collection":[{"href":"https:\/\/www.europesays.com\/no\/wp-json\/wp\/v2\/posts"}],"about":[{"href":"https:\/\/www.europesays.com\/no\/wp-json\/wp\/v2\/types\/post"}],"author":[{"embeddable":true,"href":"https:\/\/www.europesays.com\/no\/wp-json\/wp\/v2\/users\/2"}],"replies":[{"embeddable":true,"href":"https:\/\/www.europesays.com\/no\/wp-json\/wp\/v2\/comments?post=125271"}],"version-history":[{"count":0,"href":"https:\/\/www.europesays.com\/no\/wp-json\/wp\/v2\/posts\/125271\/revisions"}],"wp:featuredmedia":[{"embeddable":true,"href":"https:\/\/www.europesays.com\/no\/wp-json\/wp\/v2\/media\/3844"}],"wp:attachment":[{"href":"https:\/\/www.europesays.com\/no\/wp-json\/wp\/v2\/media?parent=125271"}],"wp:term":[{"taxonomy":"category","embeddable":true,"href":"https:\/\/www.europesays.com\/no\/wp-json\/wp\/v2\/categories?post=125271"},{"taxonomy":"post_tag","embeddable":true,"href":"https:\/\/www.europesays.com\/no\/wp-json\/wp\/v2\/tags?post=125271"}],"curies":[{"name":"wp","href":"https:\/\/api.w.org\/{rel}","templated":true}]}}