{"id":125272,"date":"2025-12-31T06:29:34","date_gmt":"2025-12-31T06:29:34","guid":{"rendered":"https:\/\/www.europesays.com\/no\/125272\/"},"modified":"2025-12-31T06:29:34","modified_gmt":"2025-12-31T06:29:34","slug":"die-welt-tiden-er-ikke-pa-trumps-og-putins-side","status":"publish","type":"post","link":"https:\/\/www.europesays.com\/no\/125272\/","title":{"rendered":"Die Welt: \u2013 Tiden er ikke p\u00e5 Trumps og Putins side"},"content":{"rendered":"<p><b>Dette skriver utenlandske aviser p\u00e5 lederplass<\/b><\/p>\n<p><b><a href=\"https:\/\/www.welt.de\/debatte\/plus6952549145876d161e2333a9\/friedensverhandlungen-die-wahren-gewinner.html\" target=\"_blank\" rel=\"nofollow noopener\">Die Welt<\/a><\/b><\/p>\n<p>Volodymyr Zelenskyjs bes\u00f8k hos Donald Trump i Miami endte uten resultater. Men det kunne ha g\u00e5tt langt verre. At Vladimir Putin n\u00e5 fors\u00f8ker \u00e5 bryte ukrainernes moral med terror fra luften, er et uttrykk for milit\u00e6r desperasjon. En ukrainsk kapitulasjon ville bare ha v\u00e6rt forspillet til en st\u00f8rre krig.<\/p>\n<p>Tiden er ikke p\u00e5 Trumps og Putins side. Trumps MAGA-bevegelse er i ferd med \u00e5 falle fra hverandre, hans oppslutningstall er p\u00e5 bunniv\u00e5, han f\u00e5r ikke kontroll p\u00e5 inflasjonen, og kongressvalgene i november kan bli katastrofale for partiet hans.\u00a0<\/p>\n<p>Putins krig har p\u00e5 sin side kostet over \u00e9n million drepte og s\u00e5rede soldater. Tiden med billig kapital og massive investeringer i krigs\u00f8konomien er forbi. Oljeprisen faller. At Putin n\u00e5 fors\u00f8ker \u00e5 bryte ukrainernes moral med luftterror, er et uttrykk for milit\u00e6r desperasjon.<\/p>\n<p>Europeerne, derimot, lykkes stadig bedre med \u00e5 l\u00f8srive seg fra russisk energi, styrker sitt milit\u00e6re samarbeid og bruker mer penger p\u00e5 forsvarsevne. At Tysklands sosialdemokratiske forsvarsminister er landets mest popul\u00e6re politiker, sier sitt.\u00a0<\/p>\n<p>Dessuten har Zelenskyj siden sitt f\u00f8rste, katastrofale bes\u00f8k i Det hvite hus l\u00e6rt \u00e5 h\u00e5ndtere Trumps luner og utpressingsfors\u00f8k med dyktighet, og \u00e5 gi innr\u00f8mmelser som samtidig plasserer ansvaret tilbake hos den amerikanske administrasjonen.\u00a0<\/p>\n<p>Et eksempel er da han svarte p\u00e5 kritikken fra Washington om at det ikke hadde v\u00e6rt valg i Ukraina siden 2019, med et l\u00f8fte om \u00e5 avholde valg s\u00e5 snart en v\u00e5penhvile trer i kraft.<\/p>\n<p>Sammen med britene og canadierne er europeerne forent i erkjennelsen av at Trump f\u00f8rer en geopolitikk basert p\u00e5 innflytelsessf\u00e6rer.\u00a0<\/p>\n<p><img decoding=\"async\" class=\"lazyload \" src=\"https:\/\/www.europesays.com\/no\/wp-content\/uploads\/2025\/12\/1767162574_489_pipe.jpeg\"  data- alt=\"\"\/><\/p>\n<p>EUROPA STYRKER SEG: Kampfly fra Italia, Storbritannia, Tysklands, Sveits, Frankrike og Belgia over Paris under feiringen av Frankrikes nasjonaldag 14. juli 2025. <strong>Foto: NTB<\/strong><\/p>\n<p><b><a href=\"https:\/\/www.wsj.com\/opinion\/russia-ukraine-drone-attack-vladimir-putin-volodymyr-zelensky-donald-trump-a39fcd9a?mod=opinion_lead_pos4\" target=\"_blank\" rel=\"nofollow noopener\">The Wall Street Journal<\/a><\/b><\/p>\n<p>Utfordringen for Vladimir Putin har v\u00e6rt \u00e5 si nei til Donald Trumps fors\u00f8k p\u00e5 en fredsavtale samtidig som han fremstiller Ukraina som hindringen. Derfor er det gode grunner til \u00e5 tvile p\u00e5 Russlands p\u00e5stand om at Vladimir Putins hus ble angrepet av ukrainske droner.<\/p>\n<p><b><a href=\"https:\/\/www.ft.com\/content\/9b76779c-9a90-477a-8814-393a09bb7da9\" target=\"_blank\" rel=\"nofollow noopener\">Financial Times<\/a><\/b><\/p>\n<p>Israels krigf\u00f8ring p\u00e5 Gaza er eksempler p\u00e5 utvanning av menneskerettighetene og krigens regler for beskyttelse av sivile. Det samme gjelder grusomhetene i Sudan og USAs angrep p\u00e5 narkotikab\u00e5ter i Karibia. I l\u00f8pet av 2025 er denne typen lovl\u00f8shet blitt mer utbredt.<\/p>\n<p><b style=\"letter-spacing: 0.003em;\"><a href=\"https:\/\/www.di.se\/ledare\/satt-stopp-for-skattesloseriet\/\" target=\"_blank\" rel=\"nofollow noopener\">Dagens Industri<\/a><\/b><\/p>\n<p>Hva har Kiruna badeland, journalsystemet Millennium og et rekedrettsanlegg i Sandviken til felles? Jo, de er tre av ti prosjekter som risikerer \u00e5 f\u00e5 prisen for \u00e5rets verste sl\u00f8sing. Det er fullt mulig \u00e5 redusere sl\u00f8singen med skattepenger.<\/p>\n<p><img decoding=\"async\" class=\"lazyload \" src=\"https:\/\/www.europesays.com\/no\/wp-content\/uploads\/2025\/12\/1767162574_195_pipe.jpeg\"  data- alt=\"\"\/><\/p>\n<p>OFFENTLIG PENGESLUK: Midnattssolsbadet i Kiruna i Sverige. <strong>Foto: Kiruna kommune<\/strong><\/p>\n","protected":false},"excerpt":{"rendered":"Dette skriver utenlandske aviser p\u00e5 lederplass Die Welt Volodymyr Zelenskyjs bes\u00f8k hos Donald Trump i Miami endte uten&hellip;\n","protected":false},"author":2,"featured_media":125273,"comment_status":"","ping_status":"","sticky":false,"template":"","format":"standard","meta":{"footnotes":""},"categories":[12],"tags":[20,21,24,25,15,22,23,13,30,28,29,14,16,26,27,42,43,44,45],"class_list":{"0":"post-125272","1":"post","2":"type-post","3":"status-publish","4":"format-standard","5":"has-post-thumbnail","7":"category-verden","8":"tag-breaking-news","9":"tag-breakingnews","10":"tag-featured-news","11":"tag-featurednews","12":"tag-headlines","13":"tag-latest-news","14":"tag-latestnews","15":"tag-news","16":"tag-no","17":"tag-norge","18":"tag-norway","19":"tag-nyheter","20":"tag-overskrifter","21":"tag-top-stories","22":"tag-topstories","23":"tag-verden","24":"tag-world","25":"tag-world-news","26":"tag-worldnews"},"share_on_mastodon":{"url":"https:\/\/pubeurope.com\/@no\/115812772253744419","error":""},"_links":{"self":[{"href":"https:\/\/www.europesays.com\/no\/wp-json\/wp\/v2\/posts\/125272","targetHints":{"allow":["GET"]}}],"collection":[{"href":"https:\/\/www.europesays.com\/no\/wp-json\/wp\/v2\/posts"}],"about":[{"href":"https:\/\/www.europesays.com\/no\/wp-json\/wp\/v2\/types\/post"}],"author":[{"embeddable":true,"href":"https:\/\/www.europesays.com\/no\/wp-json\/wp\/v2\/users\/2"}],"replies":[{"embeddable":true,"href":"https:\/\/www.europesays.com\/no\/wp-json\/wp\/v2\/comments?post=125272"}],"version-history":[{"count":0,"href":"https:\/\/www.europesays.com\/no\/wp-json\/wp\/v2\/posts\/125272\/revisions"}],"wp:featuredmedia":[{"embeddable":true,"href":"https:\/\/www.europesays.com\/no\/wp-json\/wp\/v2\/media\/125273"}],"wp:attachment":[{"href":"https:\/\/www.europesays.com\/no\/wp-json\/wp\/v2\/media?parent=125272"}],"wp:term":[{"taxonomy":"category","embeddable":true,"href":"https:\/\/www.europesays.com\/no\/wp-json\/wp\/v2\/categories?post=125272"},{"taxonomy":"post_tag","embeddable":true,"href":"https:\/\/www.europesays.com\/no\/wp-json\/wp\/v2\/tags?post=125272"}],"curies":[{"name":"wp","href":"https:\/\/api.w.org\/{rel}","templated":true}]}}