{"id":125283,"date":"2025-12-31T06:59:12","date_gmt":"2025-12-31T06:59:12","guid":{"rendered":"https:\/\/www.europesays.com\/no\/125283\/"},"modified":"2025-12-31T06:59:12","modified_gmt":"2025-12-31T06:59:12","slug":"fiske-faerder-tobias-25-rammes-hardt-av-forbudet-ma-omstille-oss-tonsbergs-blad","status":"publish","type":"post","link":"https:\/\/www.europesays.com\/no\/125283\/","title":{"rendered":"Fiske, F\u00e6rder | Tobias (25) rammes hardt av forbudet: \u2013 M\u00e5 omstille oss &#8211; T\u00f8nsbergs Blad"},"content":{"rendered":"<ol>\n<li><a href=\"https:\/\/news.google.com\/rss\/articles\/CBMiiwFBVV95cUxPSWhkS1R0RXNnMVJjdjFWdkFvVVVLRVl3Q3JBTWo2VlVrUFUtWV82bDNqN2FRencwWGFRN1czQlk2ckhjNW5EX0I1bnpwZ0RVNW5ZUmdWM0tGY2RIU0tZQ19YV0JGOHU4Q0RoZkctUE1hbkVUSS1MNUU2VjI5Nmo5eDJNZXd1d0RqbGRV?oc=5\" target=\"_blank\" rel=\"nofollow noopener\">Fiske, F\u00e6rder | Tobias (25) rammes hardt av forbudet: \u2013 M\u00e5 omstille oss<\/a>&nbsp;&nbsp;T\u00f8nsbergs Blad<\/li>\n<li><a href=\"https:\/\/news.google.com\/rss\/articles\/CBMieEFVX3lxTFBUSnRHZ05RZGVBYVk3dXVJSnVpX3pWR0xoUHlKOXJiaWhtUGNSR2R5RG94b0dkUFkxR2ZMRk90ejlUQUVzUDlGTTRsYmxPclBZZlRjSXBEMlgzMWhqazZUei11OEo4X3VQT213U0NxYlpTM1Z0WGpoQg?oc=5\" target=\"_blank\" rel=\"nofollow noopener\">Nedsl\u00e5ende tall: Nesten tomt<\/a>&nbsp;&nbsp;Dagbladet<\/li>\n<li><a href=\"https:\/\/news.google.com\/rss\/articles\/CBMijwFBVV95cUxNdzhjVjJoQko0aGRJTUJtWkZRVF9kbDVWUWhzZXdhcUlHRkd4T3BKMkdMZnNyUkpnbWdaNG1HdHNfZFQtTllyZ3pMVXhFS1VCTW5HeFdmSkVBZGQtTk5hV1RqV3NEUXp3alRxeVpzVHdaZ2RoZFk2M2lUYlM1RW5BUmZGaEJpb2JrNDM4cVplTQ?oc=5\" target=\"_blank\" rel=\"nofollow noopener\">Siste dag med rekefiske for dei fleste p\u00e5 Hvaler<\/a>&nbsp;&nbsp;NRK<\/li>\n<li><a href=\"https:\/\/news.google.com\/rss\/articles\/CBMi3AFBVV95cUxNRllwYlVyTmRObzNrV0QyaWxnLW5XZ0JqYTA4b2RubGNnOGxjYzFIZEJKTUM5SzFVZ0JpY09OMDdHNnN0bndFd1hTVzBOSTZDT3Zuc1Y2YzJsNGdzd1ZzdXAxT3I1LWoxT053cENYLWVsV21hdVZVeFB3Xzh1LVI0eHh6dzU3SnNsVXJTazVNNmFXalQ2Y3NNemM5YmV6aGl5SmdBQ2tYeXBWb0tuMEhvVllMcjJFOFRKWEtzR1FLYkhWdkFiRTRvQXJnYWxITUlndXZ3TU15SUF2N3JR?oc=5\" target=\"_blank\" rel=\"nofollow noopener\">Det kryr av liv i Oslofjorden \u2013 men det er mykje sm\u00e5fisk<\/a>&nbsp;&nbsp;Forskning.no<\/li>\n<li><a href=\"https:\/\/news.google.com\/rss\/articles\/CBMiogFBVV95cUxPbDAxZk9rUExldWlPc0FrVUJlRm5EcFY3bWNYNWR5NVZrUlozVkU5cGNrck9yZTI1a0s3TXEwZk1qQ1piR2swMjdZbDFqdzF1Y3NXLVp1NVFUdl83M2RjNmsxaW9GRWRTR2JFUDVmSDRLRlVBR1dSQVNYVnVGZUJNY2RzX3VBcW8zRm5lSlBaSUhUc3I1ZWpESmhHeE5uVFJKdmc?oc=5\" target=\"_blank\" rel=\"nofollow noopener\">Oslofjordens Friluftsr\u00e5d: \u2013 Fjorden er fortsatt i dramatisk forverring<\/a>&nbsp;&nbsp;R\u00f8yken og Hurums Avis<\/li>\n<\/ol>\n","protected":false},"excerpt":{"rendered":"Fiske, F\u00e6rder | Tobias (25) rammes hardt av forbudet: \u2013 M\u00e5 omstille oss&nbsp;&nbsp;T\u00f8nsbergs Blad Nedsl\u00e5ende tall: Nesten tomt&nbsp;&nbsp;Dagbladet&hellip;\n","protected":false},"author":2,"featured_media":125284,"comment_status":"","ping_status":"","sticky":false,"template":"","format":"standard","meta":{"footnotes":""},"categories":[10],"tags":[20,21,24,25,15,22,23,13,30,28,29,14,16,26,27],"class_list":{"0":"post-125283","1":"post","2":"type-post","3":"status-publish","4":"format-standard","5":"has-post-thumbnail","7":"category-norge","8":"tag-breaking-news","9":"tag-breakingnews","10":"tag-featured-news","11":"tag-featurednews","12":"tag-headlines","13":"tag-latest-news","14":"tag-latestnews","15":"tag-news","16":"tag-no","17":"tag-norge","18":"tag-norway","19":"tag-nyheter","20":"tag-overskrifter","21":"tag-top-stories","22":"tag-topstories"},"share_on_mastodon":{"url":"https:\/\/pubeurope.com\/@no\/115812890203118505","error":""},"_links":{"self":[{"href":"https:\/\/www.europesays.com\/no\/wp-json\/wp\/v2\/posts\/125283","targetHints":{"allow":["GET"]}}],"collection":[{"href":"https:\/\/www.europesays.com\/no\/wp-json\/wp\/v2\/posts"}],"about":[{"href":"https:\/\/www.europesays.com\/no\/wp-json\/wp\/v2\/types\/post"}],"author":[{"embeddable":true,"href":"https:\/\/www.europesays.com\/no\/wp-json\/wp\/v2\/users\/2"}],"replies":[{"embeddable":true,"href":"https:\/\/www.europesays.com\/no\/wp-json\/wp\/v2\/comments?post=125283"}],"version-history":[{"count":0,"href":"https:\/\/www.europesays.com\/no\/wp-json\/wp\/v2\/posts\/125283\/revisions"}],"wp:featuredmedia":[{"embeddable":true,"href":"https:\/\/www.europesays.com\/no\/wp-json\/wp\/v2\/media\/125284"}],"wp:attachment":[{"href":"https:\/\/www.europesays.com\/no\/wp-json\/wp\/v2\/media?parent=125283"}],"wp:term":[{"taxonomy":"category","embeddable":true,"href":"https:\/\/www.europesays.com\/no\/wp-json\/wp\/v2\/categories?post=125283"},{"taxonomy":"post_tag","embeddable":true,"href":"https:\/\/www.europesays.com\/no\/wp-json\/wp\/v2\/tags?post=125283"}],"curies":[{"name":"wp","href":"https:\/\/api.w.org\/{rel}","templated":true}]}}