{"id":125289,"date":"2025-12-31T07:18:14","date_gmt":"2025-12-31T07:18:14","guid":{"rendered":"https:\/\/www.europesays.com\/no\/125289\/"},"modified":"2025-12-31T07:18:14","modified_gmt":"2025-12-31T07:18:14","slug":"prins-ernst-augusts-sjokkbrudd-skandaler-sykehusinnleggelser-og-samlivsbrudd","status":"publish","type":"post","link":"https:\/\/www.europesays.com\/no\/125289\/","title":{"rendered":"Prins Ernst Augusts sjokkbrudd: Skandaler, sykehusinnleggelser og samlivsbrudd"},"content":{"rendered":"<p class=\"kicker \" style=\"\">Det ble en ensom jul for prinsesse Carolines ektemann<\/p>\n<p>  Prins Ernst August av Hannover har g\u00e5tt inn og ut av sykehus det siste \u00e5ret. N\u00e5 har samboeren f\u00e5tt nok av fyll og fanteri.<\/p>\n<p>\n    FEM \u00c5R: Claudia Stilianopoulos og Ernst August m\u00f8ttes i 2021, og har frem til nylig bodd sammen i Madrid. N\u00e5 har hun kastet ham ut. Foto: NTB\n  <\/p>\n<p>Alt tyder p\u00e5 at det er slutt mellom prins <a href=\"https:\/\/www.seher.no\/kongelig\/prinsen-innlagt-for-tredje-gang\/83165512\" rel=\"nofollow noopener\" target=\"_blank\">Ernst August<\/a> av Hannover (71), og hans kunstnersamboer Claudia Stilianopoulos (52). <\/p>\n<p>Paret ble kj\u00e6rester i 2021, men har holdt en lav profil. Kanskje ikke s\u00e5 rart, ettersom prinsen fortsatt er formelt gift med prinsesse Caroline av Monaco (68) &#8230; <\/p>\n<p>    <a itemprop=\"url\" href=\"https:\/\/www.seher.no\/kongelig\/nytt-nederlag\/84038216\" rel=\"nofollow noopener\" target=\"_blank\"><\/p>\n<p>        <img loading=\"lazy\" decoding=\"async\" src=\"https:\/\/www.europesays.com\/no\/wp-content\/uploads\/2025\/12\/84038299.webp.webp\" width=\"147\" height=\"98\" title=\"Nytt nederlag\" alt=\"\" class=\"lazyload\" style=\"--aspect-ratio-image: 1.50; \"\/><\/p>\n<p>        Nytt nederlag<\/p>\n<p>    <\/a><\/p>\n<p class=\"font-weight-bold m-font-weight-bold\" data-lab-font_weight=\"font-weight-bold\">If\u00f8lge kilder n\u00e6r paret har forholdet v\u00e6rt preget av uro i lang tid. Likevel skal det ha v\u00e6rt et sjokk at Claudia gikk fra ham, skriver ukebladet Vanitatis.<\/p>\n<p> Dermed fikk den omstridte prinsen en juleh\u00f8ytid mutters alene. Ernst August har et meget anstrengt forhold til sin egen familie, og har v\u00e6rt u\u00f8nsket i barnas brylluper. Nylig tapte han ogs\u00e5 et s\u00f8ksm\u00e5l mot sin egen s\u00f8nn.<\/p>\n<p>        <img loading=\"lazy\" decoding=\"async\" src=\"https:\/\/www.europesays.com\/no\/wp-content\/uploads\/2025\/12\/84034587.webp.webp\" width=\"667\" height=\"774\" title=\"ELEGANT: Ernst August og prinsesse Caroline var selvskrevne gjester da kong Frederik fikk sin dronning Mary i K\u00f8benhavn i 2004. Foto: NTB\" alt=\"\" class=\"\" style=\"--aspect-ratio-image: 0.86; \"\/><\/p>\n<p>\n        ELEGANT: Ernst August og prinsesse Caroline var selvskrevne gjester da kong Frederik fikk sin dronning Mary i K\u00f8benhavn i 2004. Foto: NTB\n    <\/p>\n<p>Skandaleprinsen\t<\/p>\n<p>\u00a0Gjennom flere ti\u00e5r har Ernst August v\u00e6rt kjent som Europas mest skandaleombruste kongelige. Han har v\u00e6rt innblandet i en rekke uheldige og pinlige episoder, som har skapt overskrifter over hele verden.<\/p>\n<p>    <a itemprop=\"url\" href=\"https:\/\/www.seher.no\/kongelig\/pa-storrelse-med-en-skoeske\/84025717\" rel=\"nofollow noopener\" target=\"_blank\"><\/p>\n<p>        <img loading=\"lazy\" decoding=\"async\" src=\"https:\/\/www.europesays.com\/no\/wp-content\/uploads\/2025\/12\/84025724.webp.webp\" width=\"147\" height=\"98\" title=\"- P\u00e5 st\u00f8rrelse med en skoeske\" alt=\"\" class=\"lazyload\" style=\"--aspect-ratio-image: 1.50; \"\/><\/p>\n<p>        &#8211; P\u00e5 st\u00f8rrelse med en skoeske<\/p>\n<p>    <\/a><\/p>\n<p>I \u00e5r 2000 skapte han krise da han urinerte p\u00e5 den tyrkiske paviljongen p\u00e5 verdensutstillingen i Hannover. Tidligere har han ogs\u00e5 blitt anklaget for vold mot journalister, og for \u00e5 ha sl\u00e5tt en mann med en paraply under en krangel. <\/p>\n<p>        <img loading=\"lazy\" decoding=\"async\" src=\"https:\/\/www.europesays.com\/no\/wp-content\/uploads\/2025\/12\/84034589.webp.webp\" width=\"667\" height=\"734\" title=\"SEPARERT: Prinsesse Caroline og Ernst August giftet seg i 1999 og ble separert i 2009. Men de er fortsatt gift p\u00e5 papiret. Foto: NTB\" alt=\"\" class=\"\" style=\"--aspect-ratio-image: 0.91; \"\/><\/p>\n<p>\n        SEPARERT: Prinsesse Caroline og Ernst August giftet seg i 1999 og ble separert i 2009. Men de er fortsatt gift p\u00e5 papiret. Foto: NTB\n    <\/p>\n<p>De siste \u00e5rene har drikkingen og temperamentet hans blitt enda verre.<\/p>\n<p class=\"font-weight-bold m-font-weight-bold\" data-lab-font_weight=\"font-weight-bold\">\u00a0I 2020 ble han d\u00f8mt til ti m\u00e5neders betinget fengsel etter en dramatisk hendelse ved sin egen jakthytte i \u00d8sterrike, der han b\u00e5de truet og angrep politifolk i fylla.<\/p>\n<p>    <a itemprop=\"url\" href=\"https:\/\/www.seher.no\/kongelig\/kongen-avslort-av-barna\/83985662\" rel=\"nofollow noopener\" target=\"_blank\"><\/p>\n<p>        <img loading=\"lazy\" decoding=\"async\" src=\"https:\/\/www.europesays.com\/no\/wp-content\/uploads\/2025\/12\/83985889.webp.webp\" width=\"147\" height=\"98\" title=\"Kongen avsl\u00f8rt av barna\" alt=\"\" class=\"lazyload\" style=\"--aspect-ratio-image: 1.50; \"\/><\/p>\n<p>        Kongen avsl\u00f8rt av barna<\/p>\n<p>    <\/a><\/p>\n<p>Det skal ha v\u00e6rt hans formelle ektefelle \u2013 prinsesse Caroline av Monaco (68) \u2013 som trakk i tr\u00e5der og hjalp ham \u00e5 rydde opp etter v\u00e5pen-dramaet.<\/p>\n<p>        \u00abHELT PERFEKT\u00bb: Influenser Alexandra Joner tar oss med bak i kulissene og kommer med en avsl\u00f8ring fra settet. Video: R\u00f8d L\u00f8per<\/p>\n<p>Innlagt p\u00e5 sykehus\t<\/p>\n<p>Mens drikkingen har tiltatt har helsen til Ernst August blitt stadig d\u00e5rligere. Han har v\u00e6rt innlagt flere ganger det siste \u00e5ret, b\u00e5de i Tyskland og Spania, med alvorlige hjerteproblemer og komplikasjoner etter en hofteoperasjon. <\/p>\n<p>        <img loading=\"lazy\" decoding=\"async\" src=\"https:\/\/www.europesays.com\/no\/wp-content\/uploads\/2025\/12\/84034591.webp.webp\" width=\"686\" height=\"851\" title=\"DRIKKER TETT: Ernst August er kjent for sine skandaler, som ofte skjer i alkorus. Her fra en p\u00e5skeferie. Ernst August var alltid \u00abfyrstemann\u00bb i baren! Foto: AllOver\" alt=\"\" class=\"\" style=\"--aspect-ratio-image: 0.81; \"\/><\/p>\n<p>\n        DRIKKER TETT: Ernst August er kjent for sine skandaler, som ofte skjer i alkorus. Her fra en p\u00e5skeferie. Ernst August var alltid \u00abfyrstemann\u00bb i baren! Foto: AllOver\n    <\/p>\n<p class=\"font-weight-bold m-font-weight-bold\" data-lab-font_weight=\"font-weight-bold\">Kilder har beskrevet ham som svak og medtatt, og flere frykter at hans dager snart er talte.<\/p>\n<p>Samboeren Claudia fikk til slutt nok av b\u00e5de sykdom, sinne og alkohol. Ryktene sier at 52-\u00e5ringen ikke lenger s\u00e5 for seg en fremtid sammen med Ernst August.<\/p>\n<p>    <a itemprop=\"url\" href=\"https:\/\/www.seher.no\/kongelig\/epstein-og-ghislaine-utnyttet-ham\/84024236\" rel=\"nofollow noopener\" target=\"_blank\"><\/p>\n<p>        <img loading=\"lazy\" decoding=\"async\" src=\"https:\/\/www.europesays.com\/no\/wp-content\/uploads\/2025\/12\/84023849.webp.webp\" width=\"980\" height=\"441\" title=\"- Epstein og Ghislaine utnyttet ham\" alt=\"\" class=\"lazyload\" style=\"--aspect-ratio-image: 2.22; \"\/><\/p>\n<p>        &#8211; Epstein og Ghislaine utnyttet ham<\/p>\n<p>    <\/a><\/p>\n<p>Da Ernst August i 1999 giftet seg med prinsesse Caroline av Monaco (68), ble ekteskapet omtalt som et eventyr. Han var overhode i Tysklands mest fornemme adelsslekt, og de to fremsto som glamor\u00f8se og forelskede.<\/p>\n<p>Sammen fikk de datteren Alexandra (25), som har vokst opp hos mamma Caroline og er et kj\u00e6rt medlem av Monacos fyrstefamilie. Hun bruker tittelen prinsesse Alexandra av Hannover, ettersom hun ikke har noen tittel i hjemlandet.<\/p>\n<p>        Kronprinsessen \u00e5pner opp i NRK-programmet \u00ab\u00c5ret med kongefamilien\u00bb. Video: NRK. Reporter: Mariel Sand Nwosu\/Dagbladet TV<\/p>\n<p>Men bak fasaden begynte problemene raskt \u00e5 t\u00e5rne seg opp. Fyrstens stadig mer uforutsigbare oppf\u00f8rsel og voldsomme temperament &#8211; kombinert med mye alkohol &#8211; f\u00f8rte til at paret etter hvert gikk hver sin vei. <\/p>\n<p>Offisielt er de to fortsatt gift, selv om de ikke har vist seg sammen offentlig p\u00e5 flere \u00e5r.<\/p>\n<p>    <a itemprop=\"url\" href=\"https:\/\/www.seher.no\/kongelig\/ingrid-hjem-for-a-redde-julen\/83966935\" rel=\"nofollow noopener\" target=\"_blank\"><\/p>\n<p>        <img loading=\"lazy\" decoding=\"async\" src=\"https:\/\/www.europesays.com\/no\/wp-content\/uploads\/2025\/12\/83966971.webp.webp\" width=\"147\" height=\"98\" title=\"Ingrid hjem for \u00e5 redde julen\" alt=\"\" class=\"lazyload\" style=\"--aspect-ratio-image: 1.50; \"\/><\/p>\n<p>        Ingrid hjem for \u00e5 redde julen<\/p>\n<p>    <\/a><\/p>\n<p>Krangel om arven\t<\/p>\n<p>Som om ikke det var nok, har fyrsten lenge ligget i bitter konflikt med sin eldste s\u00f8nn, Ernst August jr. (41).<\/p>\n<p>Striden handler b\u00e5de om familiearv og kontrollen over de enorme eiendommene i Tyskland og \u00d8sterrike. Faren har saks\u00f8kt s\u00f8nnen flere ganger \u2013 men tapte rettssaken tidligere i \u00e5r.<\/p>\n<p>        \u00abALLE ELSKER DAVID\u00bb: David Eriksen forteller at han hadde planer om \u00e5 lyve om dette. Video: \u00abAlle elsker David\u00bb\/TV 2, Nora Skavhaug\/R\u00f8d L\u00f8per<\/p>\n<p>Etter dommen skal forholdet mellom far og s\u00f8nn v\u00e6re iskaldt, og s\u00f8nnen nektet \u00e5 invitere faren til julefeiring p\u00e5 slottet.<\/p>\n<p class=\"font-weight-bold m-font-weight-bold\" data-lab-font_weight=\"font-weight-bold\">\u00a0N\u00e5 har Ernst August mistet b\u00e5de kj\u00e6resten, familien og helsen. Han st\u00e5r igjen med minnene om et liv preget av skandaler, s\u00f8ksm\u00e5l og mange forhold.<\/p>\n<p>    <a itemprop=\"url\" href=\"https:\/\/www.seher.no\/kongelig\/vekker-oppsikt-angrer-ikke\/83996344\" rel=\"nofollow noopener\" target=\"_blank\"><\/p>\n<p>        <img loading=\"lazy\" decoding=\"async\" src=\"https:\/\/www.europesays.com\/no\/wp-content\/uploads\/2025\/12\/1767165494_23_83736920.webp.webp\" width=\"147\" height=\"98\" title=\"Vekker oppsikt: Angrer ikke!\" alt=\"\" class=\"lazyload\" style=\"--aspect-ratio-image: 1.50; \"\/><\/p>\n<p>        Vekker oppsikt: Angrer ikke!<\/p>\n<p>    <\/a><\/p>\n<p>Likevel skal prinsesse Caroline (68) fortsatt ha et hjerte for mannen hun en gang elsket og fikk barn med. Sammen med deres datter Alexandra bes\u00f8kte hun i ham all hemmelighet under sykehusoppholdet i Madrid tidligere i \u00e5r.<\/p>\n<p>Ernst August tok det som et godt tegn og h\u00e5per at han en gang kan forsones med familien han forlot.<\/p>\n","protected":false},"excerpt":{"rendered":"Det ble en ensom jul for prinsesse Carolines ektemann Prins Ernst August av Hannover har g\u00e5tt inn og&hellip;\n","protected":false},"author":2,"featured_media":125290,"comment_status":"","ping_status":"","sticky":false,"template":"","format":"standard","meta":{"footnotes":""},"categories":[58],"tags":[4104,71,14771,479,30,28,29,14772,72],"class_list":{"0":"post-125289","1":"post","2":"type-post","3":"status-publish","4":"format-standard","5":"has-post-thumbnail","7":"category-underholdning","8":"tag-eksklusivt","9":"tag-entertainment","10":"tag-ernst-august-av-hannover","11":"tag-kjendis","12":"tag-no","13":"tag-norge","14":"tag-norway","15":"tag-prinsesse-caroline","16":"tag-underholdning"},"share_on_mastodon":{"url":"https:\/\/pubeurope.com\/@no\/115812965018926269","error":""},"_links":{"self":[{"href":"https:\/\/www.europesays.com\/no\/wp-json\/wp\/v2\/posts\/125289","targetHints":{"allow":["GET"]}}],"collection":[{"href":"https:\/\/www.europesays.com\/no\/wp-json\/wp\/v2\/posts"}],"about":[{"href":"https:\/\/www.europesays.com\/no\/wp-json\/wp\/v2\/types\/post"}],"author":[{"embeddable":true,"href":"https:\/\/www.europesays.com\/no\/wp-json\/wp\/v2\/users\/2"}],"replies":[{"embeddable":true,"href":"https:\/\/www.europesays.com\/no\/wp-json\/wp\/v2\/comments?post=125289"}],"version-history":[{"count":0,"href":"https:\/\/www.europesays.com\/no\/wp-json\/wp\/v2\/posts\/125289\/revisions"}],"wp:featuredmedia":[{"embeddable":true,"href":"https:\/\/www.europesays.com\/no\/wp-json\/wp\/v2\/media\/125290"}],"wp:attachment":[{"href":"https:\/\/www.europesays.com\/no\/wp-json\/wp\/v2\/media?parent=125289"}],"wp:term":[{"taxonomy":"category","embeddable":true,"href":"https:\/\/www.europesays.com\/no\/wp-json\/wp\/v2\/categories?post=125289"},{"taxonomy":"post_tag","embeddable":true,"href":"https:\/\/www.europesays.com\/no\/wp-json\/wp\/v2\/tags?post=125289"}],"curies":[{"name":"wp","href":"https:\/\/api.w.org\/{rel}","templated":true}]}}