{"id":125291,"date":"2025-12-31T07:25:07","date_gmt":"2025-12-31T07:25:07","guid":{"rendered":"https:\/\/www.europesays.com\/no\/125291\/"},"modified":"2025-12-31T07:25:07","modified_gmt":"2025-12-31T07:25:07","slug":"forsikringsselskap-vil-forby-privat-oppskyting-av-fyrverkeri-nrk-vestfold-og-telemark-lokale-nyheter-tv-og-radio","status":"publish","type":"post","link":"https:\/\/www.europesays.com\/no\/125291\/","title":{"rendered":"Forsikringsselskap vil forby privat oppskyting av fyrverkeri \u2013 NRK Vestfold og Telemark \u2013 Lokale nyheter, TV og radio"},"content":{"rendered":"<p>Saken oppsummert:<\/p>\n<p>\u2022 Over 100 \u00f8yeskader og 200 brann- og redningsoppdrag har v\u00e6rt knyttet til fyrverkeri i Norge siden 2017. <br \/>\u2022 Kombinasjonen av eksplosiver, alkohol og manglende erfaring f\u00f8rer til alvorlige skader og branner.<br \/>\u2022 52 prosent av befolkningen er bekymret for skader, og 53 prosent har opplevd utrygge situasjoner med fyrverkeri, if\u00f8lge en unders\u00f8kelse.<br \/>\u2022 Tryg Forsikring \u00f8nsker forbud mot privat fyrverkeri, mens flere privatpersoner mener det er en viktig tradisjon. <br \/>\u2022 DSB understreker viktigheten av sikkerhetsr\u00e5d, spesielt bruk av beskyttelsesbriller, for \u00e5 unng\u00e5 skader. <br \/>\u2022 Kommuner kan innf\u00f8re lokale regler for \u00e5 begrense fyrverkeribruk av hensyn til sikkerhet, dyr og natur.<\/p>\n<p>Oppsummeringen er laget av en KI-tjeneste fra OpenAI. Innholdet er kvalitetssikret av NRKs journalister f\u00f8r publisering.<\/p>\n<p>5, 4, 3, 2, 1&#8230; Klokka bikker midnatt. Fyrverkeriene blir skutt opp mot himmelen.<\/p>\n<p>\ud83c\udf86\ud83c\udf87\ud83c\udf86\ud83c\udf87\ud83c\udf86\ud83c\udf87\ud83c\udf86\ud83c\udf87\ud83c\udf86\ud83c\udf87\ud83c\udf86<\/p>\n<p><strong>Men hver eneste nytt\u00e5rsaften er det noen som blir skadet.<\/strong><\/p>\n<p>I fjor var det 23 personskader. Sju av disse fikk \u00f8yeskader, if\u00f8lge tall fra Direktoratet for samfunnssikkerhet og beredskap (DSB).<\/p>\n<p>Siden 2017 er det registrert godt over hundre \u00f8yeskader som f\u00f8lge av fyrverkeri i Norge, viser tall fra Haukeland universitetssjukehus og andre \u00f8yeavdelinger.<\/p>\n<p>\u00d8nsker et forbud<\/p>\n<p><strong>Kombinasjonen av eksplosiver, alkohol og manglende erfaring f\u00f8rer til alvorlige personskader og kostbare branner.<\/strong><\/p>\n<p>Siden nytt\u00e5rsfeiringen i 2017 har n\u00f8detatene rykket ut p\u00e5 over 200 oppdrag som f\u00f8lge av fyrverkeri. Det viser tall fra DSB.<\/p>\n<p>Rundt 90 av disse har v\u00e6rt branner eller branntill\u00f8p i bygninger.<\/p>\n<p><strong>\u2013 Tiden er overmoden for et forbud mot privat fyrverkerioppskyting, sier Ole Irgens i Tryg Forsikring.<\/strong><\/p>\n<ul class=\"dhpg__gallery__list\">\n<li class=\"dhpg__gallery__listItem\"><img alt=\"en person som st\u00e5r utenfor\"  width=\"2400\" height=\"2400\" loading=\"lazy\"\/>Ole Irgens\n<p>Pressesjef, Tryg Forsikring<\/p>\n<\/li>\n<\/ul>\n<p>Han viser til en rekke tiltak som er pr\u00f8vd ut. Deriblant soner med forbud, holdningskampanjer, p\u00e5legg om vernebriller og lignende.<\/p>\n<p><strong>\u2013 Det har ikke hatt noen synlig effekt p\u00e5 antall skader. Verken p\u00e5 mennesker eller materiell. Da m\u00e5 det mer inngripende tiltak til, sier Irgens. <\/strong><\/p>\n<p>\u2013 G\u00e5r som regel bra<\/p>\n<p>I T\u00f8nsberg m\u00f8ter vi Felicia Skjelland og Ole Martin Moldeklev Edvardsen. For dem er det \u00e5 skyte opp fyrverkeri ved tolvslaget en tradisjon.<\/p>\n<p><strong>\u2013 Man m\u00e5 ta hensyn for at ulykker ikke skal skje. Ha p\u00e5 beskyttelsesbriller og holde god avstand, sier Moldeklev Edvardsen.<\/strong><\/p>\n<p>    <img class=\"dhtb__img--YLLyL\" alt=\"Felicia Skjelland (21) og Ole Martin Moldeklev Edvardsen (23) snakker om fyrverkeri\" loading=\"lazy\" fetchpriority=\"auto\" style=\"--_horizontal-object-position: max(100%, min(0px, calc(0.45 * 100% - 0.45 * 100vw + 50vw))) max(100%, min(0px, calc(0.50 * 100% - 0.50 * 100vh + 50vh))); --_vertical-object-position: max(100%, min(0px, calc(0.48 * 100% - 0.48 * 100vw + 50vw))) max(100%, min(0px, calc(0.50 * 100% - 0.50 * 100vh + 50vh)));\" \/><\/p>\n<p>Felicia Skjelland (21) fra T\u00f8nsberg og Ole Martin Moldeklev Edvardsen (23) fra Sandefjord.<\/p>\n<p>Foto: Veslem\u00f8y Pr\u00f8is \/ NRK<\/p>\n<p>Felicia Skjelland (21) fra T\u00f8nsberg og Ole Martin Moldeklev Edvardsen (23) fra Sandefjord.<\/p>\n<p> Foto: Veslem\u00f8y Pr\u00f8is \/ NRK<\/p>\n<p>De liker ikke forslaget om et forbud.<\/p>\n<p>\u2013 Det synes jeg er litt teit. Vi har gjort det i s\u00e5 mange \u00e5r, og det g\u00e5r som oftest bra. Alle kjenner en eller annen som har v\u00e6rt utsatt for en ulykke, men som regel g\u00e5r det fint.<\/p>\n<p>Skjelland er enig.<\/p>\n<p><strong>\u2013 Man kan skade seg n\u00e5r man kutter opp en saltp\u00f8lse p\u00e5 morgenen ogs\u00e5. Det kan ogs\u00e5 g\u00e5 g\u00e6rent, men som regel g\u00e5r det fint.<\/strong><\/p>\n<p>        \u00d8nsker du et forbud mot privat oppskyting av fyrverkeri?\ud83c\udf86\u274c<\/p>\n<p>        Ja, vil ha slutt p\u00e5 all fyrverkeri! Tenk p\u00e5 dyrene og alle skadene\ud83e\udd15\ud83d\udc36<\/p>\n<p>        Ja, \u00f8nsker ikke privat oppskyting. Men et stort offentlig fyrverkeri hadde v\u00e6rt fint\ud83c\udf86\ud83d\udc4d<\/p>\n<p>        Nei til forbud! Fyrverkeri er topp b\u00e5de privat og offentlig\ud83e\udd29<\/p>\n<p>      Vis resultat<\/p>\n<p class=\"pin-nrkno-poll__disclaimer\">\n    Denne avstemningen viser ikke hva befolkningen mener om sp\u00f8rsm\u00e5let.<br \/>\n    Resultatet viser hva de som selv har valgt \u00e5 stemme mener,<br \/>\n    og avstemningen har ikke et utvalg som gj\u00f8r den representativ for alle som bor i landet.\n  <\/p>\n<p>I Porsgrunn synes Jens Holl\u00f8kken at fyrverkeri bare er sl\u00f8seri.<\/p>\n<p><strong>\u2013 Det har jeg slutta med. Synes det er helt un\u00f8dvendig, og det f\u00f8rer bare til mye skader.<\/strong>\n<\/p>\n<p>    <img class=\"dhtb__img--YLLyL\" alt=\"En mann st\u00e5r foran en matbod p\u00e5 en kald og solfylt dag. Han har p\u00e5 seg en m\u00f8rk jakke og en ryggsekk, og ser mot kameraet. Bakgrunnen viser en gul bod med skilt og informasjon. Tr\u00e6rne rundt er uten blader, noe som tyder p\u00e5 at det er vinter. (Bildebeskrivelsen er laget av en KI-tjeneste)\" loading=\"lazy\" fetchpriority=\"auto\" style=\"--_horizontal-object-position: max(100%, min(0px, calc(0.50 * 100% - 0.50 * 100vw + 50vw))) max(100%, min(0px, calc(0.50 * 100% - 0.50 * 100vh + 50vh))); --_vertical-object-position: max(100%, min(0px, calc(0.50 * 100% - 0.50 * 100vw + 50vw))) max(100%, min(0px, calc(0.50 * 100% - 0.50 * 100vh + 50vh)));\" \/><\/p>\n<p>Jens Holl\u00f8kken synes fyrverkeri bare er sl\u00f8seri.<\/p>\n<p>Foto: Fredrik Pedersen \/ NRK<\/p>\n<p>Jens Holl\u00f8kken synes fyrverkeri bare er sl\u00f8seri.<\/p>\n<p> Foto: Fredrik Pedersen \/ NRK<\/p>\n<p>Han tror ikke et forbud vil hjelpe noe s\u00e6rlig.<\/p>\n<p><strong>\u2013 Folk m\u00e5 tenke og vurdere selv, men for min del er fyrverkeri uaktuelt.<\/strong><\/p>\n<ul class=\"dhpg__gallery__list\">\n<li class=\"dhpg__gallery__listItem\"><img alt=\"En person st\u00e5r foran en fyrverkeribod p\u00e5 en frostfylt plass. Det er tr\u00e6r med bare greiner i omr\u00e5det, i tillegg til bygninger i bakgrunnen. Sollyset skinner fra en klar himmel. (Bildebeskrivelsen er laget av en KI-tjeneste)\"  width=\"2400\" height=\"2400\" loading=\"lazy\"\/>Asnate Bedi\n<p>\u2013 Jeg h\u00e5per at de som holder p\u00e5 med fyrverkeri, vet hva de driver med.<\/p>\n<\/li>\n<li class=\"dhpg__gallery__listItem\"><img alt=\"En person st\u00e5r foran en butikk. Personen har p\u00e5 seg en lys jakke og ser mot kameraet. Bakgrunnen viser inngangen til butikken med teksten &quot;VELKOMMEN&quot; og andre butikkreklamer. Omr\u00e5det er dekket av sn\u00f8, som indikerer vinterforhold. (Bildebeskrivelsen er laget av en KI-tjeneste)\"  width=\"2400\" height=\"2400\" loading=\"lazy\"\/>Magnus Vold\n<p>\u2013 Jeg er ikke for et forbud. Vil ha det s\u00e5nn det er n\u00e5.<\/p>\n<\/li>\n<\/ul>\n<p>\u2013 Veldig opptatt av sikkerhet<\/p>\n<p>Pyrotekniker Olav Hanto s\u00f8rger for offentlig fyrverkeri fra Breviksbrua p\u00e5 nytt\u00e5rsaften \u00e5r etter \u00e5r.<\/p>\n<p>Han er ikke s\u00e5 glad i forbud, men h\u00e5per organisert oppskyting blir den vanligste formen for fyrverkeri i Norge fremover.\n<\/p>\n<p>    <img class=\"dhtb__img--YLLyL\" alt=\"En person i en m\u00f8nstrete genser holder en stor, innpakket gjenstand i h\u00e5nden. Bak personen er en annen person i m\u00f8rk jakke som beveger seg mot en vogn med gule ruller. Omgivelsene er innend\u00f8rs med trevegger og en synlig dekorasjon i form av nummeret &quot;100&quot; p\u00e5 veggen. Bildet gir inntrykk av et lager eller verksted med utstyr rundt. (Bildebeskrivelsen er laget av en KI-tjeneste)\" loading=\"lazy\" fetchpriority=\"auto\" style=\"--_horizontal-object-position: max(100%, min(0px, calc(0.50 * 100% - 0.50 * 100vw + 50vw))) max(100%, min(0px, calc(0.46 * 100% - 0.46 * 100vh + 50vh))); --_vertical-object-position: max(100%, min(0px, calc(0.50 * 100% - 0.50 * 100vw + 50vw))) max(100%, min(0px, calc(0.50 * 100% - 0.50 * 100vh + 50vh)));\" \/><\/p>\n<p>Olav Hanto, pyrotekniker i Porsgrunn.<\/p>\n<p>Foto: Robert Hansen \/ NRK<\/p>\n<p>Olav Hanto, pyrotekniker i Porsgrunn.<\/p>\n<p> Foto: Robert Hansen \/ NRK<\/p>\n<p><strong>\u2013 Det er vakrere, finere og tryggere. Fyrverkeri er en kunstform i min verden, sier han.<\/strong><\/p>\n<p>\u2013 Det er veldig strengt regelverk rundt profesjonelt fyrverkeri. Vi som jobber med dette er opptatt av sikkerhet og \u00e5 f\u00f8lge det regelverket som finnes.<\/p>\n<p>Kommunene kan ha egne regler<\/p>\n<p>Det er ingen planer for et totalforbud mot privat fyrverkeri, opplyser seksjonssjef Ann Christin Rognmo Olsen i DSB, som ogs\u00e5 understrekere at reglene er strengt regulert.\n<\/p>\n<p>    <img class=\"dhtb__img--YLLyL\" alt=\"Portrettbilde av Ann Christin Olsen\" loading=\"lazy\" fetchpriority=\"auto\" style=\"--_horizontal-object-position: max(100%, min(0px, calc(0.48 * 100% - 0.48 * 100vw + 50vw))) max(100%, min(0px, calc(0.47 * 100% - 0.47 * 100vh + 50vh))); --_vertical-object-position: max(100%, min(0px, calc(0.50 * 100% - 0.50 * 100vw + 50vw))) max(100%, min(0px, calc(0.50 * 100% - 0.50 * 100vh + 50vh)));\" \/><\/p>\n<p>Ann Christin Rognmo Olsen er seksjonssjef i Direktoratet for samfunnssikkerhet og beredskap.<\/p>\n<p>Foto: Veslem\u00f8y Pr\u00f8is \/ NRK<\/p>\n<p>Ann Christin Rognmo Olsen er seksjonssjef i Direktoratet for samfunnssikkerhet og beredskap.<\/p>\n<p> Foto: Veslem\u00f8y Pr\u00f8is \/ NRK<\/p>\n<p><strong>\u2013 De strenge rammene for salg og omsetning av fyrverkeri til private gir n\u00e5 et godt grunnlag for en s\u00e5 trygg bruk som mulig.<\/strong><\/p>\n<p>Kommunene kan ogs\u00e5 sette lokale regler som begrenser bruken av fyrverkeri i spesifikke omr\u00e5der av hensyn til sikkerhet, dyr og natur.<\/p>\n<p>Over halvparten er bekymret for skader<\/p>\n<p>DSB viser til en fersk unders\u00f8kelse fra Kantar, som viser at 52 prosent av befolkningen er bekymret for skader.<\/p>\n<p>I tillegg svarer 53 prosent at de har opplevd utrygge situasjoner rundt bruk av fyrverkeri.<\/p>\n<p><strong>Dette er bekymringer DSB tar p\u00e5 alvor, if\u00f8lge seksjonssjefen.<\/strong><\/p>\n<p>Hun understreker viktigheten av at alle som skal h\u00e5ndtere fyrverkeri f\u00f8lger sikkerhetsr\u00e5dene.<\/p>\n<p>\u2013 Slik at nytt\u00e5rsfeiringen oppleves som trygg og hyggelig for alle \u2013 og uten at noen skal v\u00e6re redde for \u00e5 bli skadet.<\/p>\n<p>Slik bruker du fyrverkeri riktig:<\/p>\n<ul>\n<li>Bruk fyrverkeri kun p\u00e5 nytt\u00e5rsaften, mellom klokken 18.00 og 02.00.<\/li>\n<li>S\u00f8rg for at bakkebatteriet st\u00e5r trygt og st\u00f8tt, pakk gjerne rundt med sn\u00f8 hvis det finnes.<\/li>\n<li>Unng\u00e5 at fyrverkeriet blir fuktig eller v\u00e5tt.<\/li>\n<li>Les bruksanvisningen og f\u00f8lg r\u00e5dene for sikker avstand ved oppskyting.<\/li>\n<li>Bruk beskyttelsesbriller for \u00e5 unng\u00e5 \u00f8yeskader.<\/li>\n<li>Tenn aldri lunta to ganger. Hvis den ikke tenner f\u00f8rste gang, vent 30 minutter, dynk med vann og lever tilbake til forhandler.<\/li>\n<\/ul>\n<p>Kilde: <a href=\"https:\/\/www.dsb.no\/sikkerhverdag\/fyrverkeri-og-eksplosiver\/slik-bruker-du-fyrverkeri-trygt\/\" ec-id=\"https:\/\/www.dsb.no\/sikkerhverdag\/fyrverkeri-og-eksplosiver\/slik-bruker-du-fyrverkeri-trygt\/\" ec-name=\"DSB\" rel=\"nofollow noopener\" target=\"_blank\">DSB<\/a>.<\/p>\n<p><strong>Rognmo Olsens viktigste r\u00e5d er \u00e5 bruke beskyttelsesbriller. Hun forteller at det er naturligvis den som h\u00e5ndterer fyrverkeriet som er mest utsatt for skader.<\/strong><\/p>\n<p>\u2013 Men dersom fyrverkeriet velter eller avstanden til tilskuerne er for liten, s\u00e5 kan ogs\u00e5 disse v\u00e6re utsatt. Derfor anbefaler vi alle \u00e5 bruke beskyttelsesbriller.<\/p>\n<p>Publisert<\/p>\n<p>31.12.2025, kl. 07.59<\/p>\n","protected":false},"excerpt":{"rendered":"Saken oppsummert: \u2022 Over 100 \u00f8yeskader og 200 brann- og redningsoppdrag har v\u00e6rt knyttet til fyrverkeri i Norge&hellip;\n","protected":false},"author":2,"featured_media":125292,"comment_status":"","ping_status":"","sticky":false,"template":"","format":"standard","meta":{"footnotes":""},"categories":[10],"tags":[20,21,24,25,15,22,23,13,30,28,29,14,16,26,27],"class_list":{"0":"post-125291","1":"post","2":"type-post","3":"status-publish","4":"format-standard","5":"has-post-thumbnail","7":"category-norge","8":"tag-breaking-news","9":"tag-breakingnews","10":"tag-featured-news","11":"tag-featurednews","12":"tag-headlines","13":"tag-latest-news","14":"tag-latestnews","15":"tag-news","16":"tag-no","17":"tag-norge","18":"tag-norway","19":"tag-nyheter","20":"tag-overskrifter","21":"tag-top-stories","22":"tag-topstories"},"share_on_mastodon":{"url":"https:\/\/pubeurope.com\/@no\/115812992470541241","error":""},"_links":{"self":[{"href":"https:\/\/www.europesays.com\/no\/wp-json\/wp\/v2\/posts\/125291","targetHints":{"allow":["GET"]}}],"collection":[{"href":"https:\/\/www.europesays.com\/no\/wp-json\/wp\/v2\/posts"}],"about":[{"href":"https:\/\/www.europesays.com\/no\/wp-json\/wp\/v2\/types\/post"}],"author":[{"embeddable":true,"href":"https:\/\/www.europesays.com\/no\/wp-json\/wp\/v2\/users\/2"}],"replies":[{"embeddable":true,"href":"https:\/\/www.europesays.com\/no\/wp-json\/wp\/v2\/comments?post=125291"}],"version-history":[{"count":0,"href":"https:\/\/www.europesays.com\/no\/wp-json\/wp\/v2\/posts\/125291\/revisions"}],"wp:featuredmedia":[{"embeddable":true,"href":"https:\/\/www.europesays.com\/no\/wp-json\/wp\/v2\/media\/125292"}],"wp:attachment":[{"href":"https:\/\/www.europesays.com\/no\/wp-json\/wp\/v2\/media?parent=125291"}],"wp:term":[{"taxonomy":"category","embeddable":true,"href":"https:\/\/www.europesays.com\/no\/wp-json\/wp\/v2\/categories?post=125291"},{"taxonomy":"post_tag","embeddable":true,"href":"https:\/\/www.europesays.com\/no\/wp-json\/wp\/v2\/tags?post=125291"}],"curies":[{"name":"wp","href":"https:\/\/api.w.org\/{rel}","templated":true}]}}