{"id":125302,"date":"2025-12-31T07:39:15","date_gmt":"2025-12-31T07:39:15","guid":{"rendered":"https:\/\/www.europesays.com\/no\/125302\/"},"modified":"2025-12-31T07:39:15","modified_gmt":"2025-12-31T07:39:15","slug":"dyrevelferdsloven-hunder-synet-sjokkerte-inspektorene-na-er-hundeeieren-domt-bergensavisen","status":"publish","type":"post","link":"https:\/\/www.europesays.com\/no\/125302\/","title":{"rendered":"Dyrevelferdsloven, Hunder | Synet sjokkerte inspekt\u00f8rene: N\u00e5 er hundeeieren d\u00f8mt &#8211; Bergensavisen"},"content":{"rendered":"<ol>\n<li><a href=\"https:\/\/news.google.com\/rss\/articles\/CBMimwFBVV95cUxNb1BvLThmWXRrUnBHeXFueF80VHRnMDNtZVllR2VqSTEta1d4MENmOUszMXEzVjRvLXBfT2RmdVpPMVpBNE9EY1JBU3U5Zi1TZDRvYmRCN1luUmJjSlF3V3NlTHdCdWJTcWVRcGx4VlBmUDQtVVRnOWpPNmNxRVNQSm92QmhHNXUxdDc4cVZBTDMxMzZKbkZaV05oOA?oc=5\" target=\"_blank\" rel=\"nofollow noopener\">Dyrevelferdsloven, Hunder | Synet sjokkerte inspekt\u00f8rene: N\u00e5 er hundeeieren d\u00f8mt<\/a>&nbsp;&nbsp;Bergensavisen<\/li>\n<li><a href=\"https:\/\/news.google.com\/rss\/articles\/CBMirgFBVV95cUxNajR4cTBHdERNWHg4a1VELWQ0RWtLaGE4M1hfVmZKdXVfZ3hRaHZxVVYwNHIzZHYzdkZXYl9zY002X3dKY2R3bUFPbkxXZDFHSU5KR0ZyWEx3MUJ0NlAxWHFlVmhldzJhRmVyTHFrYW1EMkc1REpFbHh6Yk53V3NmOWVKZDJjakRjX2NxWG1UckhlaHdYRXFYeVc5V29wdFpxaVFBamlCWDd5TUgybUE?oc=5\" target=\"_blank\" rel=\"nofollow noopener\">Hundeeier d\u00f8mt til seks m\u00e5neders fengsel<\/a>&nbsp;&nbsp;TV2.no<\/li>\n<li><a href=\"https:\/\/news.google.com\/rss\/articles\/CBMiowFBVV95cUxQWDZjeHB4anVUYzFIelYtTUZFTnFVZE1MMzhRbjEwbUZjSXZoT0prUEVyaDFCMXFhMEJMYkVYVlFHRVBvV1BwOWVNSUdFemJBdi1RZ1RoZk1kV2R0ak5iM3dwMzhmMEgwendxa0VsdHhXeThUVWpfSzM4ZHdOS0RqS29idkkzUFA5ZUZLdndCTWI2S2Rxa0ZHQ2JVc0Q2UU1RWUZZ?oc=5\" target=\"_blank\" rel=\"nofollow noopener\">Hundeeier d\u00f8mt til seks m\u00e5neders fengsel for vanskj\u00f8tsel<\/a>&nbsp;&nbsp;Aftenposten<\/li>\n<li><a href=\"https:\/\/news.google.com\/rss\/articles\/CBMihgFBVV95cUxQM1EtTGQ2YkVveDl1YktSVTVHbzlqdG4yWEpLYk9ZZjlpN0pLUHZQNmpWbUJieGRLTFJfUDFGaGI1T1hFODJKalN2UFFWbDVpTTdwQmJ2MUhqT19QbThNSkdNMzAtQWNzNUtBS1NRWTRtdWhXZm92cEVLeVBxeFBNTE1sZmZldw?oc=5\" target=\"_blank\" rel=\"nofollow noopener\">Hundeeier p\u00e5 Oster\u00f8y d\u00f8mt til seks m\u00e5neders fengsel<\/a>&nbsp;&nbsp;Bergens Tidende<\/li>\n<li><a href=\"https:\/\/news.google.com\/rss\/articles\/CBMifEFVX3lxTE92d2Y2a181YmJnN2FzQ0dicU5sTEQxWkFFTXVScVpvZ0QxT0NnWERKQkxYZk9DbVNfRVRneXZ3M2NSeEY1MFNMSGhqdVI0VU5vUlBHbVBPUF83elVlVUdmODJUejZmM0VOWmZCQzN5aS1rRkRiMWRRNkNkdDQ?oc=5\" target=\"_blank\" rel=\"nofollow noopener\">Hundeeigarar fekk redusert straff<\/a>&nbsp;&nbsp;NRK<\/li>\n<\/ol>\n","protected":false},"excerpt":{"rendered":"Dyrevelferdsloven, Hunder | Synet sjokkerte inspekt\u00f8rene: N\u00e5 er hundeeieren d\u00f8mt&nbsp;&nbsp;Bergensavisen Hundeeier d\u00f8mt til seks m\u00e5neders fengsel&nbsp;&nbsp;TV2.no Hundeeier d\u00f8mt&hellip;\n","protected":false},"author":2,"featured_media":125303,"comment_status":"","ping_status":"","sticky":false,"template":"","format":"standard","meta":{"footnotes":""},"categories":[10],"tags":[20,21,24,25,15,22,23,13,30,28,29,14,16,26,27],"class_list":{"0":"post-125302","1":"post","2":"type-post","3":"status-publish","4":"format-standard","5":"has-post-thumbnail","7":"category-norge","8":"tag-breaking-news","9":"tag-breakingnews","10":"tag-featured-news","11":"tag-featurednews","12":"tag-headlines","13":"tag-latest-news","14":"tag-latestnews","15":"tag-news","16":"tag-no","17":"tag-norge","18":"tag-norway","19":"tag-nyheter","20":"tag-overskrifter","21":"tag-top-stories","22":"tag-topstories"},"share_on_mastodon":{"url":"https:\/\/pubeurope.com\/@no\/115813047532535752","error":""},"_links":{"self":[{"href":"https:\/\/www.europesays.com\/no\/wp-json\/wp\/v2\/posts\/125302","targetHints":{"allow":["GET"]}}],"collection":[{"href":"https:\/\/www.europesays.com\/no\/wp-json\/wp\/v2\/posts"}],"about":[{"href":"https:\/\/www.europesays.com\/no\/wp-json\/wp\/v2\/types\/post"}],"author":[{"embeddable":true,"href":"https:\/\/www.europesays.com\/no\/wp-json\/wp\/v2\/users\/2"}],"replies":[{"embeddable":true,"href":"https:\/\/www.europesays.com\/no\/wp-json\/wp\/v2\/comments?post=125302"}],"version-history":[{"count":0,"href":"https:\/\/www.europesays.com\/no\/wp-json\/wp\/v2\/posts\/125302\/revisions"}],"wp:featuredmedia":[{"embeddable":true,"href":"https:\/\/www.europesays.com\/no\/wp-json\/wp\/v2\/media\/125303"}],"wp:attachment":[{"href":"https:\/\/www.europesays.com\/no\/wp-json\/wp\/v2\/media?parent=125302"}],"wp:term":[{"taxonomy":"category","embeddable":true,"href":"https:\/\/www.europesays.com\/no\/wp-json\/wp\/v2\/categories?post=125302"},{"taxonomy":"post_tag","embeddable":true,"href":"https:\/\/www.europesays.com\/no\/wp-json\/wp\/v2\/tags?post=125302"}],"curies":[{"name":"wp","href":"https:\/\/api.w.org\/{rel}","templated":true}]}}