{"id":125306,"date":"2025-12-31T07:50:11","date_gmt":"2025-12-31T07:50:11","guid":{"rendered":"https:\/\/www.europesays.com\/no\/125306\/"},"modified":"2025-12-31T07:50:11","modified_gmt":"2025-12-31T07:50:11","slug":"timelang-ko-for-hver-tur-dagbladet","status":"publish","type":"post","link":"https:\/\/www.europesays.com\/no\/125306\/","title":{"rendered":"&#8211; Timelang k\u00f8 for hver tur &#8211; Dagbladet"},"content":{"rendered":"<ol>\n<li><a href=\"https:\/\/news.google.com\/rss\/articles\/CBMidEFVX3lxTE5YYnRaS1hqM00xVk5Od1VrQm1ycndsTHRVaTRzLXJCXzBTRFRYdWxBOE9LVHhNT1VYTVBDRjgyM0tjYWJMdTA5MjVCc1RvaEU4OVFoU2MwVkhfd0R4LVRKUm0zTThyR1gxN1Q0QXNTT2ZjaGdf?oc=5\" target=\"_blank\" rel=\"nofollow noopener\">&#8211; Timelang k\u00f8 for hver tur<\/a>&nbsp;&nbsp;Dagbladet<\/li>\n<li><a href=\"https:\/\/news.google.com\/rss\/articles\/CBMickFVX3lxTE5tYkRFRkNQZ2JLRHFieVJUUTVtbEk2ZVpxeXRLWFhNSVQtcDEtY2lveG5qQWh4UkNOTGItRExtMzlaLXYxWTl1cnl5LUNiemlDTHF2REpUSDJJcGVpVDhUdWNwWVNDQkJwb0RNcFphODY4QQ?oc=5\" target=\"_blank\" rel=\"nofollow noopener\">Dei minste anlegga er dei mest s\u00e5rbare<\/a>&nbsp;&nbsp;fjt.no<\/li>\n<li><a href=\"https:\/\/news.google.com\/rss\/articles\/CBMinAFBVV95cUxPcE50SjctS3hXVDNfUVlWNGU5bThGWDVOLVhuMXo4NnN0MFU5c3hzdS1ENW1tVnVSNEVQcnZ1ejd6bkswZnN0Q3pEYzhtZ2J0cDVlUlVNdWZlamhwVFd4OVk2aHg1Z0oxOU1vZTNPV3N2SnFrRVBwQVhKNC1LVzZVTzB2VUtncWo1Ri1QVGNFSjF3Rk9QaVlmMmJ6MnQ?oc=5\" target=\"_blank\" rel=\"nofollow noopener\">\u2013 Vi blir behandlet som sauer \u2013 i et av Norges beste skianlegg<\/a>&nbsp;&nbsp;\u00d8stlendingen<\/li>\n<li><a href=\"https:\/\/news.google.com\/rss\/articles\/CBMiqwFBVV95cUxQWXJlOUN2UERVY0kxajdwVEFlRy11dWpFRUttQUs0d1pLSERLR05sRU1TZEZPUllmWVFlSWhiWG85bVJic0prdS0zc0w4TjBGM3dKRE1qcElrLWttN2ttT0xGaktXUGFRbzFJREU2M09TU19SVm5hbzVJU3EzYVB2YVljVk5zSGdRbFJxaWJEeFRKRUVDYzZ0aWxEQnRUUUNkbFRSVXJfdFpUQUk?oc=5\" target=\"_blank\" rel=\"nofollow noopener\">Mange heiser og nedfarter i alpinanlegg stengt p\u00e5 grunn av lite sn\u00f8<\/a>&nbsp;&nbsp;NRK<\/li>\n<li><a href=\"https:\/\/news.google.com\/rss\/articles\/CBMixgFBVV95cUxQWGZlY0lvMUVzWFdrZlN2OFFoaHBPOE4weTlQQnlZX2RWSHRRWTI4Nmlwc3ZVUkNldGloVGNSN0NPY3RQVm0zNVZaZW91LVBnREhlWGtxV0tlcFRjdC0tMXFmdXRXV09neFZxUzlRWHhENm1ONDlyWjNxM1NraVI5MVBaRk93UElWMVV5R25uRVpLNGhRZ1hBbEx1N3pQMENNSzQ2ZE5HcEk4bFFsV1BGdVlBWk9NdzBrazJ5V1Q1VS15WjN5eXc?oc=5\" target=\"_blank\" rel=\"nofollow noopener\">Nyheter, Beitost\u00f8len | Lite sn\u00f8 og mye vind stopper ikke skiheisene i Valdres: \u2013 Folk er huga te \u00e5 st\u00e5 p\u00e5 ski<\/a>&nbsp;&nbsp;Avisa Valdres<\/li>\n<\/ol>\n","protected":false},"excerpt":{"rendered":"&#8211; Timelang k\u00f8 for hver tur&nbsp;&nbsp;Dagbladet Dei minste anlegga er dei mest s\u00e5rbare&nbsp;&nbsp;fjt.no \u2013 Vi blir behandlet som&hellip;\n","protected":false},"author":2,"featured_media":125307,"comment_status":"","ping_status":"","sticky":false,"template":"","format":"standard","meta":{"footnotes":""},"categories":[10],"tags":[20,21,24,25,15,2539,22,23,13,30,28,29,14,16,26,27],"class_list":{"0":"post-125306","1":"post","2":"type-post","3":"status-publish","4":"format-standard","5":"has-post-thumbnail","7":"category-norge","8":"tag-breaking-news","9":"tag-breakingnews","10":"tag-featured-news","11":"tag-featurednews","12":"tag-headlines","13":"tag-innenriks","14":"tag-latest-news","15":"tag-latestnews","16":"tag-news","17":"tag-no","18":"tag-norge","19":"tag-norway","20":"tag-nyheter","21":"tag-overskrifter","22":"tag-top-stories","23":"tag-topstories"},"share_on_mastodon":{"url":"https:\/\/pubeurope.com\/@no\/115813090786197961","error":""},"_links":{"self":[{"href":"https:\/\/www.europesays.com\/no\/wp-json\/wp\/v2\/posts\/125306","targetHints":{"allow":["GET"]}}],"collection":[{"href":"https:\/\/www.europesays.com\/no\/wp-json\/wp\/v2\/posts"}],"about":[{"href":"https:\/\/www.europesays.com\/no\/wp-json\/wp\/v2\/types\/post"}],"author":[{"embeddable":true,"href":"https:\/\/www.europesays.com\/no\/wp-json\/wp\/v2\/users\/2"}],"replies":[{"embeddable":true,"href":"https:\/\/www.europesays.com\/no\/wp-json\/wp\/v2\/comments?post=125306"}],"version-history":[{"count":0,"href":"https:\/\/www.europesays.com\/no\/wp-json\/wp\/v2\/posts\/125306\/revisions"}],"wp:featuredmedia":[{"embeddable":true,"href":"https:\/\/www.europesays.com\/no\/wp-json\/wp\/v2\/media\/125307"}],"wp:attachment":[{"href":"https:\/\/www.europesays.com\/no\/wp-json\/wp\/v2\/media?parent=125306"}],"wp:term":[{"taxonomy":"category","embeddable":true,"href":"https:\/\/www.europesays.com\/no\/wp-json\/wp\/v2\/categories?post=125306"},{"taxonomy":"post_tag","embeddable":true,"href":"https:\/\/www.europesays.com\/no\/wp-json\/wp\/v2\/tags?post=125306"}],"curies":[{"name":"wp","href":"https:\/\/api.w.org\/{rel}","templated":true}]}}