{"id":12531,"date":"2025-08-19T18:47:09","date_gmt":"2025-08-19T18:47:09","guid":{"rendered":"https:\/\/www.europesays.com\/no\/12531\/"},"modified":"2025-08-19T18:47:09","modified_gmt":"2025-08-19T18:47:09","slug":"kultur-ypsilon-her-er-will-smith-i-norge-girer-opp-til-ypsilon","status":"publish","type":"post","link":"https:\/\/www.europesays.com\/no\/12531\/","title":{"rendered":"Kultur, Ypsilon | Her er Will Smith i Norge: \u2013 Girer opp til Ypsilon!"},"content":{"rendered":"\n<p><b>OSLO: \u2013 Vi er i Oslo, og skal gj\u00f8re litt opptak. Det er s\u00e5 fint her, god inspirasjon i bakgrunnen, sier Will Smith i en video han har lagt ut p\u00e5 sin instagramkonto. <\/b><\/p>\n<p>I bakgrunnen kan man se hovedstaden gjennom store vindu.<\/p>\n<p>Det betyr alts\u00e5 at rapperen og skuespilleren har ankommet Norge f\u00f8r fredagens konsert i Drammen. Drammens Tidende erfarer at megastjernen ankom Norge mandag 18. august.<\/p>\n<p><b>\u00abGirer opp til Ypsilon p\u00e5 fredag\u00bb, har han lagt til som caption p\u00e5 videoen.<\/b><\/p>\n<p>\u00abNorge, er dere klare?\u00bb, st\u00e5r det videre p\u00e5 videoen.<\/p>\n<p>  <a href=\"https:\/\/www.dt.no\/5-57-2541508\" class=\"related-teaser has-image default-story-teaser article--c-eRUmMG article--c-eRUmMG-jKCPdD-design-default\" rel=\"nofollow noopener\" target=\"_blank\"><\/p>\n<p>    <img decoding=\"async\" loading=\"lazy\"  src=\"https:\/\/www.europesays.com\/no\/wp-content\/uploads\/2025\/08\/Will_Music_7_2_2024_SHOT_3_223.jpg\" alt=\"\" class=\"brick-c-cFOWSL\" style=\"\"\/><\/p>\n<p>\n            Les ogs\u00e5<\/p>\n<p>              Sjokkbooking til Ypsilon: \u2013 Vi vil gi publikum en kveld de aldri vil glemme\n        <\/p>\n<p>  <\/a><\/p>\n<p>   <img decoding=\"async\" width=\"1179\" height=\"2057\" fetchpriority=\"low\"  loading=\"lazy\"  src=\"https:\/\/www.europesays.com\/no\/wp-content\/uploads\/2025\/08\/IMG_2295+%281%29.png\" alt=\"\" class=\"brick-c-cFOWSL\" style=\"--brick-image-ratio: 1179 \/ 2057;\"\/><\/p>\n<p>    Foto: Skjermdump fra Will Smiths Instagram-story\n  <\/p>\n<p>  Dr\u00f8mmebookingen<\/p>\n<p>Magnus Lund, festivalsjef for Ypsilon, har tidligere fortalt Drammens Tidende at han har jobbet i flere \u00e5r med \u00e5 booke Will Smith.<\/p>\n<p>Under \u00e5rets Ypsilon-festival, som g\u00e5r av stabelen fredag 22. august, h\u00f8ster han frukter etter \u00e5revis med m\u00e5lrettet arbeid.<\/p>\n<p><b>Will Smith avslutter fredagen og g\u00e5r p\u00e5 hovedscenen klokken 23.00 fredag.<\/b><\/p>\n<p>Det blir Smiths eneste konsert i Norge. Han er p\u00e5 en turn\u00e9 i Europa og kommer fra konserter i blant annet Danmark, \u00d8sterrike, Frankrike og Ungarn.<\/p>\n<p>  <a href=\"https:\/\/www.dt.no\/5-57-2645201\" class=\"related-teaser has-image default-story-teaser article--c-eRUmMG article--c-eRUmMG-jKCPdD-design-default\" rel=\"nofollow noopener\" target=\"_blank\"><\/p>\n<p>    <img decoding=\"async\" loading=\"lazy\"  src=\"https:\/\/www.europesays.com\/no\/wp-content\/uploads\/2025\/08\/DSC_4557.jpg\" alt=\"\" class=\"brick-c-cFOWSL\" style=\"\"\/><\/p>\n<p>\n            Les ogs\u00e5<\/p>\n<p>              Sl\u00e5r p\u00e5 stortromma f\u00f8r \u00e5rets festival: \u2013 Blir st\u00f8rre enn noen gang\n        <\/p>\n<p>  <\/a><br \/>\n  Ingen \u00abskrekk-rider\u00bb<\/p>\n<p>Det fikk nasjonal oppmerksomhet da det ble kjent at skuespiller og artist Will Smith skal opptre i Drammen i \u00e5r.<\/p>\n<p>\u2013 Hvordan f\u00f8les det n\u00e5 som konserten n\u00e6rmer seg? spurte vi Magnus Lund tidligere i sommer.<\/p>\n<p>\u2013 Jeg gleder meg. Det som driver meg er jo \u00e5 skape spektakul\u00e6re opplevelser for folk.<\/p>\n<p>\u2013 Hva st\u00e5r det p\u00e5 rideren til Will Smith? sp\u00f8r vi.<\/p>\n<p>En rider er en liste over \u00f8nsker og krav artister har til alt fra sceneteknikk til hvilke drikkevarer det er p\u00e5 bakrommet. Enkelte artister har tidligere v\u00e6rt kjent for absurde foresp\u00f8rsler, som bandet Van Halens foresp\u00f8rsel om en sk\u00e5l med M &amp; M-sjokolade med alle de brune M &amp; M-ene plukket ut.<\/p>\n<p>\u2013 Den er lang, sier Lund og ler.<\/p>\n<p><b>\u2013 Det er mange detaljer, og handler mye om teknikk p\u00e5 scenen, musikere og dansere. Vi har god dialog med teamet til Will. Det er ikke krav om lilla aliens med gr\u00f8nne prikker. Ridere generelt har blitt mer ingef\u00e6rshots og dyre viner.<\/b><\/p>\n<p>Omfattende program<\/p>\n<p>Men Smith st\u00e5r ikke alene som trekkplaster til \u00e5rets festival.<\/p>\n<p>Sigrid, Kamelen, Marstein, Tobias Sten og Emma Steinbakken er noen av de andre artistene som finner veien til elvebyen n\u00e5 til helgen.<\/p>\n<p>  <a href=\"https:\/\/www.dt.no\/5-57-2642196\" class=\"related-teaser has-image default-story-teaser article--c-eRUmMG article--c-eRUmMG-jKCPdD-design-default\" rel=\"nofollow noopener\" target=\"_blank\"><\/p>\n<p>    <img decoding=\"async\" loading=\"lazy\"  src=\"https:\/\/www.europesays.com\/no\/wp-content\/uploads\/2025\/08\/5_57_2211548+Ypsilon+2023+Alan+Walker+%2815+av+23%29.jpg\" alt=\"\" class=\"brick-c-cFOWSL\" style=\"\"\/><\/p>\n<p>\n            Les ogs\u00e5<\/p>\n<p>              N\u00e5 er programmet komplett: \u2013 Vil avslutte med et smell\n        <\/p>\n<p>  <\/a><\/p>\n","protected":false},"excerpt":{"rendered":"OSLO: \u2013 Vi er i Oslo, og skal gj\u00f8re litt opptak. Det er s\u00e5 fint her, god inspirasjon&hellip;\n","protected":false},"author":2,"featured_media":12532,"comment_status":"","ping_status":"","sticky":false,"template":"","format":"standard","meta":{"footnotes":""},"categories":[12],"tags":[36,20,21,24,25,15,410,22,23,13,30,28,29,14,16,1510,26,27,42,1051,43,44,45,2478],"class_list":{"0":"post-12531","1":"post","2":"type-post","3":"status-publish","4":"format-standard","5":"has-post-thumbnail","7":"category-verden","8":"tag-art","9":"tag-breaking-news","10":"tag-breakingnews","11":"tag-featured-news","12":"tag-featurednews","13":"tag-headlines","14":"tag-kultur","15":"tag-latest-news","16":"tag-latestnews","17":"tag-news","18":"tag-no","19":"tag-norge","20":"tag-norway","21":"tag-nyheter","22":"tag-overskrifter","23":"tag-story","24":"tag-top-stories","25":"tag-topstories","26":"tag-verden","27":"tag-will-smith","28":"tag-world","29":"tag-world-news","30":"tag-worldnews","31":"tag-ypsilon"},"share_on_mastodon":{"url":"","error":""},"_links":{"self":[{"href":"https:\/\/www.europesays.com\/no\/wp-json\/wp\/v2\/posts\/12531","targetHints":{"allow":["GET"]}}],"collection":[{"href":"https:\/\/www.europesays.com\/no\/wp-json\/wp\/v2\/posts"}],"about":[{"href":"https:\/\/www.europesays.com\/no\/wp-json\/wp\/v2\/types\/post"}],"author":[{"embeddable":true,"href":"https:\/\/www.europesays.com\/no\/wp-json\/wp\/v2\/users\/2"}],"replies":[{"embeddable":true,"href":"https:\/\/www.europesays.com\/no\/wp-json\/wp\/v2\/comments?post=12531"}],"version-history":[{"count":0,"href":"https:\/\/www.europesays.com\/no\/wp-json\/wp\/v2\/posts\/12531\/revisions"}],"wp:featuredmedia":[{"embeddable":true,"href":"https:\/\/www.europesays.com\/no\/wp-json\/wp\/v2\/media\/12532"}],"wp:attachment":[{"href":"https:\/\/www.europesays.com\/no\/wp-json\/wp\/v2\/media?parent=12531"}],"wp:term":[{"taxonomy":"category","embeddable":true,"href":"https:\/\/www.europesays.com\/no\/wp-json\/wp\/v2\/categories?post=12531"},{"taxonomy":"post_tag","embeddable":true,"href":"https:\/\/www.europesays.com\/no\/wp-json\/wp\/v2\/tags?post=12531"}],"curies":[{"name":"wp","href":"https:\/\/api.w.org\/{rel}","templated":true}]}}