{"id":125314,"date":"2025-12-31T08:11:07","date_gmt":"2025-12-31T08:11:07","guid":{"rendered":"https:\/\/www.europesays.com\/no\/125314\/"},"modified":"2025-12-31T08:11:07","modified_gmt":"2025-12-31T08:11:07","slug":"musk-setter-nytt-kallenavn-pa-tim-walz","status":"publish","type":"post","link":"https:\/\/www.europesays.com\/no\/125314\/","title":{"rendered":"Musk setter nytt kallenavn p\u00e5 Tim Walz"},"content":{"rendered":"<p><strong>Elon Musk gir Minnesotas guvern\u00f8r Tim Walz et nytt kallenavn og fyrer l\u00f8s mot delstatsledelsen, mens flere f\u00f8derale etterforskninger av omfattende velferdssvindel strammer grepet.<\/strong><\/p>\n<p>If\u00f8lge <a href=\"https:\/\/www.foxnews.com\/politics\/elon-musk-unleashes-tim-walz-new-nickname-amid-minnesota-fraud-investigations\" rel=\"nofollow noopener\" target=\"_blank\">Fox News<\/a> reagerte Tesla- og SpaceX-sjefen p\u00e5 opplysninger om at Minnesota <a href=\"https:\/\/inyheter.no\/30\/12\/2025\/dette-er-bare-toppen-av-et-isfjell\/\" rel=\"nofollow noopener\" target=\"_blank\">etterforskes for flere alvorlige svindelsaker<\/a> knyttet til blant annet Medicaid og flere f\u00f8deralt finansierte programmer.<\/p>\n<p>I et innlegg p\u00e5 X tirsdag omtalte Musk guvern\u00f8ren som \u00abTraitor Tim Walz\u00bb.<\/p>\n<p>Uttalelsen kom etter en viral diskusjon i sosiale medier om Walz\u2019 h\u00e5ndtering av delstatens \u00f8konomi, der det ble vist til b\u00e5de skatte\u00f8kninger og at milliarder av dollar i budsjettoverskudd er brukt opp, skriver Fox News.<\/p>\n<p>Trump-administrasjonen og Kongressen etterforsker blant annet \u00abFeeding Our Future\u00bb-saken, en svindel til rundt 250 millioner dollar rettet mot et barneern\u00e6ringsprogram under koronapandemien. Minst 77 personer er s\u00e5 langt tiltalt. I tillegg etterforskes et eget boligprogram under Medicaid, der flere nye siktelser ventes.<\/p>\n<p>Walz\u2019 kontor har if\u00f8lge Fox News ikke besvart henvendelser om saken. Samtidig avviser delstatsmyndighetene at de har v\u00e6rt passive, og hevder de har skjerpet kontrollen etter nye opplysninger om mulig barnehagesvindel.<\/p>\n","protected":false},"excerpt":{"rendered":"Elon Musk gir Minnesotas guvern\u00f8r Tim Walz et nytt kallenavn og fyrer l\u00f8s mot delstatsledelsen, mens flere f\u00f8derale&hellip;\n","protected":false},"author":2,"featured_media":125315,"comment_status":"","ping_status":"","sticky":false,"template":"","format":"standard","meta":{"footnotes":""},"categories":[12],"tags":[20,21,129,24,25,15,22,23,2119,13,30,28,29,14,16,1441,3556,26,27,42,43,44,45],"class_list":{"0":"post-125314","1":"post","2":"type-post","3":"status-publish","4":"format-standard","5":"has-post-thumbnail","7":"category-verden","8":"tag-breaking-news","9":"tag-breakingnews","10":"tag-elon-musk","11":"tag-featured-news","12":"tag-featurednews","13":"tag-headlines","14":"tag-latest-news","15":"tag-latestnews","16":"tag-minnesota","17":"tag-news","18":"tag-no","19":"tag-norge","20":"tag-norway","21":"tag-nyheter","22":"tag-overskrifter","23":"tag-svindel","24":"tag-tim-walz","25":"tag-top-stories","26":"tag-topstories","27":"tag-verden","28":"tag-world","29":"tag-world-news","30":"tag-worldnews"},"share_on_mastodon":{"url":"https:\/\/pubeurope.com\/@no\/115813173407268514","error":""},"_links":{"self":[{"href":"https:\/\/www.europesays.com\/no\/wp-json\/wp\/v2\/posts\/125314","targetHints":{"allow":["GET"]}}],"collection":[{"href":"https:\/\/www.europesays.com\/no\/wp-json\/wp\/v2\/posts"}],"about":[{"href":"https:\/\/www.europesays.com\/no\/wp-json\/wp\/v2\/types\/post"}],"author":[{"embeddable":true,"href":"https:\/\/www.europesays.com\/no\/wp-json\/wp\/v2\/users\/2"}],"replies":[{"embeddable":true,"href":"https:\/\/www.europesays.com\/no\/wp-json\/wp\/v2\/comments?post=125314"}],"version-history":[{"count":0,"href":"https:\/\/www.europesays.com\/no\/wp-json\/wp\/v2\/posts\/125314\/revisions"}],"wp:featuredmedia":[{"embeddable":true,"href":"https:\/\/www.europesays.com\/no\/wp-json\/wp\/v2\/media\/125315"}],"wp:attachment":[{"href":"https:\/\/www.europesays.com\/no\/wp-json\/wp\/v2\/media?parent=125314"}],"wp:term":[{"taxonomy":"category","embeddable":true,"href":"https:\/\/www.europesays.com\/no\/wp-json\/wp\/v2\/categories?post=125314"},{"taxonomy":"post_tag","embeddable":true,"href":"https:\/\/www.europesays.com\/no\/wp-json\/wp\/v2\/tags?post=125314"}],"curies":[{"name":"wp","href":"https:\/\/api.w.org\/{rel}","templated":true}]}}