{"id":125316,"date":"2025-12-31T08:12:09","date_gmt":"2025-12-31T08:12:09","guid":{"rendered":"https:\/\/www.europesays.com\/no\/125316\/"},"modified":"2025-12-31T08:12:09","modified_gmt":"2025-12-31T08:12:09","slug":"brann-bjornafjorden-brannutrykning-til-os","status":"publish","type":"post","link":"https:\/\/www.europesays.com\/no\/125316\/","title":{"rendered":"Brann, Bj\u00f8rnafjorden | Brannutrykning til Os"},"content":{"rendered":"\n<p>N\u00f8detatene rykket onsdag morgen ut til en bolig p\u00e5 Kuventr\u00e6 i Bj\u00f8rnafjorden kommune.<\/p>\n<p>\u2013 Det ble meldt om flammer p\u00e5 et kj\u00f8kken. Meldingen kom via vaktselskap, opplyser operasjonsleder Knut Dahl-Michelsen i Vest politidistrikt.<\/p>\n<p>N\u00f8detatene var fremme p\u00e5 stedet klokken 0820.<\/p>\n<p>\u2013 Det har ikke v\u00e6rt brann p\u00e5 kj\u00f8kkenet. Det har v\u00e6rt benyttet en peis som har medf\u00f8rt r\u00f8yknedslag i huset og det er mye r\u00f8yk og lukt i huset, melder Dahl-Michelsen.<\/p>\n<p>Brannvesenet sjekket pipen.<\/p>\n<p>   <img decoding=\"async\" width=\"6192\" height=\"4128\" fetchpriority=\"low\"  loading=\"lazy\"  src=\"https:\/\/www.europesays.com\/no\/wp-content\/uploads\/2025\/12\/EWB_7098.jpg\" alt=\"\" class=\"brick-c-cFOWSL\" style=\"--brick-image-ratio: 6192 \/ 4128;\"\/><\/p>\n<p>      Politioverbetjent Christine Grindstein.<br \/>\n      Foto: Emil Weatherhead Breistein\n    <\/p>\n<p>If\u00f8lge politioverbetjent Christine Grindstein bekrefter at det ikke har v\u00e6rt noen brann.<\/p>\n<p>\u2013 To personer f\u00e5r tilsyn av helsepersonell p\u00e5 stedet, sier operasjonsleder.<\/p>\n<p>Brannvesenet ble varslet om brannen onsdag klokken 0802.<\/p>\n<p>\u2013 Brannvesenets utrykningsleder melder om mulig nedslag fra skorstein, ingen brann. Vi har kontroll p\u00e5 stedet, sier B\u00f8rre Brekkvassmo ved 110-sentralen.<\/p>\n<p>   <img decoding=\"async\" width=\"6192\" height=\"4128\" fetchpriority=\"low\"  loading=\"lazy\"  src=\"https:\/\/www.europesays.com\/no\/wp-content\/uploads\/2025\/12\/EWB_7112.jpg\" alt=\"\" class=\"brick-c-cFOWSL\" style=\"--brick-image-ratio: 6192 \/ 4128;\"\/><\/p>\n<p>      To personer som befant seg i huset ble sjekket av helsepersonell p\u00e5 stedet.<br \/>\n      Foto: Emil Weatherhead Breistein\n    <\/p>\n","protected":false},"excerpt":{"rendered":"N\u00f8detatene rykket onsdag morgen ut til en bolig p\u00e5 Kuventr\u00e6 i Bj\u00f8rnafjorden kommune. \u2013 Det ble meldt om&hellip;\n","protected":false},"author":2,"featured_media":125317,"comment_status":"","ping_status":"","sticky":false,"template":"","format":"standard","meta":{"footnotes":""},"categories":[10],"tags":[36,6769,367,20,21,24,25,15,22,23,13,30,28,29,14,16,468,1510,26,27],"class_list":{"0":"post-125316","1":"post","2":"type-post","3":"status-publish","4":"format-standard","5":"has-post-thumbnail","7":"category-norge","8":"tag-art","9":"tag-bjornafjorden","10":"tag-brann","11":"tag-breaking-news","12":"tag-breakingnews","13":"tag-featured-news","14":"tag-featurednews","15":"tag-headlines","16":"tag-latest-news","17":"tag-latestnews","18":"tag-news","19":"tag-no","20":"tag-norge","21":"tag-norway","22":"tag-nyheter","23":"tag-overskrifter","24":"tag-politiet","25":"tag-story","26":"tag-top-stories","27":"tag-topstories"},"share_on_mastodon":{"url":"https:\/\/pubeurope.com\/@no\/115813177296580425","error":""},"_links":{"self":[{"href":"https:\/\/www.europesays.com\/no\/wp-json\/wp\/v2\/posts\/125316","targetHints":{"allow":["GET"]}}],"collection":[{"href":"https:\/\/www.europesays.com\/no\/wp-json\/wp\/v2\/posts"}],"about":[{"href":"https:\/\/www.europesays.com\/no\/wp-json\/wp\/v2\/types\/post"}],"author":[{"embeddable":true,"href":"https:\/\/www.europesays.com\/no\/wp-json\/wp\/v2\/users\/2"}],"replies":[{"embeddable":true,"href":"https:\/\/www.europesays.com\/no\/wp-json\/wp\/v2\/comments?post=125316"}],"version-history":[{"count":0,"href":"https:\/\/www.europesays.com\/no\/wp-json\/wp\/v2\/posts\/125316\/revisions"}],"wp:featuredmedia":[{"embeddable":true,"href":"https:\/\/www.europesays.com\/no\/wp-json\/wp\/v2\/media\/125317"}],"wp:attachment":[{"href":"https:\/\/www.europesays.com\/no\/wp-json\/wp\/v2\/media?parent=125316"}],"wp:term":[{"taxonomy":"category","embeddable":true,"href":"https:\/\/www.europesays.com\/no\/wp-json\/wp\/v2\/categories?post=125316"},{"taxonomy":"post_tag","embeddable":true,"href":"https:\/\/www.europesays.com\/no\/wp-json\/wp\/v2\/tags?post=125316"}],"curies":[{"name":"wp","href":"https:\/\/api.w.org\/{rel}","templated":true}]}}