{"id":125320,"date":"2025-12-31T08:19:07","date_gmt":"2025-12-31T08:19:07","guid":{"rendered":"https:\/\/www.europesays.com\/no\/125320\/"},"modified":"2025-12-31T08:19:07","modified_gmt":"2025-12-31T08:19:07","slug":"romjula-endte-pa-sykehus-akkurat-som-i-fjor-nrk-buskerud-lokale-nyheter-tv-og-radio","status":"publish","type":"post","link":"https:\/\/www.europesays.com\/no\/125320\/","title":{"rendered":"Romjula endte p\u00e5 sykehus \u2013 akkurat som i fjor \u2013 NRK Buskerud \u2013 Lokale nyheter, TV og radio"},"content":{"rendered":"<p>\u2013 Alle, selv de klokeste mennesker, kan v\u00e6re dumme, sier Gustav J\u00f8rgensen.<\/p>\n<p>Han har kommet seg hjem fra sykehus, for andre jul p\u00e5 rad. Ogs\u00e5 i fjor tilbrakte han nemlig romjula innlagt, av samme grunn:<\/p>\n<p>Betennelse i gallebl\u00e6ra.<\/p>\n<p>H\u00f8yt mattempo<\/p>\n<p>For selv om vi elsker det jula har \u00e5 tilby av god mat og drikke, kan gallebl\u00e6ra bli irritert av det.<\/p>\n<p>I fjor ble J\u00f8rgensen d\u00e5rlig i l\u00f8pet av natta. Han fikk ikke sove, og ble slapp. Han dro til legevakta, og ble umiddelbart innlagt p\u00e5 sykehus.<\/p>\n<p><strong>\u2013 I \u00e5r kj\u00f8rte jeg rett til Drammen sykehus, og ble der i to netter. Jeg hadde vondt, men det var vondere i fjor, sier han.<\/strong><\/p>\n<p>Gustav J\u00f8rgensen forteller at han er opptatt av \u00e5 spise sunt, men i jula er det vanskelig \u00e5 holde igjen. Han er spesielt glad i pinnekj\u00f8tt.<\/p>\n<p>\u2013 Og s\u00e5 er jeg veldig flink til \u00e5 spise raskt, og det skal man jo ikke gj\u00f8re.<\/p>\n<p>\u00d8kt p\u00e5gang p\u00e5 legevakta<\/p>\n<p>Gallebl\u00e6ra tar imot galle fra leveren, og hjelper til med fettford\u00f8yelsen. Noen kan f\u00e5 betennelse i gallebl\u00e6ra etter et stort m\u00e5ltid. Symptomene er taktvise smerter i \u00f8vre del av magen, kvalme, oppkast og feber, skriver <a href=\"https:\/\/nhi.no\/sykdommer\/magetarm\/galleveier\/betennelse-i-galleblaren\" ec-id=\"https:\/\/nhi.no\/sykdommer\/magetarm\/galleveier\/betennelse-i-galleblaren\" ec-name=\"Norsk Helseinformatikk\" rel=\"nofollow noopener\" target=\"_blank\">Norsk Helseinformatikk<\/a>.<\/p>\n<p>Feit og tungford\u00f8yelig mat, store porsjoner og uregelmessige m\u00e5ltider kan gi magetr\u00f8bbel.<\/p>\n<p>Hilde Sveinsson Fosn\u00e6s er leder p\u00e5 Drammen legevakt, og hun bekrefter at Gustav J\u00f8rgensen slettes ikke er alene om \u00e5 g\u00e5 p\u00e5 en smell i jula.<\/p>\n<p><img decoding=\"async\"   src=\"data:image\/gif;base64,R0lGODlhAQABAIAAAAAAAP\/\/\/yH5BAEAAAAALAAAAAABAAEAAAIBRAA7\" loading=\"eager\" alt=\"Leder ved legevakten i Drammen, Hilde Sveinsson Fosn\u00e6s\" title=\"Foto: Jan-Erik Wilthil \/ NRK\"\/><\/p>\n<p class=\"\">Hilde Sveinsson Fosn\u00e6s forteller at de har hatt mange innom med magevondt.<\/p>\n<p>Foto: Jan-Erik Wilthil \/ NRK<\/p>\n<p><strong>\u2013 Det har v\u00e6rt \u00f8kt p\u00e5gang av folk med magerelaterte problemer, blant annet betennelse i gallebl\u00e6ra eller syrerelaterte problemer. Det har en sammenheng med den feite maten vi f\u00e5r i oss, sier hun.<\/strong><\/p>\n<p>De ser det samme p\u00e5 denne tida hvert \u00e5r.<\/p>\n<p>Gallebl\u00e6ra er ikke livsn\u00f8dvendig, og den blir ofte fjernet kirurgisk ved gjentatte hendelser.<\/p>\n<p><img decoding=\"async\"   src=\"data:image\/gif;base64,R0lGODlhAQABAIAAAAAAAP\/\/\/yH5BAEAAAAALAAAAAABAAEAAAIBRAA7\" loading=\"eager\" alt=\"Hver dag produserer leveren en halv til en liter med gul-gr\u00f8nn galle, som g\u00e5r til gallebl\u00e6ren.&#10;Fra TV serien Newton.\" title=\"Foto: NEWTON \/ NRK\"\/><\/p>\n<p class=\"\">Hver dag produserer leveren en halv til en liter med gulgr\u00f8nn galle, som g\u00e5r til gallebl\u00e6ren. <\/p>\n<p>Foto: NEWTON \/ NRK<\/p>\n<p>Ikke p\u00e5 diett<\/p>\n<p>Gustav J\u00f8rgensen er i god form n\u00e5, og h\u00e5per han har l\u00e6rt.<\/p>\n<p>\u2013 Er du p\u00e5 en diett n\u00e5?<\/p>\n<p><strong>\u2013 Nei, nei. Det viktigste er at jeg spiser rolig, slik at kroppen eller gallebl\u00e6ra f\u00e5r tid til \u00e5 ordne opp.<\/strong><\/p>\n<p>Han h\u00e5per p\u00e5 pinnekj\u00f8tt ogs\u00e5 neste jul.<\/p>\n<p>\u2013 N\u00e5 tar de nok bort gallebl\u00e6ra. Det er nesten helt problemfritt, men du skal ta hensyn ogs\u00e5 da. S\u00e5 det viktigste er at jeg uansett spiser saktere.<\/p>\n<p>Publisert<\/p>\n<p>31.12.2025, kl. 07.39<\/p>\n","protected":false},"excerpt":{"rendered":"\u2013 Alle, selv de klokeste mennesker, kan v\u00e6re dumme, sier Gustav J\u00f8rgensen. Han har kommet seg hjem fra&hellip;\n","protected":false},"author":2,"featured_media":125321,"comment_status":"","ping_status":"","sticky":false,"template":"","format":"standard","meta":{"footnotes":""},"categories":[10],"tags":[20,21,24,25,15,22,23,13,30,28,29,14,16,26,27],"class_list":{"0":"post-125320","1":"post","2":"type-post","3":"status-publish","4":"format-standard","5":"has-post-thumbnail","7":"category-norge","8":"tag-breaking-news","9":"tag-breakingnews","10":"tag-featured-news","11":"tag-featurednews","12":"tag-headlines","13":"tag-latest-news","14":"tag-latestnews","15":"tag-news","16":"tag-no","17":"tag-norge","18":"tag-norway","19":"tag-nyheter","20":"tag-overskrifter","21":"tag-top-stories","22":"tag-topstories"},"share_on_mastodon":{"url":"https:\/\/pubeurope.com\/@no\/115813204755924523","error":""},"_links":{"self":[{"href":"https:\/\/www.europesays.com\/no\/wp-json\/wp\/v2\/posts\/125320","targetHints":{"allow":["GET"]}}],"collection":[{"href":"https:\/\/www.europesays.com\/no\/wp-json\/wp\/v2\/posts"}],"about":[{"href":"https:\/\/www.europesays.com\/no\/wp-json\/wp\/v2\/types\/post"}],"author":[{"embeddable":true,"href":"https:\/\/www.europesays.com\/no\/wp-json\/wp\/v2\/users\/2"}],"replies":[{"embeddable":true,"href":"https:\/\/www.europesays.com\/no\/wp-json\/wp\/v2\/comments?post=125320"}],"version-history":[{"count":0,"href":"https:\/\/www.europesays.com\/no\/wp-json\/wp\/v2\/posts\/125320\/revisions"}],"wp:featuredmedia":[{"embeddable":true,"href":"https:\/\/www.europesays.com\/no\/wp-json\/wp\/v2\/media\/125321"}],"wp:attachment":[{"href":"https:\/\/www.europesays.com\/no\/wp-json\/wp\/v2\/media?parent=125320"}],"wp:term":[{"taxonomy":"category","embeddable":true,"href":"https:\/\/www.europesays.com\/no\/wp-json\/wp\/v2\/categories?post=125320"},{"taxonomy":"post_tag","embeddable":true,"href":"https:\/\/www.europesays.com\/no\/wp-json\/wp\/v2\/tags?post=125320"}],"curies":[{"name":"wp","href":"https:\/\/api.w.org\/{rel}","templated":true}]}}