{"id":125324,"date":"2025-12-31T08:23:07","date_gmt":"2025-12-31T08:23:07","guid":{"rendered":"https:\/\/www.europesays.com\/no\/125324\/"},"modified":"2025-12-31T08:23:07","modified_gmt":"2025-12-31T08:23:07","slug":"derfor-er-rodt-har-og-bla-oyne-en-sjelden-kombinasjon","status":"publish","type":"post","link":"https:\/\/www.europesays.com\/no\/125324\/","title":{"rendered":"Derfor er r\u00f8dt h\u00e5r og bl\u00e5 \u00f8yne en sjelden kombinasjon"},"content":{"rendered":"<p>R\u00f8dt h\u00e5r skyldes en mutasjon i MC1R-genet, som styrer produksjonen av den brunsvarte versjonen av pigmentet melanin, kalt eumelanin, som finnes i hud og h\u00e5r.<\/p>\n<p>N\u00e5r genet er mutert, g\u00e5r produksjonen galt, og det gulr\u00f8de stoffet feomelanin produseres i stedet.<\/p>\n<p>Mutasjonen i MC1R finnes hos omtrent \u00e9n av fire av oss, men siden vi har to kopier av hvert gen, m\u00e5 begge versjonene v\u00e6re mutert f\u00f8r det r\u00f8de h\u00e5ret og den lyse huden kommer til syne.<\/p>\n","protected":false},"excerpt":{"rendered":"R\u00f8dt h\u00e5r skyldes en mutasjon i MC1R-genet, som styrer produksjonen av den brunsvarte versjonen av pigmentet melanin, kalt&hellip;\n","protected":false},"author":2,"featured_media":125325,"comment_status":"","ping_status":"","sticky":false,"template":"","format":"standard","meta":{"footnotes":""},"categories":[57],"tags":[30,28,29,65,63,64,66,70,69,67,68],"class_list":{"0":"post-125324","1":"post","2":"type-post","3":"status-publish","4":"format-standard","5":"has-post-thumbnail","7":"category-vitenskap-og-teknologi","8":"tag-no","9":"tag-norge","10":"tag-norway","11":"tag-science","12":"tag-science-and-technology","13":"tag-scienceandtechnology","14":"tag-technology","15":"tag-teknologi","16":"tag-vitenskap","17":"tag-vitenskap-og-teknologi","18":"tag-vitenskapteknologi"},"share_on_mastodon":{"url":"https:\/\/pubeurope.com\/@no\/115813220483685310","error":""},"_links":{"self":[{"href":"https:\/\/www.europesays.com\/no\/wp-json\/wp\/v2\/posts\/125324","targetHints":{"allow":["GET"]}}],"collection":[{"href":"https:\/\/www.europesays.com\/no\/wp-json\/wp\/v2\/posts"}],"about":[{"href":"https:\/\/www.europesays.com\/no\/wp-json\/wp\/v2\/types\/post"}],"author":[{"embeddable":true,"href":"https:\/\/www.europesays.com\/no\/wp-json\/wp\/v2\/users\/2"}],"replies":[{"embeddable":true,"href":"https:\/\/www.europesays.com\/no\/wp-json\/wp\/v2\/comments?post=125324"}],"version-history":[{"count":0,"href":"https:\/\/www.europesays.com\/no\/wp-json\/wp\/v2\/posts\/125324\/revisions"}],"wp:featuredmedia":[{"embeddable":true,"href":"https:\/\/www.europesays.com\/no\/wp-json\/wp\/v2\/media\/125325"}],"wp:attachment":[{"href":"https:\/\/www.europesays.com\/no\/wp-json\/wp\/v2\/media?parent=125324"}],"wp:term":[{"taxonomy":"category","embeddable":true,"href":"https:\/\/www.europesays.com\/no\/wp-json\/wp\/v2\/categories?post=125324"},{"taxonomy":"post_tag","embeddable":true,"href":"https:\/\/www.europesays.com\/no\/wp-json\/wp\/v2\/tags?post=125324"}],"curies":[{"name":"wp","href":"https:\/\/api.w.org\/{rel}","templated":true}]}}