{"id":125326,"date":"2025-12-31T08:25:16","date_gmt":"2025-12-31T08:25:16","guid":{"rendered":"https:\/\/www.europesays.com\/no\/125326\/"},"modified":"2025-12-31T08:25:16","modified_gmt":"2025-12-31T08:25:16","slug":"saudi-arabia-bombet-havneby-i-jemen","status":"publish","type":"post","link":"https:\/\/www.europesays.com\/no\/125326\/","title":{"rendered":"Saudi-Arabia bombet havneby i Jemen"},"content":{"rendered":"\n<p class=\"_lead_o9xde_2 _lead_xtcu6_50 layout-component text-serif-m layout-normal text-serif-l layout-component layout-wide layout-padded _wide_17hqh_1 layout-padded\">Saudi-Arabia har bombet havnebyen Mukalla i Jemen etter det som beskrives som en v\u00e5penleveranse til en separatiststyrke, fraktet inn fra De forente arabiske emirater (UAE).<\/p>\n<ul aria-hidden=\"true\" class=\"_images_ntbth_112\">\n<li><a class=\"_link_ntbth_117\" href=\"https:\/\/www.vg.no\/forfatter\/ntb\" style=\"z-index:1\" title=\"NTB\" rel=\"nofollow noopener\" target=\"_blank\"><img alt=\"Bilde av NTB\" class=\"_image_ntbth_93\" fetchpriority=\"low\" loading=\"lazy\" decoding=\"async\" itemprop=\"image\"  src=\"https:\/\/www.europesays.com\/no\/wp-content\/uploads\/2025\/12\/1767169516_511_c33980b0-5d07-4027-84a1-813f90a7c8d6.png\"  width=\"480\"\/><\/a><\/li>\n<\/ul>\n<p> Oppdatert tirsdag 30. desember kl. 04:14     <\/p>\n<p class=\"_paragraph_o9xde_4 _paragraph_xtcu6_10 layout-component text-serif-m layout-normal text-serif-m layout-padded\">If\u00f8lge en uttalelse gjengitt av det statlige saudiske pressebyr\u00e5et, ble angrepet gjennomf\u00f8rt etter at skip ankom Mukalla fra Fujairah p\u00e5 UAEs \u00f8stkyst. Saudi-Arabia mener v\u00e5pnene utgjorde en trussel mot sikkerhet og stabilitet<\/p>\n<p class=\"_paragraph_o9xde_4 _paragraph_xtcu6_10 layout-component text-serif-m layout-normal text-serif-m layout-padded\">\u2013 Gitt faren og eskaleringen disse v\u00e5pnene representerer, gjennomf\u00f8rte koalisjonens luftstyrker en begrenset milit\u00e6r operasjon tirsdag morgen mot v\u00e5pen og kj\u00f8ret\u00f8y som ble losset fra to skip i havnen i Mukalla, heter det i uttalelsen.<\/p>\n<p class=\"_paragraph_o9xde_4 _paragraph_xtcu6_10 layout-component text-serif-m layout-normal text-serif-m layout-padded\">Mukalla ligger i Hadramaut-provinsen i <a href=\"https:\/\/www.vg.no\/tag\/jemen?utm_source=vg-article&amp;utm_medium=auto-tagger&amp;utm_campaign=5p0Mv1\" class=\"_link_o9xde_39\" rel=\"nofollow noopener\" target=\"_blank\">Jemen<\/a>, et omr\u00e5de som nylig er blitt tatt over av den separatistiske Southern Transitional Council (STC), som st\u00f8ttes av UAE.<\/p>\n<p class=\"_paragraph_o9xde_4 _paragraph_xtcu6_10 layout-component text-serif-m layout-normal text-serif-m layout-padded\">Saudi-Arabia og UAE har i flere \u00e5r st\u00f8ttet ulike akt\u00f8rer i den ti \u00e5r lange krigen i Jemen mot de iranskst\u00f8ttede Houthi-oppr\u00f8rerne. <\/p>\n<p class=\"_paragraph_o9xde_4 _paragraph_xtcu6_10 layout-component text-serif-m layout-normal text-serif-m layout-padded\">Utviklingen legger ytterligere press p\u00e5 forholdet mellom Saudi-Arabia og UAE, som har konkurrert om regional innflytelse og internasjonal n\u00e6ringsvirksomhet de siste \u00e5rene.<\/p>\n<p class=\"_paragraph_o9xde_4 _paragraph_xtcu6_10 layout-component text-serif-m layout-normal text-serif-m layout-padded\">Ogs\u00e5 i Sudan st\u00f8tter Saudi-Arabia og UAE hver sin side i den p\u00e5g\u00e5ende krigen.<\/p>\n","protected":false},"excerpt":{"rendered":"Saudi-Arabia har bombet havnebyen Mukalla i Jemen etter det som beskrives som en v\u00e5penleveranse til en separatiststyrke, fraktet&hellip;\n","protected":false},"author":2,"featured_media":125327,"comment_status":"","ping_status":"","sticky":false,"template":"","format":"standard","meta":{"footnotes":""},"categories":[12],"tags":[20,21,24,25,15,3293,22,23,13,30,28,29,14,16,986,26,27,42,43,44,45],"class_list":{"0":"post-125326","1":"post","2":"type-post","3":"status-publish","4":"format-standard","5":"has-post-thumbnail","7":"category-verden","8":"tag-breaking-news","9":"tag-breakingnews","10":"tag-featured-news","11":"tag-featurednews","12":"tag-headlines","13":"tag-jemen","14":"tag-latest-news","15":"tag-latestnews","16":"tag-news","17":"tag-no","18":"tag-norge","19":"tag-norway","20":"tag-nyheter","21":"tag-overskrifter","22":"tag-saudi-arabia","23":"tag-top-stories","24":"tag-topstories","25":"tag-verden","26":"tag-world","27":"tag-world-news","28":"tag-worldnews"},"share_on_mastodon":{"url":"https:\/\/pubeurope.com\/@no\/115813228418677592","error":""},"_links":{"self":[{"href":"https:\/\/www.europesays.com\/no\/wp-json\/wp\/v2\/posts\/125326","targetHints":{"allow":["GET"]}}],"collection":[{"href":"https:\/\/www.europesays.com\/no\/wp-json\/wp\/v2\/posts"}],"about":[{"href":"https:\/\/www.europesays.com\/no\/wp-json\/wp\/v2\/types\/post"}],"author":[{"embeddable":true,"href":"https:\/\/www.europesays.com\/no\/wp-json\/wp\/v2\/users\/2"}],"replies":[{"embeddable":true,"href":"https:\/\/www.europesays.com\/no\/wp-json\/wp\/v2\/comments?post=125326"}],"version-history":[{"count":0,"href":"https:\/\/www.europesays.com\/no\/wp-json\/wp\/v2\/posts\/125326\/revisions"}],"wp:featuredmedia":[{"embeddable":true,"href":"https:\/\/www.europesays.com\/no\/wp-json\/wp\/v2\/media\/125327"}],"wp:attachment":[{"href":"https:\/\/www.europesays.com\/no\/wp-json\/wp\/v2\/media?parent=125326"}],"wp:term":[{"taxonomy":"category","embeddable":true,"href":"https:\/\/www.europesays.com\/no\/wp-json\/wp\/v2\/categories?post=125326"},{"taxonomy":"post_tag","embeddable":true,"href":"https:\/\/www.europesays.com\/no\/wp-json\/wp\/v2\/tags?post=125326"}],"curies":[{"name":"wp","href":"https:\/\/api.w.org\/{rel}","templated":true}]}}