{"id":125332,"date":"2025-12-31T08:41:14","date_gmt":"2025-12-31T08:41:14","guid":{"rendered":"https:\/\/www.europesays.com\/no\/125332\/"},"modified":"2025-12-31T08:41:14","modified_gmt":"2025-12-31T08:41:14","slug":"gjerdrum-skredet-etterlatte-ber-om-ansvarsavklaring","status":"publish","type":"post","link":"https:\/\/www.europesays.com\/no\/125332\/","title":{"rendered":"Gjerdrum-skredet: Etterlatte ber om ansvarsavklaring"},"content":{"rendered":"\n<ul class=\"_list_o9xde_3 _list_64s2r_85 _unordered_o9xde_106 text-sans-m\">\n<li class=\"_item_o9xde_30\">Kvikkleireskredet i Gjerdrum i 2020 var en varslet katastrofe, p\u00e5peker Neraas Brustad-familien, som selv mistet to av sine kj\u00e6re.<\/li>\n<li class=\"_item_o9xde_30\">N\u00e5 etterlyser familien tydeligere ansvar og en unnskyldning for at skredet likevel kunne skje.<\/li>\n<li class=\"_item_o9xde_30\">I 2022 anbefalte Gjerdrum-utvalget en ny natursikringslov for \u00e5 tydeliggj\u00f8re ansvar.<\/li>\n<li class=\"_item_o9xde_30\">Regjeringen mener imidlertid at en slik lov ikke er n\u00f8dvendig, og p\u00e5peker at det er tatt flere grep for \u00e5 rigge Norge bedre mot lignende naturkatastrofer i fremtiden.<\/li>\n<\/ul>\n<p>Vis mer <\/p>\n<p class=\"_paragraph_o9xde_4 _paragraph_xtcu6_10 layout-component text-serif-m layout-normal text-serif-m layout-padded\">\u2013 Hvem har ansvaret? Vi kommer ikke videre uten svar, og vi vil ha en unnskyldning, sier Rasmus Neraas Brustad (36).<\/p>\n<p class=\"_paragraph_o9xde_4 _paragraph_xtcu6_10 layout-component text-serif-m layout-normal text-serif-m layout-padded\">Han og familien er tilbake i Gjerdrum, i katastrofeomr\u00e5det som endret livene deres.<\/p>\n<p><img decoding=\"async\" alt=\"Bilde av Rasmus Neraas Brustad (36)\" class=\"_image_ygndg_42\" height=\"27\" itemprop=\"image\" loading=\"lazy\"  src=\"https:\/\/www.europesays.com\/no\/wp-content\/uploads\/2025\/12\/57278ea2-9340-4736-8de3-cfa051acbf1f.jpeg\"  width=\"40\"\/><strong class=\"_name_ygndg_51 title-serif-xs\">Rasmus Neraas Brustad (36)<\/strong><\/p>\n<p class=\"_paragraph_o9xde_4 text-sans-m _description_ygndg_56\">Mistet mor og bror.<\/p>\n<p class=\"_paragraph_o9xde_4 _paragraph_xtcu6_10 layout-component text-serif-m layout-normal text-serif-m layout-padded\">Det var her, midt p\u00e5 natten den 30. desember 2020, at bakken br\u00e5tt \u00e5pnet seg. <\/p>\n<p class=\"_paragraph_o9xde_4 _paragraph_xtcu6_10 layout-component text-serif-m layout-normal text-serif-m layout-padded\">Over 1,4 millioner kubikkmeter med jordmasse raste ut over et flere hundre meter langt omr\u00e5de. Ti hus og 35 boenheter forsvant i kvikkleireskredet.kvikkleireskredet.Kvikkleire er\u00a0leire\u00a0som kan endre seg fra fast tilstand til \u00e5 bli flytende. Det skjer hvis grunnen overbelastes \u2013 da mister leiren styrke og flyter som en v\u00e6ske, if\u00f8lge Store norske leksikon.<\/p>\n<p class=\"_paragraph_o9xde_4 _paragraph_xtcu6_10 layout-component text-serif-m layout-normal text-serif-m layout-padded\"><strong class=\"_strong_o9xde_25\">Ti personer og et uf\u00f8dt barn omkom.<\/strong><\/p>\n<p class=\"_paragraph_o9xde_4 _paragraph_xtcu6_10 layout-component text-serif-m layout-normal text-serif-m layout-padded\">Marius Brustad (29) og Lisbeth Neraas (54) var to av dem. Onsdag omtalte VG <a href=\"https:\/\/www.vg.no\/nyheter\/i\/ln1JP7\/gjerdrum-skredet-den-ufortalte-historien\" data-track-element-type=\"Link\" data-track-id=\"link:ln1JP7\" class=\"_link_o9xde_39\" rel=\"nofollow noopener\" target=\"_blank\">familiens historie fra skrekknatten<\/a>.<\/p>\n<p><img alt=\"TOMROM: Mor og s\u00f8ster Lisbeth Neraas (54) og s\u00f8nn og bror Marius Brustad (29) omkom i leirskredet. Deres etterlatte \u00f8nsker svar p\u00e5 hvordan katastrofen kunne skje.  Foto: Privat\" class=\"_image_qp4xg_65 layout-component layout-wide\" data-fullscreen- data-track-element-type=\"Article image fullscreen\" data-track-name=\"ImageFullscreen\" decoding=\"async\" loading=\"lazy\" height=\"1626\" itemprop=\"image\"  src=\"https:\/\/www.europesays.com\/no\/wp-content\/uploads\/2025\/12\/fe79d76e-1da7-41a9-96b7-e9248ee8fd2d.png\"  style=\"object-position:0% 0%\" width=\"2366\"\/>TOMROM: Mor og s\u00f8ster Lisbeth Neraas (54) og s\u00f8nn og bror Marius Brustad (29) omkom i leirskredet. Deres etterlatte \u00f8nsker svar p\u00e5 hvordan katastrofen kunne skje.  Foto: Privat<\/p>\n<p class=\"_paragraph_o9xde_4 _paragraph_xtcu6_10 layout-component text-serif-m layout-normal text-serif-m layout-padded\">Skredet var en varslet katastrofe, p\u00e5peker familien:<\/p>\n<ul class=\"_list_o9xde_3 _list_xtcu6_9 _unordered_o9xde_106 layout-component text-serif-m layout-normal text-serif-m layout-padded\">\n<li class=\"_item_o9xde_30\">Boligfeltet Nystulia ble bygget tidlig p\u00e5 2000-tallet. Kvikkleiren under bakken var kjent f\u00f8r prosjektet fikk gr\u00f8nt lys.<\/li>\n<li class=\"_item_o9xde_30\">I 2008 ble det advart om kraftig erosjonerosjonErosjon er prosessen der jord, stein og andre materialer slites bort og flyttes av naturlige krefter som vann, vind, is eller tyngdekraft. i omr\u00e5det. <\/li>\n<li class=\"_item_o9xde_30\">I 2011 varslet dav\u00e6rende grunneiergrunneierDen som eier et stykke land. Kan v\u00e6re en privatperson, en bedrift eller en statlig eller kommunal akt\u00f8r.  om at en st\u00f8rre utglidning i verste fall kunne \u00abutl\u00f8se en katastrofe\u00bb.<\/li>\n<li class=\"_item_o9xde_30\">I romjulen 2020 hadde grunnen blitt s\u00e5 ustabil at den sviktet. Da kom kvikkleireskredet.<\/li>\n<\/ul>\n<p><img alt=\"MASSIVT: Dette bildet er tatt av Hovedredningssentralens 330-skvadron kort tid etter leirskredet gikk.   Foto: STRINGER \/ AFP \/ NTB\" class=\"_image_qp4xg_65 layout-component layout-normal\" data-fullscreen- data-track-element-type=\"Article image fullscreen\" data-track-name=\"ImageFullscreen\" decoding=\"async\" loading=\"lazy\" height=\"3024\" itemprop=\"image\"  src=\"https:\/\/www.europesays.com\/no\/wp-content\/uploads\/2025\/12\/ffb365a2-1983-4680-8cc3-634088921025.jpeg\"  style=\"object-position:0% 0%\" width=\"3024\"\/>MASSIVT: Dette bildet er tatt av Hovedredningssentralens 330-skvadron kort tid etter leirskredet gikk.   Foto: STRINGER \/ AFP \/ NTB<\/p>\n<p class=\"_paragraph_o9xde_4 _paragraph_xtcu6_10 layout-component text-serif-m layout-normal text-serif-m layout-padded\">Fem \u00e5r senere sp\u00f8r de seg fortsatt om hvordan skredet kunne skje. Derfor vil de forsikre seg om at samfunnet har l\u00e6rt:<\/p>\n<p class=\"_paragraph_o9xde_4 _paragraph_xtcu6_10 layout-component text-serif-m layout-normal text-serif-m layout-padded\">\u2013 Det er det viktigste for oss. Alle kortene m\u00e5 p\u00e5 bordet, sier Ola Brustad (29).<\/p>\n<p><img decoding=\"async\" alt=\"Bilde av Ola Brustad (28)\" class=\"_image_ygndg_42\" height=\"29\" itemprop=\"image\" loading=\"lazy\"  src=\"https:\/\/www.europesays.com\/no\/wp-content\/uploads\/2025\/12\/da70e5c0-e7b6-492c-a3c9-5af52476e9ad.jpeg\"  width=\"40\"\/><strong class=\"_name_ygndg_51 title-serif-xs\">Ola Brustad (28)<\/strong><\/p>\n<p class=\"_paragraph_o9xde_4 text-sans-m _description_ygndg_56\">Mistet mor og bror.<\/p>\n<p class=\"_paragraph_o9xde_4 _paragraph_xtcu6_10 layout-component text-serif-m layout-normal text-serif-m layout-padded\">Familien frykter at ansvaret for varsling og oppf\u00f8lging skal falle mellom stoler i fremtiden. <\/p>\n<p>Anbefalte ny lov \u2013 ble ikke innf\u00f8rt<\/p>\n<p class=\"_paragraph_o9xde_4 _paragraph_xtcu6_10 layout-component text-serif-m layout-normal text-serif-m layout-padded\">Etter skredet var det Gjerdrum-utvalgetGjerdrum-utvalget Et statlig granskningsutvalg som ble utnevnt av den dav\u00e6rende regjeringen, som var ledet av statsminister Erna Solberg (H). Utvalget besto av syv eksperter og fagspesialister fikk oppgaven \u2013 i tillegg til utvalgsleder Inge Ryan. som fikk oppdrag om \u00e5 unders\u00f8ke hvorfor skredet skjedde.<\/p>\n<p class=\"_paragraph_o9xde_4 _paragraph_xtcu6_10 layout-component text-serif-m layout-normal text-serif-m layout-padded\">S\u00e5 skulle de komme med anbefalinger om hvordan samfunnet kunne h\u00e5ndtere kvikkleirerisiko bedre i fremtiden.<\/p>\n<p class=\"_paragraph_o9xde_4 _paragraph_xtcu6_10 layout-component text-serif-m layout-normal text-serif-m layout-padded\"><strong class=\"_strong_o9xde_25\">Arbeidet resulterte i to dokumenter: <\/strong><\/p>\n<ul class=\"_list_o9xde_3 _list_xtcu6_9 _unordered_o9xde_106 layout-component text-serif-m layout-normal text-serif-m layout-padded\">\n<li class=\"_item_o9xde_30\">En rapport om \u00e5rsakene, som kom i <a href=\"https:\/\/www.regjeringen.no\/no\/dokumenter\/arsakene-til-kvikkleireskredet-i-gjerdrum-2020\/id2872948\/\" class=\"_link_o9xde_39\" rel=\"nofollow noopener\" target=\"_blank\">september 2021<\/a>.<\/li>\n<li class=\"_item_o9xde_30\">En NOUNOUNOU st\u00e5r for \u00abnasjonal offentlig utredning\u00bb. Dokumentet er en faglig utviklet type rapport, laget for \u00e5 utrede komplekse sp\u00f8rsm\u00e5l og danne grunnlag for ny lovgivning. med anbefalinger, som ble klar i <a href=\"https:\/\/www.regjeringen.no\/no\/dokumenter\/nou-2022-3\/id2905694\/\" class=\"_link_o9xde_39\" rel=\"nofollow noopener\" target=\"_blank\">mars 2022<\/a>.<\/li>\n<\/ul>\n<p>Gjerdrum-utvalgets konklusjoner:\u00c5rsaken til skredet<\/p>\n<ul class=\"_list_o9xde_3 _list_xtcu6_9 _list_16v91_9 _unordered_o9xde_106 layout-component text-serif-m layout-normal text-sans-m layout-padded\" itemprop=\"text\">\n<li class=\"_item_o9xde_30\">Gjerdrum-utvalget slo fast at kvikkleireskredet ble utl\u00f8st av erosjon i foten av skr\u00e5ningen i TistilbekkenTistilbekkenEn bekk like ved boligfeltet Nystulia., etter mange \u00e5r med gradvis svekkelse av stabiliteten. <\/li>\n<li class=\"_item_o9xde_30\">Utvalget peker p\u00e5 at erosjonen ble forsterket av menneskelige inngrep og manglende oppf\u00f8lging, men understreker at det ikke var \u00e9n enkelt hendelse som utl\u00f8ste skredet. <\/li>\n<\/ul>\n<p class=\"_paragraph_o9xde_4 _paragraph_xtcu6_10 _paragraph_16v91_10 layout-component text-serif-m layout-normal text-sans-m layout-padded\" itemprop=\"text\">Kilde: <a href=\"https:\/\/www.regjeringen.no\/no\/dokumenter\/arsakene-til-kvikkleireskredet-i-gjerdrum-2020\/id2872948\/\" class=\"_link_o9xde_39\" rel=\"nofollow noopener\" target=\"_blank\">\u00ab\u00c5rsakene til kvikkleireskredet i Gjerdrum 2020\u00bb<\/a><\/p>\n<p>Sentrale anbefalinger<\/p>\n<ul class=\"_list_o9xde_3 _list_xtcu6_9 _list_16v91_9 _unordered_o9xde_106 layout-component text-serif-m layout-normal text-sans-m layout-padded\" itemprop=\"text\">\n<li class=\"_item_o9xde_30\"><strong class=\"_strong_o9xde_25\">Etablere en ny natursikringslov<\/strong> for \u00e5 tydeliggj\u00f8re ansvar og plikter knyttet til sikring mot kvikkleireskred.<\/li>\n<li class=\"_item_o9xde_30\"><strong class=\"_strong_o9xde_25\">Klargj\u00f8re ansvarsfordelingen mellom stat, kommune og grunneiere<\/strong> slik at det ikke er uklart hvem som skal gripe inn n\u00e5r alvorlig fare avdekkes.<\/li>\n<li class=\"_item_o9xde_30\"><strong class=\"_strong_o9xde_25\">Lovfeste sikringsplikt der det foreligger uakseptabel risiko,<\/strong> og gi myndighetene tydelig hjemmel til \u00e5 p\u00e5legge eller gjennomf\u00f8re sikring.<\/li>\n<li class=\"_item_o9xde_30\"><strong class=\"_strong_o9xde_25\">Styrke statens rolle i sikring av eksisterende bebyggelse,<\/strong> blant annet gjennom \u00f8kt finansiering og prioritering av sikringstiltak.<\/li>\n<li class=\"_item_o9xde_30\"><strong class=\"_strong_o9xde_25\">Bedre kartlegging av kvikkleire og skredfare, <\/strong>og utvikle mer presise og oppdaterte farekart.<\/li>\n<li class=\"_item_o9xde_30\"><strong class=\"_strong_o9xde_25\">\u00d8ke kompetansen om kvikkleire og skredfare i kommunene<\/strong> gjennom veiledning, oppl\u00e6ring og bedre tilgang til fagmilj\u00f8er.<\/li>\n<\/ul>\n<p class=\"_paragraph_o9xde_4 _paragraph_xtcu6_10 _paragraph_16v91_10 layout-component text-serif-m layout-normal text-sans-m layout-padded\" itemprop=\"text\">Kilde: <a href=\"https:\/\/www.regjeringen.no\/no\/dokumenter\/nou-2022-3\/id2905694\/\" class=\"_link_o9xde_39\" rel=\"nofollow noopener\" target=\"_blank\">NOU 2022: 3<\/a><\/p>\n<p class=\"_paragraph_o9xde_4 _paragraph_xtcu6_10 layout-component text-serif-m layout-normal text-serif-m layout-padded\">Utvalget slo fast at ansvarsfordelingen knyttet til varsling var uklar i forkant av skredet.<\/p>\n<p class=\"_paragraph_o9xde_4 _paragraph_xtcu6_10 layout-component text-serif-m layout-normal text-serif-m layout-padded\">De understreket at det ikke var utvalgets mandat \u00e5 fordele skyld, men anbefalte blant annet en ny lov \u2013 en \u00abnatursikringslovnatursikringslovDen foresl\u00e5tte natursikringsloven skulle lovfeste klar ansvarsfordeling og plikter for sikring av farlige omr\u00e5der, slik at stat, kommune og grunneiere ikke lenger stod i et uklart ansvarsvakuum. Loven skulle gi myndighetene hjemmel til \u00e5 p\u00e5legge eller selv gjennomf\u00f8re n\u00f8dvendige sikringstiltak ved uakseptabel risiko, og dermed sikre systematisk oppf\u00f8lging av varsler.\u00bb \u2013 for \u00e5 tydeliggj\u00f8re ansvar.<\/p>\n<p class=\"_paragraph_o9xde_4 _paragraph_xtcu6_10 layout-component text-serif-m layout-normal text-serif-m layout-padded\">\u2013 Det var en av v\u00e5re sentrale anbefalinger, sier utvalgsleder Inge Ryan i dag.<\/p>\n<p><img decoding=\"async\" alt=\"Bilde av Inge Ryan\" class=\"_image_ygndg_42\" height=\"27\" itemprop=\"image\" loading=\"lazy\"  src=\"https:\/\/www.europesays.com\/no\/wp-content\/uploads\/2025\/12\/46911ed8-441d-42d3-be92-f85e1a6d289b.jpeg\"  width=\"40\"\/><strong class=\"_name_ygndg_51 title-serif-xs\">Inge Ryan<\/strong><\/p>\n<p class=\"_paragraph_o9xde_4 text-sans-m _description_ygndg_56\">Leder av Gjerdrum-utvalget. Tidligere fylkesmann og SV-topp, n\u00e5 pensjonist.<\/p>\n<p class=\"_paragraph_o9xde_4 _paragraph_xtcu6_10 layout-component text-serif-m layout-normal text-serif-m layout-padded\">Siden 2022 har han blitt pensjonist, men arbeidet sitter fortsatt friskt i minne:<\/p>\n<p class=\"_paragraph_o9xde_4 _paragraph_xtcu6_10 layout-component text-serif-m layout-normal text-serif-m layout-padded\">\u2013 N\u00e5r det er mange akt\u00f8rer involvert, er det lett for at man bare stoler p\u00e5 hverandre. Det kan bli for mye uklarhet. Derfor synes vi det var viktig \u00e5 f\u00e5 avklart hvem som har ansvar for hva.<\/p>\n<p class=\"_paragraph_o9xde_4 _paragraph_xtcu6_10 layout-component text-serif-m layout-normal text-serif-m layout-padded\"><strong class=\"_strong_o9xde_25\">P\u00e5 tross av utvalgets anbefaling, har ikke denne loven blitt innf\u00f8rt.<\/strong><\/p>\n<p class=\"_paragraph_o9xde_4 _paragraph_xtcu6_10 layout-component text-serif-m layout-normal text-serif-m layout-padded\">\u2013 Jeg registrerer at myndighetene har gjort en annen vurdering enn vi gjorde i utvalget. Det f\u00e5r man ta til etterretning, sier Ryan.<\/p>\n<p>\u2013 Vil gj\u00f8re alt vi kan<\/p>\n<p class=\"_paragraph_o9xde_4 _paragraph_xtcu6_10 layout-component text-serif-m layout-normal text-serif-m layout-padded\">Utvalgslederen p\u00e5peker at myndighetene, generelt sett, ikke er pliktet til \u00e5 f\u00f8lge anbefalinger fra et utvalg. Det er ikke uvanlig eller problematisk i seg selv, understreker Ryan.<\/p>\n<p class=\"_paragraph_o9xde_4 _paragraph_xtcu6_10 layout-component text-serif-m layout-normal text-serif-m layout-padded\">\u2013 S\u00e5nn fungerer det. Men som utvalgsleder kan jeg si: Vi hadde forventet mer.<\/p>\n<p class=\"_paragraph_o9xde_4 _paragraph_xtcu6_10 layout-component text-serif-m layout-normal text-serif-m layout-padded\"><strong class=\"_strong_o9xde_25\">Energiminister Terje Aasland (Ap) forklarer det slik i en e-post til VG:<\/strong><\/p>\n<p class=\"_paragraph_o9xde_4 _paragraph_xtcu6_10 layout-component text-serif-m layout-normal text-serif-m layout-padded\">\u2013 Vi ser ikke at en slik lovfesting vil v\u00e6re hensiktsmessig, da det vil v\u00e6re urimelig \u00e5 p\u00e5legge b\u00e5de kommunene og staten et juridisk ansvar for \u00e5 sikre mot alle typer naturhendelser i hele landet. Praksis i dag er allerede at staten bidrar knyttet til slike hendelser, og lovfestingen som foresl\u00e5s anses dermed ikke n\u00f8dvendig.<\/p>\n<p><img decoding=\"async\" alt=\"Bilde av Terje Aasland (Ap)\" class=\"_image_ygndg_42\" height=\"27\" itemprop=\"image\" loading=\"lazy\"  src=\"https:\/\/www.europesays.com\/no\/wp-content\/uploads\/2025\/12\/8b7f7743-5469-4c26-ac70-5420a21cddb8.png\"  width=\"40\"\/><strong class=\"_name_ygndg_51 title-serif-xs\">Terje Aasland (Ap)<\/strong><\/p>\n<p class=\"_paragraph_o9xde_4 text-sans-m _description_ygndg_56\">Energiminister i St\u00f8re-regjeringen.<\/p>\n<p class=\"_paragraph_o9xde_4 _paragraph_xtcu6_10 layout-component text-serif-m layout-normal text-serif-m layout-padded\">Han understreker at regjeringen har tatt grep for \u00e5 rigge Norge bedre mot lignende naturkatastrofer i fremtiden.<\/p>\n<p class=\"_paragraph_o9xde_4 _paragraph_xtcu6_10 layout-component text-serif-m layout-normal text-serif-m layout-padded\">\u2013 Vi vil gj\u00f8re alt vi kan for at dette ikke skjer igjen. Regjeringen er opptatt av \u00e5 styrke arbeidet med forebygging av flom og skred over hele landet, innenfor kartlegging, arealplanlegging, sikring, overv\u00e5kning og beredskap \u2013 og har jobbet systematisk med oppf\u00f8lging av anbefalingene fra Gjerdrum-utvalget, skriver Aasland.<\/p>\n<ul class=\"_gallery_1qa3s_23\" tabindex=\"0\">\n<li class=\"_item_1qa3s_37\" data-index=\"0\"><img decoding=\"async\" class=\"_image_foru8_23 _articleGallery_foru8_39\" data-fullscreen- width=\"5272\" height=\"3948\" itemprop=\"image\" loading=\"lazy\"  src=\"https:\/\/www.europesays.com\/no\/wp-content\/uploads\/2025\/12\/99835ac9-195c-488f-b01b-dff5b5f529c7.jpeg\"  style=\"object-position:50% 50%;aspect-ratio:var(--gallery-aspect-ratio, 16 \/ 9)\"\/>BYGGET OPP IGJEN: Der det f\u00f8r sto hus, er det bygget minnesmerke, gangvei og lekeplass. Dronebildet er tatt 17. desember. Foto: J\u00f8rgen Braastad \/ VG<\/li>\n<li class=\"_item_1qa3s_37\" data-index=\"1\"><img decoding=\"async\" class=\"_image_foru8_23 _articleGallery_foru8_39\" data-fullscreen- width=\"3992\" height=\"2992\" itemprop=\"image\" loading=\"lazy\"  src=\"https:\/\/www.europesays.com\/no\/wp-content\/uploads\/2025\/12\/5a7aa511-63aa-47dc-9031-29ed9b88080a.jpeg\"  style=\"object-position:50% 50%;aspect-ratio:var(--gallery-aspect-ratio, 16 \/ 9)\"\/>RASERT: Dette bildet er tatt fra omtrent samme vinkel to m\u00e5neder etter skredet \u2013 i mars 2021. Foto: Stian Lysberg Solum \/ NTB<\/li>\n<\/ul>\n<p>BYGGET OPP IGJEN: Der det f\u00f8r sto hus, er det bygget minnesmerke, gangvei og lekeplass. Dronebildet er tatt 17. desember. Foto: J\u00f8rgen Braastad \/ VG<\/p>\n<p class=\"_paragraph_o9xde_4 _paragraph_xtcu6_10 layout-component text-serif-m layout-normal text-serif-m layout-padded\">Ryan sier at han har forst\u00e5else for at det er en \u00abkamp om ressurser\u00bb n\u00e5r det gjelder forebygging av ulike naturkatastrofer.<\/p>\n<p class=\"_paragraph_o9xde_4 _paragraph_xtcu6_10 layout-component text-serif-m layout-normal text-serif-m layout-padded\"><strong class=\"_strong_o9xde_25\">Likevel h\u00e5per han at regjeringen fortsatt vil vurdere \u00e5 f\u00f8lge opp resten av utvalgets anbefalinger.<\/strong><\/p>\n<p class=\"_paragraph_o9xde_4 _paragraph_xtcu6_10 layout-component text-serif-m layout-normal text-serif-m layout-padded\">\u2013 Vi hadde ikke forventet at de skulle f\u00f8lge alle r\u00e5dene v\u00e5re med en gang \u2013 for det er krevende arbeid \u2013 men over tid mente vi at dette b\u00f8r komme p\u00e5 plass. Det er fortsatt min mening, sier han.<\/p>\n<p class=\"_paragraph_o9xde_4 _paragraph_xtcu6_10 layout-component text-serif-m layout-normal text-serif-m layout-padded\">Ryan har respekt for familien Neraas Brustad og deres behov for en tydeligere ansvarsavklaring:<\/p>\n<p class=\"_paragraph_o9xde_4 _paragraph_xtcu6_10 layout-component text-serif-m layout-normal text-serif-m layout-padded\">\u2013 Jeg skj\u00f8nner at dette er krevende for de etterlatte. Det er klart det er vanskelig, sier han.<\/p>\n<p>\u2013 Et felles ansvar<\/p>\n<p class=\"_paragraph_o9xde_4 _paragraph_xtcu6_10 layout-component text-serif-m layout-normal text-serif-m layout-padded\">Statsr\u00e5den viser til at regjeringen har levert p\u00e5 flere tiltak:<\/p>\n<p class=\"_paragraph_o9xde_4 _paragraph_xtcu6_10 layout-component text-serif-m layout-normal text-serif-m layout-padded\">\u2013 Noe av det vi har f\u00e5tt p\u00e5 plass, er en innmeldingsplikt for grunn\u00adunders\u00f8kelser og naturfare\u00adutredningerinnmeldingsplikt for grunn\u00adunders\u00f8kelser og naturfare\u00adutredningerI april 2024 foreslo regjeringen en ny lov som p\u00e5legger innrapportering av grunnunders\u00f8kelser og naturfareutredninger til offentlige registre, med m\u00e5l om \u00e5 gi bedre oversikt over skredfare og grunnforhold. Loven ble vedtatt av Stortinget to m\u00e5neder senere. Kilde: Prop. 90 L, 2023\u20132024. I forbindelse med ny stortingsmeldingny stortingsmeldingEn stortingsmelding er et dokument med saker, planer eller rapporter som en regjering presenterer for Stortinget. I mai 2024 la St\u00f8re-regjeringen frem en stortingsmelding om flom og skred. har vi ogs\u00e5 g\u00e5tt gjennom og tydeliggjort ansvarsdelingen, skriver Aasland.<\/p>\n<p class=\"_paragraph_o9xde_4 _paragraph_xtcu6_10 layout-component text-serif-m layout-normal text-serif-m layout-padded\"><strong class=\"_strong_o9xde_25\">En natursikringslov, som Gjerdrum-utvalget anbefalte, er imidlertid ikke nevnt i stortingsmeldingen.<\/strong><\/p>\n<p class=\"_paragraph_o9xde_4 _paragraph_xtcu6_10 layout-component text-serif-m layout-normal text-serif-m layout-padded\">\u2013 Flom og skred utfordrer samfunnet p\u00e5 tvers av sektorer og ulike akt\u00f8rer, og det er ikke slik at det finnes en enkelt akt\u00f8r som er ansvarlig for \u00e5 forebygge alle naturkatastrofer alle steder, skriver Aasland.<\/p>\n<p class=\"_paragraph_o9xde_4 _paragraph_xtcu6_10 layout-component text-serif-m layout-normal text-serif-m layout-padded\">\u2013 Det er et felles ansvar med mange akt\u00f8rer, blant annet stat, kommune, utbygger, infrastruktureiere og grunneiere, fortsetter han.<\/p>\n<p>Les hele svaret fra energiministerenDette har VG spurt om:<\/p>\n<ul class=\"_list_o9xde_3 _list_xtcu6_9 _list_16v91_9 _unordered_o9xde_106 layout-component text-serif-m layout-normal text-sans-m layout-padded\" itemprop=\"text\">\n<li class=\"_item_o9xde_30\">Hva vil du si til de p\u00e5r\u00f8rende som sitter igjen med disse f\u00f8lelsene?<\/li>\n<li class=\"_item_o9xde_30\">Hvordan sikrer myndighetene at dette ikke skal kunne skje igjen, b\u00e5de i omr\u00e5det og andre steder i Norge?<\/li>\n<li class=\"_item_o9xde_30\">Hvorfor ble ikke varslene tatt p\u00e5 alvor, slik departementet ser det?<\/li>\n<li class=\"_item_o9xde_30\">Hvordan har myndighetene jobbet for \u00e5 sikre at anbefalingene i Gjerdrum-utvalgets rapport og NOU blir fulgt opp?<\/li>\n<li class=\"_item_o9xde_30\">En av de tydeligste anbefalingene fra utvalget handler om \u00e5 lovfeste ansvarsfordelingen i saker som dette. Hvorfor er ikke dette gjort?<\/li>\n<li class=\"_item_o9xde_30\">Hva er blitt gjort for \u00e5 avklare ansvar?<\/li>\n<li class=\"_item_o9xde_30\">Gj\u00f8r dere noe videre for \u00e5 plassere ansvar, og i s\u00e5 fall, hva?\u00a0Hvis det ikke er noen plan for dette: Hvorfor ikke, n\u00e5r anbefalingene fra utvalget var s\u00e5 tydelige p\u00e5 dette omr\u00e5det?<\/li>\n<li class=\"_item_o9xde_30\">Tidligere har det blitt pekt p\u00e5 et felles ansvar fordelt p\u00e5 grunneier, utbygger, kommune og stat. Er dette myndighetenes oppfatning fortsatt? Hvis ikke:\u00a0Hvem har det overordnede ansvaret for at skredet kunne bli s\u00e5 katastrofalt?<\/li>\n<\/ul>\n<p>Dette er svaret fra Aasland:<\/p>\n<p class=\"_paragraph_o9xde_4 _paragraph_xtcu6_10 _paragraph_16v91_10 layout-component text-serif-m layout-normal text-sans-m layout-padded\" itemprop=\"text\">\u00abDet tragiske skredet i Gjerdrum ber\u00f8rte oss alle sterkt. Jeg har stor forst\u00e5else for at det for mange har v\u00e6rt fem tunge og vanskelige \u00e5r, og at de etterlatte og lokal\u00adsamfunnet i Gjerdrum fortsatt er preget. De har min dypeste medf\u00f8lelse.<\/p>\n<p class=\"_paragraph_o9xde_4 _paragraph_xtcu6_10 _paragraph_16v91_10 layout-component text-serif-m layout-normal text-sans-m layout-padded\" itemprop=\"text\">Vi vil gj\u00f8re alt vi kan for at dette ikke skjer igjen. Regjeringen er opptatt av \u00e5 styrke arbeidet med forebygging av flom og skred over hele landet, innenfor kartlegging, areal\u00adplanlegging, sikring, overv\u00e5kning og beredskap \u2013 og har jobbet systematisk med oppf\u00f8lging av anbefalingene fra Gjerdrum-utvalget. <\/p>\n<p class=\"_paragraph_o9xde_4 _paragraph_xtcu6_10 _paragraph_16v91_10 layout-component text-serif-m layout-normal text-sans-m layout-padded\" itemprop=\"text\">I den nylig fremlagte stortings\u00admeldingen om flom og skred, har vi lagt frem en rekke naturfare\u00adforebyggings\u00adtiltak for \u00f8kt trygghet. Noe av det vi har f\u00e5tt p\u00e5 plass, er en innmeldings\u00adplikt for grunn\u00adunders\u00f8kelser og naturfare\u00adutredninger. I forbindelse med ny stortings\u00admelding har vi ogs\u00e5 g\u00e5tt gjennom og tydeliggjort ansvars\u00addelingen.<\/p>\n<p class=\"_paragraph_o9xde_4 _paragraph_xtcu6_10 _paragraph_16v91_10 layout-component text-serif-m layout-normal text-sans-m layout-padded\" itemprop=\"text\">Flom og skred utfordrer samfunnet p\u00e5 tvers av sektorer og ulike akt\u00f8rer, og det er ikke slik at det finnes en enkelt akt\u00f8r som er ansvarlig for \u00e5 forebygge alle natur\u00adkatastrofer alle steder. Det er et felles ansvar med mange akt\u00f8rer, blant annet stat, kommune, utbygger, infrastruktur\u00adeiere og grunneiere. <\/p>\n<p class=\"_paragraph_o9xde_4 _paragraph_xtcu6_10 _paragraph_16v91_10 layout-component text-serif-m layout-normal text-sans-m layout-padded\" itemprop=\"text\">Alle kommuner og en rekke statlige akt\u00f8rer bidrar med forebygging og beredskap. Kommunene har ikke en juridisk plikt til \u00e5 gjennomf\u00f8re sikringstiltak overalt, men har et generelt ansvar for innbyggernes trygghet. <\/p>\n<p class=\"_paragraph_o9xde_4 _paragraph_xtcu6_10 _paragraph_16v91_10 layout-component text-serif-m layout-normal text-sans-m layout-padded\" itemprop=\"text\">NVENVENoregs vassdrags- og energidirektorat, en statlig etat underlagt Energidepartementet. bist\u00e5r kommunene med \u00e5 forebygge skader fra flom og skred, og kommunene kan s\u00f8ke NVE om st\u00f8tte til sikringstiltak. Innenfor rammen som blir bevilget hvert \u00e5r, prioriteres s\u00f8knadene basert p\u00e5 risiko og samfunnsmessig nytte i forhold til kostnadene. <\/p>\n<p class=\"_paragraph_o9xde_4 _paragraph_xtcu6_10 _paragraph_16v91_10 layout-component text-serif-m layout-normal text-sans-m layout-padded\" itemprop=\"text\">Videre har infrastruktur\u00adeiere ansvar for egen infrastruktur, herunder for eksempel kommunale, regionale og statlige veier. Siden kvikkleire\u00adskred utl\u00f8ses relativt ofte av anleggs\u00advirksomhet som grave- og fyllings\u00adarbeider, stilles det ogs\u00e5 strenge krav til de som bygger i kvikkleire\u00adomr\u00e5der.<\/p>\n<p class=\"_paragraph_o9xde_4 _paragraph_xtcu6_10 _paragraph_16v91_10 layout-component text-serif-m layout-normal text-sans-m layout-padded\" itemprop=\"text\">N\u00e5r det gjelder kartlegging av fare for kvikkleire\u00adskred, s\u00e5 arbeides det systematisk med \u00e5 kartlegge, utrede og sikre utsatte omr\u00e5der. Dette er noe NVE ogs\u00e5 bidrar med, i tillegg til \u00e5 bist\u00e5 i kommunenes areal\u00adplanlegging med veiledning. NVE skal her prioritere det viktigste f\u00f8rst. <\/p>\n<p class=\"_paragraph_o9xde_4 _paragraph_xtcu6_10 _paragraph_16v91_10 layout-component text-serif-m layout-normal text-sans-m layout-padded\" itemprop=\"text\">N\u00e5r det gjelder Gjerdrum, Nannestad og Ullensaker har NVE n\u00e5 gjennomf\u00f8rt omfattende kartl\u00adegginger av kvikkleire\u00adsoner. Kartleggingen har avdekket flere omr\u00e5der der det er anbefalt sikring, men det er ikke behov for evakuering eller umiddelbare tiltak p\u00e5 noen av stedene.\u00bb<\/p>\n<p class=\"_paragraph_o9xde_4 _paragraph_xtcu6_10 layout-component text-serif-m layout-normal text-serif-m layout-padded\">Skredet var resultat av komplekse og sammensatte forhold, p\u00e5peker ordf\u00f8rer Karl-Arne Johannessen (H) i dag:<\/p>\n<p class=\"_paragraph_o9xde_4 _paragraph_xtcu6_10 layout-component text-serif-m layout-normal text-serif-m layout-padded\">\u2013 Men de unders\u00f8kelsene som er gjort, hverken hver for seg eller samlet, har ikke klart \u00e5 peke p\u00e5 enkeltbeslutninger bakover i tid som entydig peker p\u00e5 ansvaret for hendelsen, sier han til VG.<\/p>\n<p><img decoding=\"async\" alt=\"Bilde av Karl-Arne Johannessen (H)\" class=\"_image_ygndg_42\" height=\"31\" itemprop=\"image\" loading=\"lazy\"  src=\"https:\/\/www.europesays.com\/no\/wp-content\/uploads\/2025\/12\/2b979346-8e2d-41a5-89c0-b051820199a2.jpeg\"  width=\"40\"\/><strong class=\"_name_ygndg_51 title-serif-xs\">Karl-Arne Johannessen (H)<\/strong><\/p>\n<p class=\"_paragraph_o9xde_4 text-sans-m _description_ygndg_56\">Ordf\u00f8rer i Gjerdrum kommune.<\/p>\n<p class=\"_paragraph_o9xde_4 _paragraph_xtcu6_10 layout-component text-serif-m layout-normal text-serif-m layout-padded\">I februar 2021 ble Gjerdrum kommune siktet for brudd p\u00e5 naturskadelovennaturskadelovenSiktelsen gjaldt brudd p\u00e5 naturskadelovens paragraf 20, som sier at kommunen har plikt til \u00e5 f\u00f8lge opp varsler om naturskader og gj\u00f8re n\u00f8dvendige sikringstiltak. . <\/p>\n<p class=\"_paragraph_o9xde_4 _paragraph_xtcu6_10 layout-component text-serif-m layout-normal text-serif-m layout-padded\"><strong class=\"_strong_o9xde_25\">Politiet etterforsket om advarslene f\u00f8r skredet var godt nok fulgt opp.<\/strong><\/p>\n<p class=\"_paragraph_o9xde_4 _paragraph_xtcu6_10 layout-component text-serif-m layout-normal text-serif-m layout-padded\">Ni m\u00e5neder senere konkluderte de med at kommunen ikke kunne holdes strafferettslig ansvarlig for skredet. Saken ble henlagt.<\/p>\n<p class=\"_paragraph_o9xde_4 _paragraph_xtcu6_10 layout-component text-serif-m layout-normal text-serif-m layout-padded\">\u2013 I ettertid tror jeg at vi m\u00e5 erkjenne at man ikke hadde forutsetninger for \u00e5 forutse omfanget og alvorlighetsgraden av katastrofen som kom, slik situasjonen fremsto for 15\u201320 \u00e5r siden, sier Johannessen.<\/p>\n<p>Ber departementet legge frem oversikt<\/p>\n<p class=\"_paragraph_o9xde_4 _paragraph_xtcu6_10 layout-component text-serif-m layout-normal text-serif-m layout-padded\">\u00c9n uke etter skredet offentliggjorde Gjerdrum kommune all dokumentasjon om plan- og byggesaker i skredomr\u00e5det.<\/p>\n<p class=\"_paragraph_o9xde_4 _paragraph_xtcu6_10 layout-component text-serif-m layout-normal text-serif-m layout-padded\">De lovet full transparens \u2013 noe de senere mottok <a href=\"https:\/\/www.presse.no\/aktuelt\/gjerdrum-kommune-vinner-apenhetspris\" class=\"_link_o9xde_39\" rel=\"nofollow noopener\" target=\"_blank\">Norsk Presseforbunds \u00e5penhetspris<\/a> for. <\/p>\n<p class=\"_paragraph_o9xde_4 _paragraph_xtcu6_10 layout-component text-serif-m layout-normal text-serif-m layout-padded\">Johannessen mener vurderingene som ble gjort da Nystulia ble bygget, m\u00e5 forst\u00e5s i lys av \u00abkunnskapen og rammebetingelsene\u00bb som forel\u00e5 da beslutningene ble tatt.<\/p>\n<p><img alt=\"I DIALOG: I november m\u00f8tte Neraas Brustad-familien flere kommunetopper til et m\u00f8te om sp\u00f8rsm\u00e5lene de sitter igjen med. Fra venstre: Familieterapeut Magne Rygg, varaordf\u00f8rer Lars Gustav Monsen (Frp), ordf\u00f8rer Karl-Arne Johannesen (H) og kommunedirekt\u00f8r Daniel Berg-Hansen.  Foto: Line M\u00f8ller \/ VG\" class=\"_image_qp4xg_65 layout-component layout-normal\" data-fullscreen- data-track-element-type=\"Article image fullscreen\" data-track-name=\"ImageFullscreen\" decoding=\"async\" loading=\"lazy\" height=\"5504\" itemprop=\"image\"  src=\"https:\/\/www.europesays.com\/no\/wp-content\/uploads\/2025\/12\/84825895-8e02-460f-8ecb-c5e6b697b1d3.png\"  style=\"object-position:0% 0%\" width=\"8256\"\/>I DIALOG: I november m\u00f8tte Neraas Brustad-familien flere kommunetopper til et m\u00f8te om sp\u00f8rsm\u00e5lene de sitter igjen med. Fra venstre: Familieterapeut Magne Rygg, varaordf\u00f8rer Lars Gustav Monsen (Frp), ordf\u00f8rer Karl-Arne Johannesen (H) og kommunedirekt\u00f8r Daniel Berg-Hansen.  Foto: Line M\u00f8ller \/ VG<\/p>\n<p class=\"_paragraph_o9xde_4 _paragraph_xtcu6_10 layout-component text-serif-m layout-normal text-serif-m layout-padded\">\u2013 Men det er ekstremt viktig at vi setter sterke krav til at denne katastrofen gir l\u00e6ring. For oss i kommunen m\u00e5 l\u00e6rdommen v\u00e6re at vi for all fremtid m\u00e5 tenke \u00abf\u00f8re-var prinsippet\u00bb dersom det kommer signaler om risiko, sier ordf\u00f8reren.<\/p>\n<p class=\"_paragraph_o9xde_4 _paragraph_xtcu6_10 layout-component text-serif-m layout-normal text-serif-m layout-padded\"><strong class=\"_strong_o9xde_25\">Han forventer \u00abkonkret l\u00e6ring\u00bb fra departementet. <\/strong><\/p>\n<p class=\"_paragraph_o9xde_4 _paragraph_xtcu6_10 layout-component text-serif-m layout-normal text-serif-m layout-padded\">Johannessen ber myndighetene legge frem en oversikt over hvordan svakhetene som Gjerdrum-utvalget pekte p\u00e5, har blitt fulgt opp:<\/p>\n<p class=\"_paragraph_o9xde_4 _paragraph_xtcu6_10 layout-component text-serif-m layout-normal text-serif-m layout-padded\">\u2013 Det ble den gang uttalt fra statsr\u00e5den at utredningen skulle hjelpe oss med \u00e5 forst\u00e5 hva som kan gj\u00f8res enda bedre for \u00e5 unng\u00e5 slike hendelser i fremtiden. Det var et sv\u00e6rt forpliktende utsagn, sier han.<\/p>\n<p>\u2013 M\u00e5 ha dyp respekt<\/p>\n<p class=\"_paragraph_o9xde_4 _paragraph_xtcu6_10 layout-component text-serif-m layout-normal text-serif-m layout-padded\">Johannessen overtok ordf\u00f8rerkjedet i 2023. Forgjengeren hans, Anders \u00d8stensen (Ap), ble for mange et slags ansikt utad for katastrofen i Gjerdrum.<\/p>\n<p class=\"_paragraph_o9xde_4 _paragraph_xtcu6_10 layout-component text-serif-m layout-normal text-serif-m layout-padded\"><strong class=\"_strong_o9xde_25\">Selv bor Johannessen 100 meter unna skredomr\u00e5det. <\/strong><\/p>\n<p class=\"_paragraph_o9xde_4 _paragraph_xtcu6_10 layout-component text-serif-m layout-normal text-serif-m layout-padded\">Han er takknemlig for \u00e5penheten som familien Neraas Brustad har vist \u2013 og kravene de stiller:<\/p>\n<p class=\"_paragraph_o9xde_4 _paragraph_xtcu6_10 layout-component text-serif-m layout-normal text-serif-m layout-padded\">\u2013 Vi m\u00e5 ha dyp respekt for at de som ble rammet hardest av denne katastrofen, har \u00f8nsket \u00e5 plassere et ansvar for det som skjedde, sier Johannessen.<\/p>\n<p class=\"_paragraph_o9xde_4 _paragraph_xtcu6_10 layout-component text-serif-m layout-normal text-serif-m layout-padded\">Onsdag var b\u00e5de han og familien blant deltagerne p\u00e5 fem\u00e5rsmarkeringen av dagen bygda aldri glemmer:<\/p>\n<ul class=\"_gallery_1qa3s_23\" tabindex=\"0\">\n<li class=\"_item_1qa3s_37\" data-index=\"0\"><img decoding=\"async\" class=\"_image_foru8_23 _articleGallery_foru8_39\" data-fullscreen- width=\"3551\" height=\"3550\" itemprop=\"image\" loading=\"lazy\"  src=\"https:\/\/www.europesays.com\/no\/wp-content\/uploads\/2025\/12\/6e14d320-6555-4ab9-b1bd-5a60b3f36ac1.png\"  style=\"object-position:50% 50%;aspect-ratio:var(--gallery-aspect-ratio, 16 \/ 9)\"\/>SAMMEN I SORGEN: Ordf\u00f8rer Karl-Arne Johannessen (H) ned blomster ved det nye minnesmerket i Gjerdrum. Foto: Thomas Fure \/ NTB<\/li>\n<li class=\"_item_1qa3s_37\" data-index=\"1\"><img decoding=\"async\" class=\"_image_foru8_23 _articleGallery_foru8_39\" data-fullscreen- width=\"5570\" height=\"3713\" itemprop=\"image\" loading=\"lazy\"  src=\"https:\/\/www.europesays.com\/no\/wp-content\/uploads\/2025\/12\/93d59e45-90a4-42f0-9574-07a7f6baf3eb.jpeg\"  style=\"object-position:50% 50%;aspect-ratio:var(--gallery-aspect-ratio, 16 \/ 9)\"\/>SAMMEN I SORGEN: Onsdag var det fakkeltog i Gjerdrum til minne om ofrene etter leirskredet for fem \u00e5r siden. Foto: Thomas Fure \/ NTB<\/li>\n<li class=\"_item_1qa3s_37\" data-index=\"2\"><img decoding=\"async\" class=\"_image_foru8_23 _articleGallery_foru8_39\" data-fullscreen- width=\"7952\" height=\"5302\" itemprop=\"image\" loading=\"lazy\"  src=\"https:\/\/www.europesays.com\/no\/wp-content\/uploads\/2025\/12\/7d539dfa-f779-45a6-8bac-2bd10dd823ba.jpeg\"  style=\"object-position:50% 50%;aspect-ratio:var(--gallery-aspect-ratio, 16 \/ 9)\"\/>SAMMEN I SORGEN: Under markeringen var det tent et hjerte av lys p\u00e5 den langstrakte \u00e5keren som er blitt laget i det gamle skredomr\u00e5det. Foto: Thomas Fure \/ NTB<\/li>\n<li class=\"_item_1qa3s_37\" data-index=\"3\"><img decoding=\"async\" class=\"_image_foru8_23 _articleGallery_foru8_39\" data-fullscreen- width=\"7952\" height=\"5304\" itemprop=\"image\" loading=\"lazy\"  src=\"https:\/\/www.europesays.com\/no\/wp-content\/uploads\/2025\/12\/8ef5c5b3-0873-43d2-bd0b-dce1f237a6b0.jpeg\"  style=\"object-position:50% 50%;aspect-ratio:var(--gallery-aspect-ratio, 16 \/ 9)\"\/>SAMMEN I SORGEN: Fakkeltoget endte opp i det gjenoppbygde rasomr\u00e5det. Foto: Thomas Fure \/ NTB<\/li>\n<\/ul>\n<p>SAMMEN I SORGEN: Ordf\u00f8rer Karl-Arne Johannessen (H) ned blomster ved det nye minnesmerket i Gjerdrum. Foto: Thomas Fure \/ NTB<\/p>\n<p class=\"_paragraph_o9xde_4 _paragraph_xtcu6_10 layout-component text-serif-m layout-normal text-serif-m layout-padded\">Etterlatte og lokalbefolkning var samlet til fakkeltog, minnegudstjeneste og \u00e5pning av nytt minnested i skredomr\u00e5det.<\/p>\n<p class=\"_paragraph_o9xde_4 _paragraph_xtcu6_10 layout-component text-serif-m layout-normal text-serif-m layout-padded\">I tillegg \u00e5pnes d\u00f8rene til et nytt kunnskapssenter p\u00e5 kommunehuset i Ask. Hensikten er \u00e5 minnes de som er borte \u2013 og l\u00e6re av det som skjedde.<\/p>\n<p class=\"_paragraph_o9xde_4 _paragraph_xtcu6_10 layout-component text-serif-m layout-normal text-serif-m layout-padded\"><strong class=\"_strong_o9xde_25\">Johannessen p\u00e5peker at skredkatastrofen er grundig gjennomg\u00e5tt i flere omganger:<\/strong><\/p>\n<p class=\"_paragraph_o9xde_4 _paragraph_xtcu6_10 layout-component text-serif-m layout-normal text-serif-m layout-padded\">\u2013 Kommunen selv, Gjerdrum-utvalget og politiet har bidratt til omfattende prosesser for \u00e5 avklare b\u00e5de \u00e5rsaksforhold og ansvarsforhold, sier han.<\/p>\n<p> Ingrid Bj\u00f8rndal Farestvedt<\/p>\n<p class=\"text-sans-s\">Journalist<\/p>\n<p><img decoding=\"async\" alt=\"Ingrid Bj\u00f8rndal Farestvedt\" class=\"_image_uv074_179\" src=\"https:\/\/www.europesays.com\/no\/wp-content\/uploads\/2025\/12\/1767170473_955_0ca626e9-b4bd-4417-836d-161b53cb789f.jpeg\" width=\"480\"\/>Kontakt Ingrid Bj\u00f8rndal FarestvedtLine M\u00f8ller (foto)<\/p>\n<p class=\"text-sans-s\">Journalist<\/p>\n<p><img decoding=\"async\" alt=\"Line M\u00f8ller (foto)\" class=\"_image_uv074_179\" src=\"https:\/\/www.europesays.com\/no\/wp-content\/uploads\/2025\/12\/86bd1337-52af-4a28-b881-46e1ce6a48f1.jpeg\" width=\"480\"\/>Kontakt Line M\u00f8ller (foto)     <\/p>\n","protected":false},"excerpt":{"rendered":"Kvikkleireskredet i Gjerdrum i 2020 var en varslet katastrofe, p\u00e5peker Neraas Brustad-familien, som selv mistet to av sine&hellip;\n","protected":false},"author":2,"featured_media":125333,"comment_status":"","ping_status":"","sticky":false,"template":"","format":"standard","meta":{"footnotes":""},"categories":[10],"tags":[20,21,24,25,4784,15,22,23,8527,13,30,28,29,14,16,26,27,1204],"class_list":{"0":"post-125332","1":"post","2":"type-post","3":"status-publish","4":"format-standard","5":"has-post-thumbnail","7":"category-norge","8":"tag-breaking-news","9":"tag-breakingnews","10":"tag-featured-news","11":"tag-featurednews","12":"tag-gjerdrum","13":"tag-headlines","14":"tag-latest-news","15":"tag-latestnews","16":"tag-leirskredet-i-gjerdrum","17":"tag-news","18":"tag-no","19":"tag-norge","20":"tag-norway","21":"tag-nyheter","22":"tag-overskrifter","23":"tag-top-stories","24":"tag-topstories","25":"tag-ulykker"},"share_on_mastodon":{"url":"https:\/\/pubeurope.com\/@no\/115813291433122505","error":""},"_links":{"self":[{"href":"https:\/\/www.europesays.com\/no\/wp-json\/wp\/v2\/posts\/125332","targetHints":{"allow":["GET"]}}],"collection":[{"href":"https:\/\/www.europesays.com\/no\/wp-json\/wp\/v2\/posts"}],"about":[{"href":"https:\/\/www.europesays.com\/no\/wp-json\/wp\/v2\/types\/post"}],"author":[{"embeddable":true,"href":"https:\/\/www.europesays.com\/no\/wp-json\/wp\/v2\/users\/2"}],"replies":[{"embeddable":true,"href":"https:\/\/www.europesays.com\/no\/wp-json\/wp\/v2\/comments?post=125332"}],"version-history":[{"count":0,"href":"https:\/\/www.europesays.com\/no\/wp-json\/wp\/v2\/posts\/125332\/revisions"}],"wp:featuredmedia":[{"embeddable":true,"href":"https:\/\/www.europesays.com\/no\/wp-json\/wp\/v2\/media\/125333"}],"wp:attachment":[{"href":"https:\/\/www.europesays.com\/no\/wp-json\/wp\/v2\/media?parent=125332"}],"wp:term":[{"taxonomy":"category","embeddable":true,"href":"https:\/\/www.europesays.com\/no\/wp-json\/wp\/v2\/categories?post=125332"},{"taxonomy":"post_tag","embeddable":true,"href":"https:\/\/www.europesays.com\/no\/wp-json\/wp\/v2\/tags?post=125332"}],"curies":[{"name":"wp","href":"https:\/\/api.w.org\/{rel}","templated":true}]}}