{"id":125334,"date":"2025-12-31T08:49:17","date_gmt":"2025-12-31T08:49:17","guid":{"rendered":"https:\/\/www.europesays.com\/no\/125334\/"},"modified":"2025-12-31T08:49:17","modified_gmt":"2025-12-31T08:49:17","slug":"svaert-glatte-forhold","status":"publish","type":"post","link":"https:\/\/www.europesays.com\/no\/125334\/","title":{"rendered":"&#8211; Sv\u00e6rt glatte forhold"},"content":{"rendered":"<p class=\"kicker \" style=\"\">Bilde sprer seg:<\/p>\n<p>  Bildet av en \u00f8sterriksk hoppbinding setter fyr p\u00e5 Hoppuka.<\/p>\n<p>\n    BASE: Hopperne teller ned til Nytt\u00e5rshopprennet. Flere ut\u00f8vere bor her, p\u00e5 hotell Mercure i Garmisch-Partenkirchen. Foto: Tore Ulrik Bratland\n  <\/p>\n<p>GARMISCH-PARTENKIRCHEN (Dagbladet): Slik s\u00e5 det ut utenfor hotell Mercure i Garmisch-Partenkirchen seint i g\u00e5r kveld. Her bor flere hoppere, blant andre nordmennene.<\/p>\n<p>De siste 24 timene har ryktene svirret &#8211; og konspirasjonsteoriene herjet &#8211; i Tyskland.\u00a0<\/p>\n<p>Et bilde av bindingen p\u00e5 en hoppski fra \u00d8sterrike har spredt seg med lynets hastighet. Ogs\u00e5 Dagbladet er i besittelse av bildet.\u00a0<\/p>\n<p>Bindingen tilh\u00f8rer veteranen Manuel Fettner (40) fra \u00d8sterrike.<\/p>\n<p>        <img loading=\"lazy\" decoding=\"async\" src=\"https:\/\/www.europesays.com\/no\/wp-content\/uploads\/2025\/12\/1767170949_728_84042472.webp.webp\" width=\"667\" height=\"674\" title=\"BILDET SPRER SEG: Her er hoppbindingen som sirkulerer. Den skiller seg fra en standardbinding med to tagger til venstre og h\u00f8yre.\" alt=\"\" class=\"\" style=\"--aspect-ratio-image: 0.99; \"\/><\/p>\n<p>\n        BILDET SPRER SEG: Her er hoppbindingen som sirkulerer. Den skiller seg fra en standardbinding med to tagger til venstre og h\u00f8yre.\n    <\/p>\n<p>        <img loading=\"lazy\" decoding=\"async\" src=\"https:\/\/www.europesays.com\/no\/wp-content\/uploads\/2025\/12\/1767170950_637_84042438.webp.webp\" width=\"667\" height=\"561\" title=\"I S\u00d8KELYSET: Manuel Fettner. Foto: NTB\" alt=\"\" class=\"\" style=\"--aspect-ratio-image: 1.19; \"\/><\/p>\n<p>\n        I S\u00d8KELYSET: Manuel Fettner. Foto: NTB\n    <\/p>\n<p> Kilder forteller til Dagbladet:\u00a0<\/p>\n<p>&#8211; En hoppbinding m\u00e5 v\u00e6re i utstyrskatalogen til FIS. Men denne ser \u00abhjemme-mekket\u00bb ut. Det er ikke lov \u00e5 gj\u00f8re en binding &#8211; godkjent i FIS sin utstyrskatalog &#8211; mer aerodynamisk. Ved \u00e5 gi mer rom for \u00abvandring\u00bb til skoen p\u00e5 utsida av tuppen til skoen, vil du f\u00e5 mer effekt av det b\u00f8yde staget bak. P\u00e5 denne m\u00e5ten vil du gj\u00f8re skiene flatere mot lufta.<\/p>\n<p>    <a itemprop=\"url\" href=\"https:\/\/www.dagbladet.no\/sport\/far-ikke-vaere-med\/84041923\" rel=\"nofollow noopener\" target=\"_blank\"><\/p>\n<p>        <img loading=\"lazy\" decoding=\"async\" src=\"https:\/\/www.europesays.com\/no\/wp-content\/uploads\/2025\/12\/1767170950_136_84041929.webp.webp\" width=\"980\" height=\"441\" title=\"F\u00e5r ikke v\u00e6re med\" alt=\"\" class=\"lazyload\" style=\"--aspect-ratio-image: 2.22; \"\/><\/p>\n<p>        F\u00e5r ikke v\u00e6re med<\/p>\n<p>    <\/a><\/p>\n<p>Kort fortalt, og ganske opplagt: Flatere ski i lufta flyr bedre enn ski som \u00abst\u00e5r opp\u00bb og bremser farta.<\/p>\n<p>For utrente \u00f8yne er det ikke lett \u00e5 se hva som vekker mistanke ved bindingen til Fettner. Men under ser du en binding fra utstyrskatalogen til FIS. Den har en sammenhengende plate.\u00a0<\/p>\n<p>        <img loading=\"lazy\" decoding=\"async\" src=\"https:\/\/www.europesays.com\/no\/wp-content\/uploads\/2025\/12\/1767170951_834_84042480.webp.webp\" width=\"667\" height=\"534\" title=\"STANDARD: Her er en hoppbinding som er oppgitt i utstyrskatalogen til FIS.\" alt=\"\" class=\"\" style=\"--aspect-ratio-image: 1.25; \"\/><\/p>\n<p>\n        STANDARD: Her er en hoppbinding som er oppgitt i utstyrskatalogen til FIS.\n    <\/p>\n<p> Fettners binding har to tagger som er lett senket med et mellomrom.\u00a0<\/p>\n<p> Ulovlig? <\/p>\n<p>S\u00e5 vill er rykteflommen at den \u00f8sterrikske utstyrskontroll\u00f8ren Mathias Hafele rykket ut i g\u00e5r. Til flere personer sendte han denne meldingen:<\/p>\n<p>&#8211; Bindingen som for \u00f8yeblikket sirkulerer p\u00e5 bilder, har v\u00e6rt i bruk i rundt ti \u00e5r. Den er et resultat av st\u00f8velutviklingen til Manuel Fettner. Denne hoppst\u00f8velen bruker en annen t\u00e5del av plast, noe som gj\u00f8r modifikasjonen (justeringen) av bindingen n\u00f8dvendig.<\/p>\n<p>        <img loading=\"lazy\" decoding=\"async\" src=\"https:\/\/www.europesays.com\/no\/wp-content\/uploads\/2025\/12\/1767170952_677_84042428.webp.webp\" width=\"667\" height=\"427\" title=\"RYKKET UT: Utstyrskontroll\u00f8r Mathias Hafele. Foto: NTB\" alt=\"\" class=\"\" style=\"--aspect-ratio-image: 1.56; \"\/><\/p>\n<p>\n        RYKKET UT: Utstyrskontroll\u00f8r Mathias Hafele. Foto: NTB\n    <\/p>\n<p>Hafele fortsetter:<\/p>\n<p>&#8211; Denne modifikasjonen var allerede i bruk og godkjent av komiteen sammen med hoppst\u00f8velen p\u00e5 den tida da Sepp Gratzer var utstyrskontroll\u00f8r. If\u00f8lge produsenten av den originale bindingen har denne justeringen ingen innvirkning p\u00e5 \u00e5 forbedre ut\u00f8verens prestasjon.<\/p>\n<p>Bakgrunnen for interessen for \u00f8sterrikerne er de sv\u00e6rt spesielle resultatene denne sesongen. De startet sesongen med trippelseier p\u00e5 Lillehammer.\u00a0<\/p>\n<p>        <img loading=\"lazy\" decoding=\"async\" src=\"https:\/\/www.europesays.com\/no\/wp-content\/uploads\/2025\/12\/1767170953_567_84042430.webp.webp\" width=\"667\" height=\"441\" title=\"TOPP TRE: \u00d8sterrike tok alle de tre f\u00f8rste plassene p\u00e5 Lillehammer i november. Daniel Tschofenig (i midten) vant foran Jan H\u00f6rl og Stefan Kraft. Foto: Geir Olsen \/ NTB\" alt=\"\" class=\"\" style=\"--aspect-ratio-image: 1.51; \"\/><\/p>\n<p>\n        TOPP TRE: \u00d8sterrike tok alle de tre f\u00f8rste plassene p\u00e5 Lillehammer i november. Daniel Tschofenig (i midten) vant foran Jan H\u00f6rl og Stefan Kraft. Foto: Geir Olsen \/ NTB\n    <\/p>\n<p>Siden har de v\u00e6rt av og p\u00e5. Men i det f\u00f8rste rennet i Hoppuka mandag var de der igjen. \u00d8sterrike hadde fem hoppere blant de ni beste. Daniel Tschofenig var best p\u00e5 andreplass. Fettner ble nummer 16.<\/p>\n<p>Kilder Dagbladet har snakket med vil ikke st\u00e5 fram med navn. Men if\u00f8lge rykteflommen skal \u00f8sterrikerne ha blitt bedt om \u00e5 skifte bindinger mellom f\u00f8rste og andre omgang i Oberstdorf, uten at de ble disket for dette. Resultatene i f\u00f8rste omgang var bedre enn i andre.<\/p>\n<p>        <img loading=\"lazy\" decoding=\"async\" src=\"https:\/\/www.europesays.com\/no\/wp-content\/uploads\/2025\/12\/1767170954_974_84042426.webp.webp\" width=\"667\" height=\"828\" title=\"SNIKFOTO: Bildet av bindingen er if\u00f8lge ryktene tatt fra denne skien.\" alt=\"\" class=\"\" style=\"--aspect-ratio-image: 0.81; \"\/><\/p>\n<p>\n        SNIKFOTO: Bildet av bindingen er if\u00f8lge ryktene tatt fra denne skien.\n    <\/p>\n<p>Ingen i FIS bekrefter at dette ryktet stemmer. En annen konspirasjonsteori som sirkulerer, er at \u00f8sterrikerne bevisst har satt ut skiene til Fettner, slik at konkurrentene kunne f\u00e5 anledning til \u00e5 snikfotografere dem. N\u00e6rmest som et lokkemiddel.\u00a0<\/p>\n<p>Dette for \u00e5 f\u00e5 fokuset vekk fra konspirasjonsteorien om at de m\u00e5tte bytte bindinger mellom f\u00f8rste og andre omgang. Angivelig visste \u00f8sterrikerne at akkurat denne bindingen ville g\u00e5 klar hvis det ble fokus p\u00e5 den.<\/p>\n<p>    <a itemprop=\"url\" href=\"https:\/\/www.dagbladet.no\/sport\/fikk-toff-beskjed\/84035598\" rel=\"nofollow noopener\" target=\"_blank\"><\/p>\n<p>        <img loading=\"lazy\" decoding=\"async\" src=\"https:\/\/www.europesays.com\/no\/wp-content\/uploads\/2025\/12\/1767170955_257_84035620.webp.webp\" width=\"980\" height=\"441\" title=\"Fikk t\u00f8ff beskjed\" alt=\"\" class=\"lazyload\" style=\"--aspect-ratio-image: 2.22; \"\/><\/p>\n<p>        Fikk t\u00f8ff beskjed<\/p>\n<p>    <\/a><\/p>\n<p>Hvordan reagerer \u00f8sterrikerne selv?<\/p>\n<p>Flere medier i Den tysk-\u00f8sterrikske hoppuka skriver om ryktene som verserer. Til den polske avisa <a href=\"https:\/\/www.sport.pl\/skoki\/7,65074,32499571,fis-odpowiada-ws-oskarzen-o-oszustwo-dostalismy-zdjecia-sprzetu.html#s=SNO_Img_1\" rel=\"nofollow noopener\" target=\"_blank\">Sport <\/a>sier trener Andreas Widh\u00f6lzl om bindingen til Fettner:<\/p>\n<p>&#8211; Dette er ikke noe spesielt, det er en godkjent binding. FIS har sett p\u00e5 den og sa at den var i orden. Manuel Fettner har hoppet med denne bindingen i fem eller seks \u00e5r. Det har aldri v\u00e6rt et problem. S\u00e5 hvorfor skulle det v\u00e6re det n\u00e5?<\/p>\n<p>        <img loading=\"lazy\" decoding=\"async\" src=\"https:\/\/www.europesays.com\/no\/wp-content\/uploads\/2025\/12\/1767170956_767_84042432.webp.webp\" width=\"667\" height=\"407\" title=\"AVVISER: \u00d8sterrikes trener, Andreas Widh\u00f6lz, avfeier at noe er unormalt. Foto: NTB\" alt=\"\" class=\"\" style=\"--aspect-ratio-image: 1.64; \"\/><\/p>\n<p>\n        AVVISER: \u00d8sterrikes trener, Andreas Widh\u00f6lz, avfeier at noe er unormalt. Foto: NTB\n    <\/p>\n<p>Den polske nettavisa <a href=\"https:\/\/sport.tvp.pl\/90811268\/tcs-202526-fake-newsy-zdjecia-z-ukrycia-insynuacje-w-ps-w-skokach-dzieja-sie-dziwne-rzeczy\" rel=\"nofollow noopener\" target=\"_blank\">TVP Sport<\/a> er kritisk til den giftige stemningen som sprer seg i det internasjonale hoppmilj\u00f8et. Det er snikfilming, gjensidige mistanker og folk som ser seg over skuldrene.<\/p>\n<p>&#8211; Krigen i hoppsporten blusser opp igjen. Siden starten av Hoppuka har det sirkulert skjermbilder, bilder tatt i skjul og fragmenter av uklare anklager, hovedakelig rettet mot \u00f8sterrikerne. Det har oppst\u00e5tt en front som \u00e5penbart har som m\u00e5l \u00e5 legge press p\u00e5 FIS, heter det.<\/p>\n<p>&#8211; Det er ikke tilfeldig at alt skjer to m\u00e5neder f\u00f8r OL. Men det faktum at folk bak konspirasjonsteoriene ikke \u00f8nsker \u00e5 uttale seg med navn svekker troverdigheten deres.<\/p>\n<p>        <img loading=\"lazy\" decoding=\"async\" src=\"https:\/\/www.europesays.com\/no\/wp-content\/uploads\/2025\/12\/1767170956_337_84042434.webp.webp\" width=\"667\" height=\"407\" title=\"MANGE SP\u00d8RSM\u00c5L: Johann Andr\u00e9 Forfang innr\u00f8mmer at han er nysgjerrig p\u00e5 \u00f8sterrikerne. Foto: Geir Olsen \/ NTB\" alt=\"\" class=\"\" style=\"--aspect-ratio-image: 1.64; \"\/><\/p>\n<p>\n        MANGE SP\u00d8RSM\u00c5L: Johann Andr\u00e9 Forfang innr\u00f8mmer at han er nysgjerrig p\u00e5 \u00f8sterrikerne. Foto: Geir Olsen \/ NTB\n    <\/p>\n<p>Mandag spurte Dagbladet Johann Andr\u00e9 Forfang om hva han syntes om den \u00f8sterrikske trenden denne sesongen.<\/p>\n<p class=\"italic m-italic\" data-lab-italic=\"italic\">&#8211; Hvordan forklarer du trippelseier i f\u00f8rste renn, s\u00e5 forsvinner de litt og plutselig kommer fem mann blant de ni beste?<\/p>\n<p>&#8211; Det m\u00e5 du sp\u00f8rre dem om. Det vil jeg ogs\u00e5 gjerne vite, svarte Forfang.<\/p>\n<p class=\"italic m-italic\" data-lab-italic=\"italic\">&#8211; N\u00e5r et helt lag plutselig l\u00f8fter seg m\u00e5 det kanskje v\u00e6re noe?<\/p>\n<p>&#8211; Det er dine ord. Men jeg kan jo si meg enig i utsagnet ditt.\u00a0<\/p>\n<p>    <a itemprop=\"url\" href=\"https:\/\/www.dagbladet.no\/sport\/lyver-ikke\/84038464\" rel=\"nofollow noopener\" target=\"_blank\"><\/p>\n<p>        <img loading=\"lazy\" decoding=\"async\" src=\"https:\/\/www.europesays.com\/no\/wp-content\/uploads\/2025\/12\/1767170957_959_84038470.webp.webp\" width=\"980\" height=\"441\" title=\"- Lyver ikke\" alt=\"\" class=\"lazyload\" style=\"--aspect-ratio-image: 2.22; \"\/><\/p>\n<p>        &#8211; Lyver ikke<\/p>\n<p>    <\/a><\/p>\n<p>Dagbladet har s\u00f8kt hoppernes renndirekt\u00f8r, Sandro Pertile, for en kommentar. Han har ikke besvart v\u00e5r henvendelse.<\/p>\n<p>Hoppuka fortsetter med kvalifisering klokka 16.00 i dag. Nytt\u00e5rshopprennet 1. januar starter klokka 14.00 og sendes p\u00e5 Viaplay og Vsport 1.<\/p>\n<p>    Hoppuka &#8211; f\u00f8rste renn<\/p>\n<p>Stor bakke i Oberstdorf:<\/p>\n<p>1) Domen Prevc, Slovenia 316,7 (141,5-140), 2) Daniel Tschofenig, \u00d8sterrike 299,2 (132-134), 3) Felix Hoffmann, Tyskland 297,3 (132,5-136), 4) Jan H\u00f6rl, \u00d8sterrike 297,1 (136,5-133), 5) Philipp Raimund, Tyskland 295,6 (136-133), 6) Ryoyu Kobayashi, Japan 295 (133-136), 7) Stephan Embacher, \u00d8sterrike 291,2 (131-135,5), 8) Jonas Schuster, \u00d8sterrike 287,7 (138,5-128,5), 9) Stefan Kraft, \u00d8sterrike 286,4 (133,5-127,5), 10) Kristoffer Eriksen Sundal, Norge 285,6 (135,5-132).<\/p>\n<p>\u00d8vrige norske: 20) Halvor Egner Granerud 263,6 (121,5-127,5), 21) Johann Andre\u00a0Forfang\u00a0261,8 (126-127), 23) Marius Lindvik 256,9 (124,5-124), 29) Robin Pedersen 228,5 (123,5-113), 40) Isak Andreas Langmo 112,4 (119).<\/p>\n<p>Verdenscupen sammenlagt: 1) Prevc, Slovenia 950, 2) Kobayashi, Japan 691, 3) Raimund, Tyskland 545, 4) Anze Lanisek, Slovenia 530, 5) Ren Nikaido, Japan 479, 6) Hoffmann, Tyskland 465, 7) Tschofenig, \u00d8sterrike 436, 8) Kraft, \u00d8sterrike 397, 9) H\u00f6rl, \u00d8sterrike 365, 10) Embacher, \u00d8sterrike 333.<\/p>\n<p>Norske (topp 30): 14) Sundal 219, 19)\u00a0Forfang\u00a0159, 20) Lindvik 154, 21) Granerud 136.<\/p>\n<p>      Vis mer<br \/>\n      Vis mindre<\/p>\n","protected":false},"excerpt":{"rendered":"Bilde sprer seg: Bildet av en \u00f8sterriksk hoppbinding setter fyr p\u00e5 Hoppuka. BASE: Hopperne teller ned til Nytt\u00e5rshopprennet.&hellip;\n","protected":false},"author":2,"featured_media":125335,"comment_status":"","ping_status":"","sticky":false,"template":"","format":"standard","meta":{"footnotes":""},"categories":[10],"tags":[20,21,24,25,15,2539,11746,22,23,13,30,28,29,14,13381,16,26,27,552],"class_list":{"0":"post-125334","1":"post","2":"type-post","3":"status-publish","4":"format-standard","5":"has-post-thumbnail","7":"category-norge","8":"tag-breaking-news","9":"tag-breakingnews","10":"tag-featured-news","11":"tag-featurednews","12":"tag-headlines","13":"tag-innenriks","14":"tag-kjoreforhold","15":"tag-latest-news","16":"tag-latestnews","17":"tag-news","18":"tag-no","19":"tag-norge","20":"tag-norway","21":"tag-nyheter","22":"tag-nyttarsaften","23":"tag-overskrifter","24":"tag-top-stories","25":"tag-topstories","26":"tag-vei"},"share_on_mastodon":{"url":"https:\/\/pubeurope.com\/@no\/115813322922635491","error":""},"_links":{"self":[{"href":"https:\/\/www.europesays.com\/no\/wp-json\/wp\/v2\/posts\/125334","targetHints":{"allow":["GET"]}}],"collection":[{"href":"https:\/\/www.europesays.com\/no\/wp-json\/wp\/v2\/posts"}],"about":[{"href":"https:\/\/www.europesays.com\/no\/wp-json\/wp\/v2\/types\/post"}],"author":[{"embeddable":true,"href":"https:\/\/www.europesays.com\/no\/wp-json\/wp\/v2\/users\/2"}],"replies":[{"embeddable":true,"href":"https:\/\/www.europesays.com\/no\/wp-json\/wp\/v2\/comments?post=125334"}],"version-history":[{"count":0,"href":"https:\/\/www.europesays.com\/no\/wp-json\/wp\/v2\/posts\/125334\/revisions"}],"wp:featuredmedia":[{"embeddable":true,"href":"https:\/\/www.europesays.com\/no\/wp-json\/wp\/v2\/media\/125335"}],"wp:attachment":[{"href":"https:\/\/www.europesays.com\/no\/wp-json\/wp\/v2\/media?parent=125334"}],"wp:term":[{"taxonomy":"category","embeddable":true,"href":"https:\/\/www.europesays.com\/no\/wp-json\/wp\/v2\/categories?post=125334"},{"taxonomy":"post_tag","embeddable":true,"href":"https:\/\/www.europesays.com\/no\/wp-json\/wp\/v2\/tags?post=125334"}],"curies":[{"name":"wp","href":"https:\/\/api.w.org\/{rel}","templated":true}]}}