{"id":125336,"date":"2025-12-31T08:56:08","date_gmt":"2025-12-31T08:56:08","guid":{"rendered":"https:\/\/www.europesays.com\/no\/125336\/"},"modified":"2025-12-31T08:56:08","modified_gmt":"2025-12-31T08:56:08","slug":"vi-er-strenge-men-rettferdige-smp-no","status":"publish","type":"post","link":"https:\/\/www.europesays.com\/no\/125336\/","title":{"rendered":"\u2013 Vi er strenge, men rettferdige &#8211; smp.no"},"content":{"rendered":"<ol>\n<li><a href=\"https:\/\/news.google.com\/rss\/articles\/CBMic0FVX3lxTE5DWXZDbDBRdU9IRnZkWWhVLXVGZ1RVLVlaZndvOTRwQ3hmeFpmUHhBOTR0Wk1iQTdldTVtRDRrVUswZ0JueWpqV3djMmZ5dG5UYzVtc1pNVGZteDlTdDZubHN0andNc0lRdzNKYnJ1eHJvUkU?oc=5\" target=\"_blank\" rel=\"nofollow noopener\">\u2013 Vi er strenge, men rettferdige<\/a>&nbsp;&nbsp;smp.no<\/li>\n<li><a href=\"https:\/\/news.google.com\/rss\/articles\/CBMixgFBVV95cUxQbUFycU9aRXU1VEdUemVvN25UYVd4WmE3QWxCNlZ0LXNQcExud0xRQWt6N1lSMGtCQ3luYnI5aEl0ZWFoQ3ZiRWxxTjRkTXdUbmZHZmJ3TjZQVUJIWXZqaEI5emJPVHJYQUw2UFo0bXV0M3kxQzFJRFZMXzBkNTk3ekxWZjlnT3k5NF8wUjlzWjFPVlBRNkZwVVEzRU9UcVBWX25FUldOS1gtNnFWbUVfX2c3WFA5WmcwdmNhNVcteEU1U2FTUWc?oc=5\" target=\"_blank\" rel=\"nofollow noopener\">Er avhengig av spleise\u00adlag for \u00e5 f\u00e5 til felles fyr\u00adverkeri \u2013 i Kristian\u00adsund betaler kommunen<\/a>&nbsp;&nbsp;NRK<\/li>\n<li><a href=\"https:\/\/news.google.com\/rss\/articles\/CBMipAFBVV95cUxPSXZtTkxXU1pDYkhhM3B0U3c2eF92S1E4NEJ2MmFOQWE0NDRta1Q2T1Z6cEpUVUVuT2wzWGs0b190Y0cyRzNuclNQVTRqUmFJbzFrWXlXRl9xZ3ZNM0hfRnlZOVhSMGFIR0NxajM2aGYyQTUybjFCNnBiZnh1SWdFdldZMUU3UWlqUFUxTXFLazJoTVM2Y19Zem1sNFZmS2Y4bmNBTg?oc=5\" target=\"_blank\" rel=\"nofollow noopener\">Klart for fellesfyrverkeri: \u2013 Bare \u00e5 kle seg etter v\u00e6ret<\/a>&nbsp;&nbsp;andalsnes-avis.no<\/li>\n<li><a href=\"https:\/\/news.google.com\/rss\/articles\/CBMitwFBVV95cUxPVGRzU1dseTcySW56QnJUczlXZXdTdU8zZDNnXy1va3pVYnVpMGZpTGtMVEhZeG16d3lXcW93N21xVGEybG16VHU5cUhvRXRaR2prSUFNNWVCT2ZWMUhpOFpwUEJ5RkhDZUZyN3lWUjNGZDNsVW85alg3ZGZvd1RvWkstcDB4a2psanZGTXE3T0ZwZk9JaUl4YVhuaXBxWnJrQlNCbl93dlU0VTZabkdRa1dBMlpaRUk?oc=5\" target=\"_blank\" rel=\"nofollow noopener\">Har skapt en tradisjon: Lover spektakul\u00e6rt fyrverkerishow p\u00e5 nytt\u00e5rsaften<\/a>&nbsp;&nbsp;avisa-st.no<\/li>\n<li><a href=\"https:\/\/news.google.com\/rss\/articles\/CBMie0FVX3lxTE9pV0RRQmZMNDJDU2tqUl9JVjR4UFotWkZIR3FJV1d1N2xQMEdfbmk1MHJCaWJGai1fMjVGRENHMDVaVmxWOXVPZk1nNU1LLWdzemZWUXFVN0g1OFd0RThiV3ZDeXM0SnpORS14bzJrcUlTaWlJWEdvdTloMA?oc=5\" target=\"_blank\" rel=\"nofollow noopener\">Klart hvor oppskytinga skal skje<\/a>&nbsp;&nbsp;rbnett.no<\/li>\n<\/ol>\n","protected":false},"excerpt":{"rendered":"\u2013 Vi er strenge, men rettferdige&nbsp;&nbsp;smp.no Er avhengig av spleise\u00adlag for \u00e5 f\u00e5 til felles fyr\u00adverkeri \u2013 i&hellip;\n","protected":false},"author":2,"featured_media":125337,"comment_status":"","ping_status":"","sticky":false,"template":"","format":"standard","meta":{"footnotes":""},"categories":[10],"tags":[20,21,24,25,15,22,23,13,30,28,29,14,16,26,27],"class_list":{"0":"post-125336","1":"post","2":"type-post","3":"status-publish","4":"format-standard","5":"has-post-thumbnail","7":"category-norge","8":"tag-breaking-news","9":"tag-breakingnews","10":"tag-featured-news","11":"tag-featurednews","12":"tag-headlines","13":"tag-latest-news","14":"tag-latestnews","15":"tag-news","16":"tag-no","17":"tag-norge","18":"tag-norway","19":"tag-nyheter","20":"tag-overskrifter","21":"tag-top-stories","22":"tag-topstories"},"share_on_mastodon":{"url":"https:\/\/pubeurope.com\/@no\/115813350301514750","error":""},"_links":{"self":[{"href":"https:\/\/www.europesays.com\/no\/wp-json\/wp\/v2\/posts\/125336","targetHints":{"allow":["GET"]}}],"collection":[{"href":"https:\/\/www.europesays.com\/no\/wp-json\/wp\/v2\/posts"}],"about":[{"href":"https:\/\/www.europesays.com\/no\/wp-json\/wp\/v2\/types\/post"}],"author":[{"embeddable":true,"href":"https:\/\/www.europesays.com\/no\/wp-json\/wp\/v2\/users\/2"}],"replies":[{"embeddable":true,"href":"https:\/\/www.europesays.com\/no\/wp-json\/wp\/v2\/comments?post=125336"}],"version-history":[{"count":0,"href":"https:\/\/www.europesays.com\/no\/wp-json\/wp\/v2\/posts\/125336\/revisions"}],"wp:featuredmedia":[{"embeddable":true,"href":"https:\/\/www.europesays.com\/no\/wp-json\/wp\/v2\/media\/125337"}],"wp:attachment":[{"href":"https:\/\/www.europesays.com\/no\/wp-json\/wp\/v2\/media?parent=125336"}],"wp:term":[{"taxonomy":"category","embeddable":true,"href":"https:\/\/www.europesays.com\/no\/wp-json\/wp\/v2\/categories?post=125336"},{"taxonomy":"post_tag","embeddable":true,"href":"https:\/\/www.europesays.com\/no\/wp-json\/wp\/v2\/tags?post=125336"}],"curies":[{"name":"wp","href":"https:\/\/api.w.org\/{rel}","templated":true}]}}