{"id":125338,"date":"2025-12-31T08:59:23","date_gmt":"2025-12-31T08:59:23","guid":{"rendered":"https:\/\/www.europesays.com\/no\/125338\/"},"modified":"2025-12-31T08:59:23","modified_gmt":"2025-12-31T08:59:23","slug":"renate-reinsve-falt-pladask-for-regissoren","status":"publish","type":"post","link":"https:\/\/www.europesays.com\/no\/125338\/","title":{"rendered":"Renate Reinsve falt pladask for regiss\u00f8ren"},"content":{"rendered":"<p>Det er lite som gj\u00f8r nordmenn stoltere enn n\u00e5r v\u00e5rt lille land vekker oppsikt i det store utland. Da A-ha og \u00abTake On Me\u00bb gikk til topps i USA var ikke det bare stas for bandet selv, men ogs\u00e5 for det norske folk.<\/p>\n<p>    <a itemprop=\"url\" href=\"https:\/\/www.seher.no\/kjendis\/ikke-vaert-mitt-beste-ar\/84038366\" rel=\"nofollow noopener\" target=\"_blank\"><\/p>\n<p>        <img loading=\"lazy\" decoding=\"async\" src=\"https:\/\/www.europesays.com\/no\/wp-content\/uploads\/2025\/12\/1767171548_999_84038380.webp.webp\" width=\"147\" height=\"100\" title=\"- Ikke v\u00e6rt mitt beste \u00e5r\" alt=\"\" class=\"lazyload\" style=\"--aspect-ratio-image: 1.47; \"\/><\/p>\n<p>        &#8211; Ikke v\u00e6rt mitt beste \u00e5r <\/p>\n<p>    <\/a><\/p>\n<p>S\u00e5 det faktum at skuespiller <a href=\"https:\/\/www.seher.no\/kjendis\/stjal-showet\/83646056\" rel=\"nofollow noopener\" target=\"_blank\">Renate Reinsve<\/a> (37) n\u00e5 har tatt Hollywood med storm, er noe mange nordmenn n\u00e5 er stolte av.<\/p>\n<p>Hun er aktuell med filmen \u00abAffeksjonsverdi\u00bb \u2013 som er nominert til hele \u00e5tte Golden Globe-priser. Den regnes som verdens nest st\u00f8rste filmpris, bare bak Oscar. <\/p>\n<p>\u00abAffeksjonsverdi\u00bb er nominert til beste dramafilm, mens Renate Reinsve er nominert som beste kvinnelige hovedrolle. I tillegg er filmen nominert i seks andre viktige kategorier.<\/p>\n<p class=\"font-weight-bold m-font-weight-bold\" data-lab-font_weight=\"font-weight-bold\">Hun erobrer verden som skuespiller, men privat har hun funnet lykken p\u00e5 hjemmebane.<\/p>\n<p>        \u00abALLE ELSKER DAVID\u00bb: David Eriksen forteller at han hadde planer om \u00e5 lyve om dette. Video: \u00abAlle elsker David\u00bb\/TV 2, Nora Skavhaug\/R\u00f8d L\u00f8per<\/p>\n<p>I 2024 spilte Renate i filmen \u00abArmand\u00bb, regissert av Halfdan Ullmann T\u00f8ndel (35) \u2013 som er barnebarn av superparet Liv Ullmann (86) og avd\u00f8de Ingmar Bergman! <\/p>\n<p>        <img loading=\"lazy\" decoding=\"async\" src=\"https:\/\/www.europesays.com\/no\/wp-content\/uploads\/2025\/12\/84036475.webp.webp\" width=\"686\" height=\"961\" title=\"H\u00c5ND I H\u00c5ND: Renate og Halfdan snakker lite om forholdet sitt, men har snakket varmt om hverandre i intervjuer. Foto: Getty Images\" alt=\"\" class=\"\" style=\"--aspect-ratio-image: 0.71; \"\/><\/p>\n<p>\n        H\u00c5ND I H\u00c5ND: Renate og Halfdan snakker lite om forholdet sitt, men har snakket varmt om hverandre i intervjuer. Foto: Getty Images\n    <\/p>\n<p>        <img loading=\"lazy\" decoding=\"async\" src=\"https:\/\/www.europesays.com\/no\/wp-content\/uploads\/2025\/12\/84036468.webp.webp\" width=\"667\" height=\"627\" title=\"BER\u00d8MT MORMOR: Halfdan var kveldens kavaler da mormor Liv Ullmann ble hedret med en \u00e6res-Oscar i 2022. Foto: NTB\" alt=\"\" class=\"\" style=\"--aspect-ratio-image: 1.06; \"\/><\/p>\n<p>\n        BER\u00d8MT MORMOR: Halfdan var kveldens kavaler da mormor Liv Ullmann ble hedret med en \u00e6res-Oscar i 2022. Foto: NTB\n    <\/p>\n<p>Filmen var Halfdans debut som spillefilm-regiss\u00f8r, og han debuterte med et brak. Sammen med Renate seg inntok han blitzregnet i Cannes, under den gjeve filmfestivalen.<\/p>\n<p>Filmen vant prisen for \u00abBeste debutfilm\u00bb, og Halfdan ble hyllet. Det ble ogs\u00e5 Renate, som hadde hovedrollen. <\/p>\n<p>        REALITY-FORTID: \u00abFlukten fra Bolivia\u00bb-skuespilleren r\u00f8per hvordan deltakelsen i det popul\u00e6re realityprogrammet landet henne dr\u00f8mmerollen. Reporter: Sanne Holt. Video: \u00abFlukten fra Bolivia\u00bb\/ TV 2\/ Celine N\u00e6ss Andreassen\/ R\u00f8d L\u00f8per<\/p>\n<p>Men det tok ikke lang tid f\u00f8r det var noe annet som skapte oppmerksomhet \u2013 nemlig forholdet mellom regiss\u00f8r og skuespiller.<\/p>\n<p class=\"font-weight-bold m-font-weight-bold\" data-lab-font_weight=\"font-weight-bold\">De gode samarbeidspartnerne latet nemlig til \u00e5 ha funnet tonen, ogs\u00e5 privat &#8230;<\/p>\n<p>        <img loading=\"lazy\" decoding=\"async\" src=\"https:\/\/www.europesays.com\/no\/wp-content\/uploads\/2025\/12\/84036486.webp.webp\" width=\"667\" height=\"521\" title=\"GJENGEN: Renate, Joachim, Stellan Skarsg\u00e5rd (71), Inga og Elle er gjengen som utgj\u00f8r \u00abAffeksjonsverdi\u00bb. Foto: NTB\" alt=\"\" class=\"\" style=\"--aspect-ratio-image: 1.28; \"\/><\/p>\n<p>\n        GJENGEN: Renate, Joachim, Stellan Skarsg\u00e5rd (71), Inga og Elle er gjengen som utgj\u00f8r \u00abAffeksjonsverdi\u00bb. Foto: NTB\n    <\/p>\n<p>H\u00e5nd i h\u00e5nd\t<\/p>\n<p>I en lengre periode florerte romanseryktene mellom Renate og Halfdan, og Aftenposten kunne blant annet skrive at duoen var observert p\u00e5 \u00d8yafestivalen i Oslo \u2013 h\u00e5nd i h\u00e5nd. <\/p>\n<p>    <a itemprop=\"url\" href=\"https:\/\/www.seher.no\/kjendis\/deler-sjokkbilder\/83991396\" rel=\"nofollow noopener\" target=\"_blank\"><\/p>\n<p>        <img loading=\"lazy\" decoding=\"async\" src=\"https:\/\/www.europesays.com\/no\/wp-content\/uploads\/2025\/12\/1767171553_899_83991415.webp.webp\" width=\"980\" height=\"441\" title=\"Deler sjokkbilder\" alt=\"\" class=\"lazyload\" style=\"--aspect-ratio-image: 2.22; \"\/><\/p>\n<p>        Deler sjokkbilder<\/p>\n<p>    <\/a><\/p>\n<p>Da de gjestet TV 2s \u00abGod morgen Norge\u00bb sammen ble de konfrontert med ryktene, men valgte \u00e5 ikke svare.<\/p>\n<p>Flere m\u00e5neder skulle det ta, f\u00f8r Renate lettet p\u00e5 sl\u00f8ret.<\/p>\n<p>        <img loading=\"lazy\" decoding=\"async\" src=\"https:\/\/www.europesays.com\/no\/wp-content\/uploads\/2025\/12\/84036534.webp.webp\" width=\"686\" height=\"892\" title=\"STILTE OPP: Kj\u00e6resteparet stilte velvillig&#10;opp for Vogue og snakket om sin helt spesielle&#10;kjemi - p\u00e5 jobben. Faksimile\/Vogue Scandinavia\" alt=\"\" class=\"\" style=\"--aspect-ratio-image: 0.77; \"\/><\/p>\n<p>\n        STILTE OPP: Kj\u00e6resteparet stilte velvillig<br \/>\nopp for Vogue og snakket om sin helt spesielle<br \/>\nkjemi &#8211; p\u00e5 jobben. Faksimile\/Vogue Scandinavia\n    <\/p>\n<p>I et intervju med ELLE i mai r\u00f8pet hun nemlig at hun hadde f\u00e5tt seg kj\u00e6reste. De spurte henne om hva hun har p\u00e5 seg hjemme, hvorp\u00e5 hun svarte at hun hadde p\u00e5 morgenk\u00e5pe og t\u00f8fler. <\/p>\n<p class=\"font-weight-bold m-font-weight-bold\" data-lab-font_weight=\"font-weight-bold\">\u2013 Jeg elsker \u00e5 skifte til det n\u00e5r jeg kommer hjem. Men det er veldig usexy, s\u00e5 hvis kj\u00e6resten min kommer p\u00e5 bes\u00f8k, kan det hende at jeg oppgraderer til joggedress. Jeg har kj\u00f8pt en ny kul joggedress fra Adidas, sa hun til motemagasinet.<\/p>\n<p>        \u00abHELT PERFEKT\u00bb: Influenser Alexandra Joner tar oss med bak i kulissene og kommer med en avsl\u00f8ring fra settet. Video: R\u00f8d L\u00f8per<\/p>\n<p>Til tross for at ikke navnet til kj\u00e6resten sto i saken, ble det likevel r\u00f8pet at hennes utk\u00e5rede er nettopp Halfdan. I s\u00f8keteksten p\u00e5 Google under saken sto det nemlig at kj\u00e6resten er Halfdan Ullmann T\u00f8ndel. <\/p>\n<p>NRK har ogs\u00e5 omtalt han som kj\u00e6resten hennes.<\/p>\n<p>        <img loading=\"lazy\" decoding=\"async\" src=\"https:\/\/www.europesays.com\/no\/wp-content\/uploads\/2025\/12\/84036562.webp.webp\" width=\"667\" height=\"501\" title=\"CELEBERT SELSKAP: Under premierevisningen i Los Angeles var det flere internasjonale skuespillere p\u00e5 festen. Her poserer Elle Fanning og Renate sammen med \u00abTwilight\u00bb-stjernen Kristen Stewart (35). Foto: NTB\" alt=\"\" class=\"\" style=\"--aspect-ratio-image: 1.33; \"\/><\/p>\n<p>\n        CELEBERT SELSKAP: Under premierevisningen i Los Angeles var det flere internasjonale skuespillere p\u00e5 festen. Her poserer Elle Fanning og Renate sammen med \u00abTwilight\u00bb-stjernen Kristen Stewart (35). Foto: NTB\n    <\/p>\n<p>Tilbake i 2023 kj\u00f8pe Renate seg et vakkert murhus midt i Oslo \u2013 en bolig hun eier helt alene. Etter suksessen med \u00abVerdens verste menneske\u00bb hadde hun mulighet til \u00e5 punge ut svimlende 20,5 millioner for den flotte villaen p\u00e5 St. Hanshaugen \u2013 kanskje bor paret der sammen n\u00e5?<\/p>\n<p>    <a itemprop=\"url\" href=\"https:\/\/www.seher.no\/kjendis\/jeg-blir-darligere-og-darligere\/84037871\" rel=\"nofollow noopener\" target=\"_blank\"><\/p>\n<p>        <img loading=\"lazy\" decoding=\"async\" src=\"https:\/\/www.europesays.com\/no\/wp-content\/uploads\/2025\/12\/1767171557_924_84037926.webp.webp\" width=\"147\" height=\"98\" title=\"- Jeg blir d\u00e5rligere og d\u00e5rligere\" alt=\"\" class=\"lazyload\" style=\"--aspect-ratio-image: 1.50; \"\/><\/p>\n<p>        &#8211; Jeg blir d\u00e5rligere og d\u00e5rligere<\/p>\n<p>    <\/a><\/p>\n<p>Det er noen \u00e5r siden 37-\u00e5ringen for alvor fikk verdenspressens \u00f8yne rettet mot seg. I 2021 hadde hun hovedrollen som kompliserte Julie i Joachim Triers (51) film \u00abVerdens verste menneske\u00bb, en film som skulle f\u00e5 internasjonal oppmerksomhet.<\/p>\n<p>        <img loading=\"lazy\" decoding=\"async\" src=\"https:\/\/www.europesays.com\/no\/wp-content\/uploads\/2025\/12\/84036458.webp.webp\" width=\"686\" height=\"522\" title=\"ELLEVILL PRIS: Dette murhuset ble Renates i 2023, og kostet henne hele 20,5 millioner. Huset ligger midt i Oslo \u2013 kanskje bor hun og Halfdan sammen der? Foto: Walsowork As\" alt=\"\" class=\"\" style=\"--aspect-ratio-image: 1.31; \"\/><\/p>\n<p>\n        ELLEVILL PRIS: Dette murhuset ble Renates i 2023, og kostet henne hele 20,5 millioner. Huset ligger midt i Oslo \u2013 kanskje bor hun og Halfdan sammen der? Foto: Walsowork As\n    <\/p>\n<p>At en film fra lille Norge skulle ha stor suksess p\u00e5 flere internasjonale filmfestivaler er slett ikke hverdagskost, og prikken over i\u2019en kom da Renate fikk den gjeve prisen for Beste kvinnelige skuespiller p\u00e5 Filmfestivalen i Cannes samme \u00e5ret.<\/p>\n<p>Filmen ble ogs\u00e5 nominert til Oscar for Beste internasjonale film i 2022, men tapte for den japanske filmen \u00abDrive My Car\u00bb.<\/p>\n<p>        INNR\u00d8MMER: Emil Gukild r\u00f8per at han gikk p\u00e5 en pinlig smell allerede i sin f\u00f8rste scene som skuespiller. Reporter: Sanne Holt. Video: \u00abFlukten fra Bolivia\u00bb\/ TV 2\/ Celine N\u00e6ss Andreassen\/ R\u00f8d L\u00f8per <\/p>\n<p>\u2013 Skulle bli snekker\t<\/p>\n<p>Suksessen f\u00f8rte til at Renate plutselig ble sv\u00e6rt ettertraktet. Hun ble invitert til ulike talkshow i USA for \u00e5 prate om b\u00e5de filmen og seg selv, hun ble ambassad\u00f8r for det luksuri\u00f8se motehuset Louis Vuitton og ble aktuell for flere nye filmer. <\/p>\n<p>    <a itemprop=\"url\" href=\"https:\/\/www.seher.no\/kjendis\/svarer-pa-romanseryktene\/84035072\" rel=\"nofollow noopener\" target=\"_blank\"><\/p>\n<p>        <img loading=\"lazy\" decoding=\"async\" src=\"https:\/\/www.europesays.com\/no\/wp-content\/uploads\/2025\/12\/84035170.webp.webp\" width=\"147\" height=\"98\" title=\"Svarer p\u00e5 romanseryktene\" alt=\"\" class=\"lazyload\" style=\"--aspect-ratio-image: 1.50; \"\/><\/p>\n<p>        Svarer p\u00e5 romanseryktene<\/p>\n<p>    <\/a><\/p>\n<p>Men det var nesten det ikke ble noe av suksessen &#8230;<\/p>\n<p>Da hun gjestet TV-programmet \u00abThe Late Late Show with James Corden\u00bb erkjente hun nemlig at hun var nummeret unna \u00e5 slutte som skuespiller. <\/p>\n<p>        <img loading=\"lazy\" decoding=\"async\" src=\"https:\/\/www.europesays.com\/no\/wp-content\/uploads\/2025\/12\/84036575.webp.webp\" width=\"686\" height=\"913\" title=\"I CANNES IGJEN: Tidligere i \u00e5r var hun tilbake p\u00e5 den anerkjente Filmfestivalen i forbindelse med \u00abAffeksjonsverdi\u00bb. Foto: NTB\" alt=\"\" class=\"\" style=\"--aspect-ratio-image: 0.75; \"\/><\/p>\n<p>\n        I CANNES IGJEN: Tidligere i \u00e5r var hun tilbake p\u00e5 den anerkjente Filmfestivalen i forbindelse med \u00abAffeksjonsverdi\u00bb. Foto: NTB\n    <\/p>\n<p class=\"font-weight-bold m-font-weight-bold\" data-lab-font_weight=\"font-weight-bold\">\u2013 Jeg skulle bli snekker, fortalte hun til latter fra b\u00e5de programleder og publikum.<\/p>\n<p>\u00a0At hun har funnet kj\u00e6rligheten og tryggheten med Halfdan har trolig betydd mye for Renate, kanskje spesielt den siste tiden. <\/p>\n<p>Nok en gang befinner hun seg i \u00f8yet av stormen, og f\u00e5r massiv oppmerksomhet for rollen hun gjorde i Joachim Triers siste film \u00abAffeksjonsverdi\u00bb.<\/p>\n<p>        OVERRASKER: Da \u00abA-laget\u00bb stiller Linn Sk\u00e5ber et uventet skilpadde-sp\u00f8rsm\u00e5l, begynner t\u00e5rene \u00e5 trille hos skuespillerlegenden. Video: \u00abA-laget\u00bb\/ NRK\/ R\u00f8d L\u00f8per<\/p>\n<p>En bauta\t<\/p>\n<p>Filmen handler om s\u00f8strene Nora (spilt av Renate) og Agnes (spilt av Inga Ibsdotter Lilleaas, 36), hvorav f\u00f8rstnevnte er skuespiller. <\/p>\n<p>Deres eksentriske og karismatiske far Gustav, som spilles av bautaen Stellan Skarsg\u00e5rd (74), kommer plutselig inn i livene deres igjen etter lenger tid med frav\u00e6r.<\/p>\n<p>        <img loading=\"lazy\" decoding=\"async\" src=\"https:\/\/www.europesays.com\/no\/wp-content\/uploads\/2025\/12\/84036585.webp.webp\" width=\"686\" height=\"460\" title=\"LOS ANGELES: Renate Reinsve (37), Joachim Trier (51) og Inga Ibsdotter Lilleaas (35) var i fyr og flamme da \u00abAffeksjonsverdi\u00bb hadde premiere i Englenes by. Foto: NTB\" alt=\"\" class=\"\" style=\"--aspect-ratio-image: 1.49; \"\/><\/p>\n<p>\n        LOS ANGELES: Renate Reinsve (37), Joachim Trier (51) og Inga Ibsdotter Lilleaas (35) var i fyr og flamme da \u00abAffeksjonsverdi\u00bb hadde premiere i Englenes by. Foto: NTB\n    <\/p>\n<p>Gustav var tidligere regiss\u00f8r og tilbyr Nora hovedrollen i sin nye film. Filmen er blitt hyllet i n\u00e6rmest alle kretser, og skuespillerne har dukket lykkelige opp p\u00e5 en rekke premierevisninger. <\/p>\n<p>Den amerikanske skuespilleren Elle Fanning (27) har ogs\u00e5 en st\u00f8rre rolle i filmen, og har skrytt av de norske akt\u00f8rene i sine intervjuer.<\/p>\n<p>    <a itemprop=\"url\" href=\"https:\/\/www.seher.no\/kjendis\/full-isfront-jeg-har-gjort-mitt\/83980569\" rel=\"nofollow noopener\" target=\"_blank\"><\/p>\n<p>        <img loading=\"lazy\" decoding=\"async\" src=\"https:\/\/www.europesays.com\/no\/wp-content\/uploads\/2025\/12\/1767171563_983_83980589.webp.webp\" width=\"980\" height=\"441\" title=\"Full isfront: - Jeg har gjort mitt\" alt=\"\" class=\"lazyload\" style=\"--aspect-ratio-image: 2.22; \"\/><\/p>\n<p>        Full isfront: &#8211; Jeg har gjort mitt<\/p>\n<p>    <\/a><\/p>\n<p>Det er liten tvil om at Renate Reinsve virkelig har satt sine spor p\u00e5 Hollywoods stjernehimmel \u2013 og n\u00e5 er hun blitt til en del av fiffen i filmbyen. En Golden Globe-pris kan fort f\u00f8re til Oscar-suksess ogs\u00e5. Og der venter man spent p\u00e5 nominasjonene 22. januar.<\/p>\n<p>Se og H\u00f8r har fors\u00f8kt Renate Reinsve for en kommentar til saken, via hennes publisist Bryna Rifkin, uten hell.<\/p>\n","protected":false},"excerpt":{"rendered":"Det er lite som gj\u00f8r nordmenn stoltere enn n\u00e5r v\u00e5rt lille land vekker oppsikt i det store utland.&hellip;\n","protected":false},"author":2,"featured_media":125339,"comment_status":"","ping_status":"","sticky":false,"template":"","format":"standard","meta":{"footnotes":""},"categories":[58],"tags":[4104,71,14774,479,30,28,29,3243,72],"class_list":{"0":"post-125338","1":"post","2":"type-post","3":"status-publish","4":"format-standard","5":"has-post-thumbnail","7":"category-underholdning","8":"tag-eksklusivt","9":"tag-entertainment","10":"tag-halfdan-ullmann-tondel","11":"tag-kjendis","12":"tag-no","13":"tag-norge","14":"tag-norway","15":"tag-renate-reinsve","16":"tag-underholdning"},"share_on_mastodon":{"url":"https:\/\/pubeurope.com\/@no\/115813362174302732","error":""},"_links":{"self":[{"href":"https:\/\/www.europesays.com\/no\/wp-json\/wp\/v2\/posts\/125338","targetHints":{"allow":["GET"]}}],"collection":[{"href":"https:\/\/www.europesays.com\/no\/wp-json\/wp\/v2\/posts"}],"about":[{"href":"https:\/\/www.europesays.com\/no\/wp-json\/wp\/v2\/types\/post"}],"author":[{"embeddable":true,"href":"https:\/\/www.europesays.com\/no\/wp-json\/wp\/v2\/users\/2"}],"replies":[{"embeddable":true,"href":"https:\/\/www.europesays.com\/no\/wp-json\/wp\/v2\/comments?post=125338"}],"version-history":[{"count":0,"href":"https:\/\/www.europesays.com\/no\/wp-json\/wp\/v2\/posts\/125338\/revisions"}],"wp:featuredmedia":[{"embeddable":true,"href":"https:\/\/www.europesays.com\/no\/wp-json\/wp\/v2\/media\/125339"}],"wp:attachment":[{"href":"https:\/\/www.europesays.com\/no\/wp-json\/wp\/v2\/media?parent=125338"}],"wp:term":[{"taxonomy":"category","embeddable":true,"href":"https:\/\/www.europesays.com\/no\/wp-json\/wp\/v2\/categories?post=125338"},{"taxonomy":"post_tag","embeddable":true,"href":"https:\/\/www.europesays.com\/no\/wp-json\/wp\/v2\/tags?post=125338"}],"curies":[{"name":"wp","href":"https:\/\/api.w.org\/{rel}","templated":true}]}}