{"id":125344,"date":"2025-12-31T09:05:09","date_gmt":"2025-12-31T09:05:09","guid":{"rendered":"https:\/\/www.europesays.com\/no\/125344\/"},"modified":"2025-12-31T09:05:09","modified_gmt":"2025-12-31T09:05:09","slug":"villa-sjefen-takket-ikke-arteta-for-kampen-etter-kjempesmellen-det-var-kaldt","status":"publish","type":"post","link":"https:\/\/www.europesays.com\/no\/125344\/","title":{"rendered":"Villa-sjefen takket ikke Arteta for kampen etter kjempesmellen: \u2013 Det var kaldt"},"content":{"rendered":"\n<p class=\"_lead_o9xde_2 _lead_xtcu6_50 layout-component text-serif-m layout-normal text-serif-l layout-component layout-wide layout-padded _wide_17hqh_1 layout-padded\">Aston Villa-manager Unai Emery gikk i garderoben uten \u00e5 trykke Arsenal-kollega Mikel Artetas h\u00e5nd tirsdag. Spanjolen mener det m\u00e5 v\u00e6re helt forst\u00e5elig og skylder p\u00e5 v\u00e6ret.<\/p>\n<p><img alt=\"Arsenal-manager Mikel Arteta fikk ikke noe h\u00e5ndtrykk fra Unai Emery tirsdag.  Foto: Alastair Grant \/ AP \/ NTB\" class=\"_image_qp4xg_65 layout-component layout-wide\" data-fullscreen- data-track-element-type=\"Article image fullscreen\" data-track-name=\"ImageFullscreen\" fetchpriority=\"high\" decoding=\"sync\" loading=\"eager\" height=\"3100\" itemprop=\"image\"  src=\"https:\/\/www.europesays.com\/no\/wp-content\/uploads\/2025\/12\/3735e501-0b1f-4d29-bc2c-e17c8539c451.jpeg\"  style=\"object-position:0% 0%\" width=\"4651\"\/>Arsenal-manager Mikel Arteta fikk ikke noe h\u00e5ndtrykk fra Unai Emery tirsdag.  Foto: Alastair Grant \/ AP \/ NTB<\/p>\n<ul aria-hidden=\"true\" class=\"_images_ntbth_112\">\n<li><a class=\"_link_ntbth_117\" href=\"https:\/\/www.vg.no\/forfatter\/ntb\" style=\"z-index:1\" title=\"NTB\" rel=\"nofollow noopener\" target=\"_blank\"><img alt=\"Bilde av NTB\" class=\"_image_ntbth_93\" fetchpriority=\"low\" loading=\"lazy\" decoding=\"async\" itemprop=\"image\"  src=\"https:\/\/www.europesays.com\/no\/wp-content\/uploads\/2025\/12\/1767171908_98_c33980b0-5d07-4027-84a1-813f90a7c8d6.png\"  width=\"480\"\/><\/a><\/li>\n<\/ul>\n<p> Oppdatert onsdag 31. desember kl. 09:35     <\/p>\n<p class=\"_paragraph_o9xde_4 _paragraph_xtcu6_10 layout-component text-serif-m layout-normal text-serif-m layout-padded\">Serieleder Arsenal vant toppkampen i <a href=\"https:\/\/www.vg.no\/tag\/premier-league?utm_source=vg-article&amp;utm_medium=auto-tagger&amp;utm_campaign=xrPzrV\" class=\"_link_o9xde_39\" rel=\"nofollow noopener\" target=\"_blank\">Premier League<\/a> 4-1 etter en maktdemonstrasjon etter pause.<\/p>\n<p class=\"_paragraph_o9xde_4 _paragraph_xtcu6_10 layout-component text-serif-m layout-normal text-serif-m layout-padded\">Scoringer av Gabriel, Mart\u00edn Zubimendi, Leandro Trossard og Gabriel Jesus gir fire poengs ledelse p\u00e5 tabelltoppen. Ollie Watkins scoret Villas tr\u00f8stem\u00e5l p\u00e5 overtid.<\/p>\n<p class=\"_paragraph_o9xde_4 _paragraph_xtcu6_10 layout-component text-serif-m layout-normal text-serif-m layout-padded\">Etter sluttsignalet omfavnet Arteta trenerteamet sitt, f\u00f8r han gikk til Villa-benken for \u00e5 ta Emery i h\u00e5nden. Landsmannen hadde imidlertid allerede forsvunnet inn i spillertunnelen.<\/p>\n<p class=\"_paragraph_o9xde_4 _paragraph_xtcu6_10 layout-component text-serif-m layout-normal text-serif-m layout-padded\">\u2013 Forklaringen er enkel, sa Emery da han ble spurt om episoden p\u00e5 pressekonferansen etter kampen.<\/p>\n<p class=\"_paragraph_o9xde_4 _paragraph_xtcu6_10 layout-component text-serif-m layout-normal text-serif-m layout-padded\">\u2013 Dere kan se selv. Etter at jeg er ferdig med kampen, er rutinen min alltid at jeg raskt h\u00e5ndhilser, og deretter g\u00e5r jeg med trenerne og spillerne mine til garderoben, fortsatte han.<\/p>\n<p><img alt=\"Foto: David Klein \/ Reuters \/ NTB\" class=\"_image_qp4xg_65 layout-component layout-normal\" data-fullscreen- data-track-element-type=\"Article image fullscreen\" data-track-name=\"ImageFullscreen\" decoding=\"async\" loading=\"lazy\" height=\"1406\" itemprop=\"image\"  src=\"https:\/\/www.europesays.com\/no\/wp-content\/uploads\/2025\/12\/ac6f132f-8428-4e7c-aa0c-6ce87467e657.jpeg\"  style=\"object-position:0% 0%\" width=\"1253\"\/>Foto: David Klein \/ Reuters \/ NTB<\/p>\n<p class=\"_paragraph_o9xde_4 _paragraph_xtcu6_10 layout-component text-serif-m layout-normal text-serif-m layout-padded\">Tirsdag ble imidlertid ventetiden for lang, hevder Villa-sjefen.<\/p>\n<p class=\"_paragraph_o9xde_4 _paragraph_xtcu6_10 layout-component text-serif-m layout-normal text-serif-m layout-padded\">\u2013 Jeg ventet, jeg ventet. Han (Arteta) var glad, selvf\u00f8lgelig var han glad. Han var sammen med trenerne sine. Og jeg bestemte meg for \u00e5 g\u00e5 inn. For meg er ikke det noe problem, sa Emery.<\/p>\n<p class=\"_paragraph_o9xde_4 _paragraph_xtcu6_10 layout-component text-serif-m layout-normal text-serif-m layout-padded\">Overfor Sky Sports utdypet han ytterligere:<\/p>\n<p class=\"_paragraph_o9xde_4 _paragraph_xtcu6_10 layout-component text-serif-m layout-normal text-serif-m layout-padded\">\u2013 Rutinen min er alltid \u00e5 g\u00e5 til motstanderens trener, h\u00e5ndhilse og g\u00e5 inn i garderoben. Hvis han ikke f\u00f8lger den samme regelen, kan jeg ikke vente \u2026 det var kaldt.<\/p>\n<p class=\"_paragraph_o9xde_4 _paragraph_xtcu6_10 layout-component text-serif-m layout-normal text-serif-m layout-padded\">Arteta sa p\u00e5 sin side f\u00f8lgende om det som skjedde etter kampen:<\/p>\n<p class=\"_paragraph_o9xde_4 _paragraph_xtcu6_10 layout-component text-serif-m layout-normal text-serif-m layout-padded\">\u2013 Dere s\u00e5 det selv, men det er greit, alt er bra. Det er en del av spillet, og det er ikke uvanlig i det hele tatt.<\/p>\n<p class=\"_paragraph_o9xde_4 _paragraph_xtcu6_10 layout-component text-serif-m layout-normal text-serif-m layout-padded\">Villa hadde satt klubbrekord med elleve strake seirer foran tirsdagens kamp Der ble Emerys menn knust av Artetas lag p\u00e5 brutalt vis. N\u00e5 skiller det lagene seks poeng.<\/p>\n","protected":false},"excerpt":{"rendered":"Aston Villa-manager Unai Emery gikk i garderoben uten \u00e5 trykke Arsenal-kollega Mikel Artetas h\u00e5nd tirsdag. Spanjolen mener det&hellip;\n","protected":false},"author":2,"featured_media":125345,"comment_status":"","ping_status":"","sticky":false,"template":"","format":"standard","meta":{"footnotes":""},"categories":[59],"tags":[328,8372,30,28,29,161,83,82],"class_list":{"0":"post-125344","1":"post","2":"type-post","3":"status-publish","4":"format-standard","5":"has-post-thumbnail","7":"category-sport","8":"tag-arsenal","9":"tag-aston-villa","10":"tag-no","11":"tag-norge","12":"tag-norway","13":"tag-premier-league","14":"tag-sport","15":"tag-sports"},"share_on_mastodon":{"url":"https:\/\/pubeurope.com\/@no\/115813385701322638","error":""},"_links":{"self":[{"href":"https:\/\/www.europesays.com\/no\/wp-json\/wp\/v2\/posts\/125344","targetHints":{"allow":["GET"]}}],"collection":[{"href":"https:\/\/www.europesays.com\/no\/wp-json\/wp\/v2\/posts"}],"about":[{"href":"https:\/\/www.europesays.com\/no\/wp-json\/wp\/v2\/types\/post"}],"author":[{"embeddable":true,"href":"https:\/\/www.europesays.com\/no\/wp-json\/wp\/v2\/users\/2"}],"replies":[{"embeddable":true,"href":"https:\/\/www.europesays.com\/no\/wp-json\/wp\/v2\/comments?post=125344"}],"version-history":[{"count":0,"href":"https:\/\/www.europesays.com\/no\/wp-json\/wp\/v2\/posts\/125344\/revisions"}],"wp:featuredmedia":[{"embeddable":true,"href":"https:\/\/www.europesays.com\/no\/wp-json\/wp\/v2\/media\/125345"}],"wp:attachment":[{"href":"https:\/\/www.europesays.com\/no\/wp-json\/wp\/v2\/media?parent=125344"}],"wp:term":[{"taxonomy":"category","embeddable":true,"href":"https:\/\/www.europesays.com\/no\/wp-json\/wp\/v2\/categories?post=125344"},{"taxonomy":"post_tag","embeddable":true,"href":"https:\/\/www.europesays.com\/no\/wp-json\/wp\/v2\/tags?post=125344"}],"curies":[{"name":"wp","href":"https:\/\/api.w.org\/{rel}","templated":true}]}}