{"id":125346,"date":"2025-12-31T09:10:09","date_gmt":"2025-12-31T09:10:09","guid":{"rendered":"https:\/\/www.europesays.com\/no\/125346\/"},"modified":"2025-12-31T09:10:09","modified_gmt":"2025-12-31T09:10:09","slug":"gult-farevarsel-for-sno-i-trondelag","status":"publish","type":"post","link":"https:\/\/www.europesays.com\/no\/125346\/","title":{"rendered":"Gult farevarsel for sn\u00f8 i Tr\u00f8ndelag"},"content":{"rendered":"\n<p class=\"_lead_o9xde_2 _lead_xtcu6_50 layout-component text-serif-m layout-normal text-serif-l layout-component layout-wide layout-padded _wide_17hqh_1 layout-padded\">Det er d\u00e5rlige nyheter for fyrverkeriglade tr\u00f8ndere p\u00e5 nytt\u00e5rsaften. Vest i landet m\u00e5 broddene p\u00e5.<\/p>\n<p><img alt=\" Foto: Meteorologisk institutt\" class=\"_image_qp4xg_65 layout-component layout-wide\" data-fullscreen- data-track-element-type=\"Article image fullscreen\" data-track-name=\"ImageFullscreen\" fetchpriority=\"high\" decoding=\"sync\" loading=\"eager\" height=\"906\" itemprop=\"image\"  src=\"https:\/\/www.europesays.com\/no\/wp-content\/uploads\/2025\/12\/cb2ce8b2-2a53-4b22-ba55-f70080bc0cf4.jpeg\"  style=\"object-position:0% 0%\" width=\"1808\"\/> Foto: Meteorologisk institutt<\/p>\n<ul aria-hidden=\"true\" class=\"_images_ntbth_112\">\n<li><a class=\"_link_ntbth_117\" href=\"https:\/\/www.vg.no\/forfatter\/nora-kvernmo-rindal\" style=\"z-index:1\" title=\"Nora Kvernmo Rindal\" rel=\"nofollow noopener\" target=\"_blank\"><img alt=\"Bilde av Nora Kvernmo Rindal\" class=\"_image_ntbth_93\" fetchpriority=\"low\" loading=\"lazy\" decoding=\"async\" itemprop=\"image\"  src=\"https:\/\/www.europesays.com\/no\/wp-content\/uploads\/2025\/12\/1767172209_206_e9a8dfd1-f394-4db6-b4c7-25003539a55e.jpeg\"  width=\"480\"\/><\/a><\/li>\n<\/ul>\n<p> Oppdatert onsdag 31. desember kl. 09:50    <\/p>\n<ul class=\"_list_o9xde_3 _list_64s2r_85 _unordered_o9xde_106 text-sans-m\">\n<li class=\"_item_o9xde_30\">Over ti centimeter sn\u00f8 har falt flere steder i Tr\u00f8ndelag.<\/li>\n<li class=\"_item_o9xde_30\">V\u00e6rvarsel for nytt\u00e5rsaften melder v\u00e5tt v\u00e6r og lavt skydekke.<\/li>\n<li class=\"_item_o9xde_30\">Meteorolog Tsopouridis sier det blir utfordrende \u00e5 se fyrverkeriet.<\/li>\n<\/ul>\n<p>Vis mer <\/p>\n<p class=\"_paragraph_o9xde_4 _paragraph_xtcu6_10 layout-component text-serif-m layout-normal text-serif-m layout-padded\">Farevarselet gjelder fra tirsdag ettermiddag og ut p\u00e5 ettermiddagen onsdag, alts\u00e5 nytt\u00e5rsaften.<\/p>\n<p class=\"_paragraph_o9xde_4 _paragraph_xtcu6_10 layout-component text-serif-m layout-normal text-serif-m layout-padded\">I morgentimene onsdag har det allerede kommet over ti centimeter sn\u00f8 flere steder i <a href=\"https:\/\/www.vg.no\/tag\/troendelag?utm_source=vg-article&amp;utm_medium=auto-tagger&amp;utm_campaign=K83K3X\" class=\"_link_o9xde_39\" rel=\"nofollow noopener\" target=\"_blank\">Tr\u00f8ndelag<\/a>.<\/p>\n<p class=\"_paragraph_o9xde_4 _paragraph_xtcu6_10 layout-component text-serif-m layout-normal text-serif-m layout-padded\">\u2013 Det gjelder for eksempel i Grong kommune og p\u00e5 Saupstad og Leinstrand i Trondheim kommune, sier vakthavende meteorolog Leonidas Tsopouridis i Meteorologisk institutt til VG.<\/p>\n<p>\u2013 Utfordrende fyrverkeri-v\u00e6r<\/p>\n<p class=\"_paragraph_o9xde_4 _paragraph_xtcu6_10 layout-component text-serif-m layout-normal text-serif-m layout-padded\">Det har ogs\u00e5 bl\u00e5st en del i omr\u00e5det. Det kan ha kommet enda mer sn\u00f8, men vinden gj\u00f8r det litt vanskeligere \u00e5 m\u00e5le, opplyser meteorologen.<\/p>\n<p class=\"_paragraph_o9xde_4 _paragraph_xtcu6_10 layout-component text-serif-m layout-normal text-serif-m layout-padded\">Det kommer til \u00e5 fortsette \u00e5 sn\u00f8 ut dagen.<\/p>\n<p class=\"_paragraph_o9xde_4 _paragraph_xtcu6_10 layout-component text-serif-m layout-normal text-serif-m layout-padded\">\u2013 Hvordan blir fyrverkeriv\u00e6ret for tr\u00f8nderne?<\/p>\n<p class=\"_paragraph_o9xde_4 _paragraph_xtcu6_10 layout-component text-serif-m layout-normal text-serif-m layout-padded\">\u2013 Utfordrende. Det blir ganske v\u00e5tt og lavt skydekke. Dette er ikke verdens beste v\u00e6rmelding for de som skal ut \u00e5 se fyrverkeri, sier Tsopouridis.<\/p>\n<p class=\"_paragraph_o9xde_4 _paragraph_xtcu6_10 layout-component text-serif-m layout-normal text-serif-m layout-padded\">P\u00e5 kysten kommer sn\u00f8en til \u00e5 endre form og fasong.<\/p>\n<p class=\"_paragraph_o9xde_4 _paragraph_xtcu6_10 layout-component text-serif-m layout-normal text-serif-m layout-padded\">\u2013 Det kommer til \u00e5 bli noen grader mildere, og vi kommer til \u00e5 komme opp p\u00e5 plussiden av gradestokken. Sn\u00f8en kommer til \u00e5 bli v\u00e5tere, og noen steder kan det bli sludd.<\/p>\n<p>Flere farevarsler<\/p>\n<p class=\"_paragraph_o9xde_4 _paragraph_xtcu6_10 layout-component text-serif-m layout-normal text-serif-m layout-padded\">Det kan ogs\u00e5 bli vanskelige kj\u00f8reforhold p\u00e5 kysten, med glatte veier og slaps. I indre str\u00f8k vil det v\u00e6re bedre forhold.<\/p>\n<p class=\"_paragraph_o9xde_4 _paragraph_xtcu6_10 layout-component text-serif-m layout-normal text-serif-m layout-padded\">Sn\u00f8en kommer til \u00e5 fortsette ut f\u00f8rste nytt\u00e5rsdag, men ikke i s\u00e5 stor grad at det n\u00f8dvendigvis blir sendt ut farevarsel.<\/p>\n<p class=\"_paragraph_o9xde_4 _paragraph_xtcu6_10 layout-component text-serif-m layout-normal text-serif-m layout-padded\">\u2013 Det vil vi vurdere underveis, sier Tsopouridis.<\/p>\n<p class=\"_paragraph_o9xde_4 _paragraph_xtcu6_10 layout-component text-serif-m layout-normal text-serif-m layout-padded\">P\u00e5 Vestlandet er det sendt ut farevarsel for is, p\u00e5 grunn av overgang til mildv\u00e6r og regn som fryser p\u00e5 bar bakke. Nedb\u00f8r kan enkelte steder starte som sn\u00f8 eller sludd, skriver meteorologisk insitutt.<\/p>\n<p><img alt=\"Foto: Meteorologisk institutt\" class=\"_image_qp4xg_65 layout-component layout-normal\" data-fullscreen- data-track-element-type=\"Article image fullscreen\" data-track-name=\"ImageFullscreen\" decoding=\"async\" loading=\"lazy\" height=\"675\" itemprop=\"image\"  src=\"https:\/\/www.europesays.com\/no\/wp-content\/uploads\/2025\/12\/20a48a30-5e83-4dbc-9ce2-432f9b090d96.jpeg\"  style=\"object-position:0% 0%\" width=\"1200\"\/>Foto: Meteorologisk institutt<\/p>\n<p class=\"_paragraph_o9xde_4 _paragraph_xtcu6_10 layout-component text-serif-m layout-normal text-serif-m layout-padded\">Farevrselet gjelder deler av Vestland og Rogaland.<\/p>\n<p class=\"_paragraph_o9xde_4 _paragraph_xtcu6_10 layout-component text-serif-m layout-normal text-serif-m layout-padded\">Klokken 09:05 fikk politiet i Vest politidistrikt melding om at en bil hadde sklidd utenfor veien og truffet en mur i Alver kommune i Vestland.<\/p>\n<p class=\"_paragraph_o9xde_4 _paragraph_xtcu6_10 layout-component text-serif-m layout-normal text-serif-m layout-padded\">Ingen ble skadet, men airbager ble utl\u00f8st i bilen.<\/p>\n<p class=\"_paragraph_o9xde_4 _paragraph_xtcu6_10 layout-component text-serif-m layout-normal text-serif-m layout-padded\">\u2013 Det er meldt om sv\u00e6rt glatt vei, som fors\u00e5vidt gjelder hele Vest politidistrikt, skriver operasjonsleder Knut Dahl-Michelsen i politiloggen.<\/p>\n<p class=\"_paragraph_o9xde_4 _paragraph_xtcu6_10 layout-component text-serif-m layout-normal text-serif-m layout-padded\">Det anbefales \u00e5 beregne ekstra tid til transport og kj\u00f8ring, bruk av riktige dekk og \u00e5 kj\u00f8re etter forholdene. Skal du til fots, anbefaler meteorologene \u00e5 bruke brodder.<\/p>\n","protected":false},"excerpt":{"rendered":"Det er d\u00e5rlige nyheter for fyrverkeriglade tr\u00f8ndere p\u00e5 nytt\u00e5rsaften. Vest i landet m\u00e5 broddene p\u00e5. Foto: Meteorologisk institutt&hellip;\n","protected":false},"author":2,"featured_media":125347,"comment_status":"","ping_status":"","sticky":false,"template":"","format":"standard","meta":{"footnotes":""},"categories":[10],"tags":[20,21,24,25,15,22,23,13,30,28,29,14,16,6527,26,27,270,9166],"class_list":{"0":"post-125346","1":"post","2":"type-post","3":"status-publish","4":"format-standard","5":"has-post-thumbnail","7":"category-norge","8":"tag-breaking-news","9":"tag-breakingnews","10":"tag-featured-news","11":"tag-featurednews","12":"tag-headlines","13":"tag-latest-news","14":"tag-latestnews","15":"tag-news","16":"tag-no","17":"tag-norge","18":"tag-norway","19":"tag-nyheter","20":"tag-overskrifter","21":"tag-sno","22":"tag-top-stories","23":"tag-topstories","24":"tag-trondelag","25":"tag-vaer-og-fore"},"share_on_mastodon":{"url":"https:\/\/pubeurope.com\/@no\/115813405454326396","error":""},"_links":{"self":[{"href":"https:\/\/www.europesays.com\/no\/wp-json\/wp\/v2\/posts\/125346","targetHints":{"allow":["GET"]}}],"collection":[{"href":"https:\/\/www.europesays.com\/no\/wp-json\/wp\/v2\/posts"}],"about":[{"href":"https:\/\/www.europesays.com\/no\/wp-json\/wp\/v2\/types\/post"}],"author":[{"embeddable":true,"href":"https:\/\/www.europesays.com\/no\/wp-json\/wp\/v2\/users\/2"}],"replies":[{"embeddable":true,"href":"https:\/\/www.europesays.com\/no\/wp-json\/wp\/v2\/comments?post=125346"}],"version-history":[{"count":0,"href":"https:\/\/www.europesays.com\/no\/wp-json\/wp\/v2\/posts\/125346\/revisions"}],"wp:featuredmedia":[{"embeddable":true,"href":"https:\/\/www.europesays.com\/no\/wp-json\/wp\/v2\/media\/125347"}],"wp:attachment":[{"href":"https:\/\/www.europesays.com\/no\/wp-json\/wp\/v2\/media?parent=125346"}],"wp:term":[{"taxonomy":"category","embeddable":true,"href":"https:\/\/www.europesays.com\/no\/wp-json\/wp\/v2\/categories?post=125346"},{"taxonomy":"post_tag","embeddable":true,"href":"https:\/\/www.europesays.com\/no\/wp-json\/wp\/v2\/tags?post=125346"}],"curies":[{"name":"wp","href":"https:\/\/api.w.org\/{rel}","templated":true}]}}