{"id":125354,"date":"2025-12-31T09:17:06","date_gmt":"2025-12-31T09:17:06","guid":{"rendered":"https:\/\/www.europesays.com\/no\/125354\/"},"modified":"2025-12-31T09:17:06","modified_gmt":"2025-12-31T09:17:06","slug":"nyheter-hendelser-nytt-fyrverkerityveri-stjalet-for-50-000-kroner","status":"publish","type":"post","link":"https:\/\/www.europesays.com\/no\/125354\/","title":{"rendered":"Nyheter, Hendelser | Nytt fyrverkerityveri: \u2013 Stj\u00e5let for 50.000 kroner"},"content":{"rendered":"\n<p>Innbruddet har skjedd hos Europris p\u00e5 Kokstad i l\u00f8pet av natten.<\/p>\n<p>Politiet ble varslet klokken 0752.<\/p>\n<p>De er usikre p\u00e5 n\u00f8yaktig hvor store verdier som er stj\u00e5let. <\/p>\n<p>Ansatte p\u00e5 stedet ansl\u00e5r overfor politiet at det er tatt fyrverkeri til en verdi av cirka 50.000 kroner, opplyser operasjonsleder Knut Dahl-Michelsen i politiet.<\/p>\n<p>Det var <a href=\"https:\/\/www.ba.no\/innbruddsalarm-i-indre-arna-stjelt-fyrverkeri-til-100-000-kroner\/s\/5-8-3268491\" rel=\"Follow nofollow noopener\" target=\"_blank\">ogs\u00e5 et innbrudd<\/a> i en konteiner i Arna natt til tirsdag, hvor det ble stj\u00e5let fyrverkeri.<\/p>\n<p>\u2013 Det er usikkert om det er samme personer som st\u00e5r bak dette, skriver Michelsen i en melding. <\/p>\n<p>Politiet unders\u00f8ker videooverv\u00e5kning i omr\u00e5det.<\/p>\n<p>\u2013 Spor i sn\u00f8en tyder p\u00e5 at gjerningspersonen(e) har kommet til stedet i bil, oppgir operasjonsleder.<\/p>\n","protected":false},"excerpt":{"rendered":"Innbruddet har skjedd hos Europris p\u00e5 Kokstad i l\u00f8pet av natten. Politiet ble varslet klokken 0752. De er&hellip;\n","protected":false},"author":2,"featured_media":1615,"comment_status":"","ping_status":"","sticky":false,"template":"","format":"standard","meta":{"footnotes":""},"categories":[10],"tags":[36,20,21,24,25,15,168,22,23,13,30,28,29,14,16,1510,26,27,1063],"class_list":{"0":"post-125354","1":"post","2":"type-post","3":"status-publish","4":"format-standard","5":"has-post-thumbnail","7":"category-norge","8":"tag-art","9":"tag-breaking-news","10":"tag-breakingnews","11":"tag-featured-news","12":"tag-featurednews","13":"tag-headlines","14":"tag-hendelser","15":"tag-latest-news","16":"tag-latestnews","17":"tag-news","18":"tag-no","19":"tag-norge","20":"tag-norway","21":"tag-nyheter","22":"tag-overskrifter","23":"tag-story","24":"tag-top-stories","25":"tag-topstories","26":"tag-tyveri"},"share_on_mastodon":{"url":"https:\/\/pubeurope.com\/@no\/115813432909626623","error":""},"_links":{"self":[{"href":"https:\/\/www.europesays.com\/no\/wp-json\/wp\/v2\/posts\/125354","targetHints":{"allow":["GET"]}}],"collection":[{"href":"https:\/\/www.europesays.com\/no\/wp-json\/wp\/v2\/posts"}],"about":[{"href":"https:\/\/www.europesays.com\/no\/wp-json\/wp\/v2\/types\/post"}],"author":[{"embeddable":true,"href":"https:\/\/www.europesays.com\/no\/wp-json\/wp\/v2\/users\/2"}],"replies":[{"embeddable":true,"href":"https:\/\/www.europesays.com\/no\/wp-json\/wp\/v2\/comments?post=125354"}],"version-history":[{"count":0,"href":"https:\/\/www.europesays.com\/no\/wp-json\/wp\/v2\/posts\/125354\/revisions"}],"wp:featuredmedia":[{"embeddable":true,"href":"https:\/\/www.europesays.com\/no\/wp-json\/wp\/v2\/media\/1615"}],"wp:attachment":[{"href":"https:\/\/www.europesays.com\/no\/wp-json\/wp\/v2\/media?parent=125354"}],"wp:term":[{"taxonomy":"category","embeddable":true,"href":"https:\/\/www.europesays.com\/no\/wp-json\/wp\/v2\/categories?post=125354"},{"taxonomy":"post_tag","embeddable":true,"href":"https:\/\/www.europesays.com\/no\/wp-json\/wp\/v2\/tags?post=125354"}],"curies":[{"name":"wp","href":"https:\/\/api.w.org\/{rel}","templated":true}]}}