{"id":125357,"date":"2025-12-31T09:24:14","date_gmt":"2025-12-31T09:24:14","guid":{"rendered":"https:\/\/www.europesays.com\/no\/125357\/"},"modified":"2025-12-31T09:24:14","modified_gmt":"2025-12-31T09:24:14","slug":"slik-blir-pengearet-2026","status":"publish","type":"post","link":"https:\/\/www.europesays.com\/no\/125357\/","title":{"rendered":"Slik blir penge\u00e5ret 2026"},"content":{"rendered":"<p>2025 kunne v\u00e6rt et dramatisk \u00e5r for \u00f8konomien &#8211; men i det \u00e5ret g\u00e5r mot slutten har det meste v\u00e6rt gr\u00f8nt: Siden 1. januar er Oslo B\u00f8rs opp 16,5 prosent, Dow Jones indeksen i USA er opp 13,8 prosent.\u00a0<\/p>\n<p>Donald Trumps tollsatser sendte b\u00f8rsene kraftig nedover i april, men frykten er gjort til skamme. Det samme skjedde etter frykten for en tek-boble i november: Etter en kraftig dupp, tok prisene seg opp igjen.\u00a0<\/p>\n<p>Her hjemme fikk vi to rentekutt, ett i juni og ett i september. Etter kuttene ligger den norske styringsrenta p\u00e5 4 prosent, fortsatt et stykke over landene rundt oss.\u00a0<\/p>\n<p>\u00c5rets l\u00f8nnsvekst ansl\u00e5s av Finansdepartementet til 4,4 prosent, noe som betyr reall\u00f8nnsvekst for de fleste av oss.\u00a0<\/p>\n<p class=\"font-weight-bold m-font-weight-bold\" data-lab-font_weight=\"font-weight-bold\">Mens fortida er lett \u00e5 gj\u00f8re opp fasit for, er framtida adskillig vanskeligere \u00e5 sp\u00e5. Noen som til stadighet gj\u00f8r det er \u00f8konomene.\u00a0<\/p>\n<p>Vi har bedt dem svare p\u00e5 fire sp\u00f8rsm\u00e5l om 2026:<\/p>\n<ul>\n<li class=\"lab-bodytext-line\">F\u00e5r vi mer enn ett rentekutt i 2026?<\/li>\n<\/ul>\n<ul>\n<li class=\"lab-bodytext-line\">Hvor mye f\u00e5r vi i l\u00f8nns\u00f8kning?<\/li>\n<\/ul>\n<ul>\n<li class=\"lab-bodytext-line\">Blir krona sterkere eller svakere enn i dag?<\/li>\n<\/ul>\n<ul>\n<li class=\"lab-bodytext-line\">F\u00e5r vi en alvorlig tek-korreksjon p\u00e5 b\u00f8rsene i l\u00f8pet av \u00e5ret?<\/li>\n<\/ul>\n<p>    <a itemprop=\"url\" href=\"https:\/\/borsen.dagbladet.no\/nyheter\/den-er-litt-vond\/83993846\" rel=\"nofollow noopener\" target=\"_blank\"><\/p>\n<p>        <img loading=\"lazy\" decoding=\"async\" src=\"https:\/\/www.europesays.com\/no\/wp-content\/uploads\/2025\/12\/83993851.webp.webp\" width=\"980\" height=\"441\" title=\"- Den er litt vond\" alt=\"\" class=\"lazyload\" style=\"--aspect-ratio-image: 2.22; \"\/><\/p>\n<p>        &#8211; Den er litt vond<\/p>\n<p>    <\/a><\/p>\n<p>Venter nytt godt l\u00f8nns\u00e5r\t<\/p>\n<p>Norges Bank venter neste \u00e5r at l\u00f8nnsveksten skal bli 4,2 prosent, og at vi f\u00e5r en inflasjon p\u00e5 2,4 prosent &#8211; med andre ord utsikter til god reall\u00f8ns\u00f8kning for de fleste.\u00a0<\/p>\n<p>\u00d8konomene stiller seg stort sett bak dette:<\/p>\n<ul>\n<li class=\"lab-bodytext-line\">Marius Gonsholt Hov, sjef\u00f8konom i Handelsbanken: 4,2 prosent<\/li>\n<\/ul>\n<ul>\n<li class=\"lab-bodytext-line\">Jan Ludvig Andreassen, sjef\u00f8konom i Euka-gruppen: 4,0 prosent<\/li>\n<\/ul>\n<ul>\n<li class=\"lab-bodytext-line\">Kjersti Haugland, sjef\u00f8konom i DNB Markets: Rundt 4 prosent\u00a0<\/li>\n<\/ul>\n<p><b>&#8211; V\u00e5rt siste anslag, fra Konjunkturrapporten tilbake i september, var p\u00e5 4,2 prosent, og jeg ser at det ogs\u00e5 er det samme anslaget som Norges Bank landet p\u00e5 i sin ferske pengepolitiske rapport, utdyper Gonsholt Hov.\u00a0<\/b><\/p>\n<p><b>Medianl\u00f8nn for norske heltidsansatte er p\u00e5 rundt 680 000 kroner i \u00e5ret. En l\u00f8nnsvekst p\u00e5 4,2 prosent i s\u00e5 fall bety 28 560 kroner i l\u00f8nns\u00f8kning.\u00a0<\/b><\/p>\n<p>        <img loading=\"lazy\" decoding=\"async\" src=\"https:\/\/www.europesays.com\/no\/wp-content\/uploads\/2025\/12\/84014029.webp.webp\" width=\"980\" height=\"559\" title=\"TROR P\u00c5 REALL\u00d8NNSVEKST: Sjef\u00f8konom i Handelsbanken, Marius Gonsholt Hov. Foto: Lise \u00c5serud \/ NTB\" alt=\"\" class=\"\" style=\"--aspect-ratio-image: 1.75; \"\/><\/p>\n<p>\n        TROR P\u00c5 REALL\u00d8NNSVEKST: Sjef\u00f8konom i Handelsbanken, Marius Gonsholt Hov. Foto: Lise \u00c5serud \/ NTB\n    <\/p>\n<p><b>Renta skal ned<\/b>\t<\/p>\n<p><b>Men pengene forsvinner gjerne ut ogs\u00e5, og de siste \u00e5rene har mye forsvunnet i renteutgifter og \u00f8kte priser.\u00a0<\/b><\/p>\n<p>Norges banks styringsrente er for tida p\u00e5 4 prosent, og <a href=\"https:\/\/borsen.dagbladet.no\/nyheter\/holder-renta-uendret\/84000774\" rel=\"nofollow noopener\" target=\"_blank\">p\u00e5 det siste rentem\u00f8tet 18. desember<\/a>, signaliserte de \u00abett til to\u00bb rentekutt i 2026.\u00a0<\/p>\n<p>Det vil i s\u00e5 fall si at styringsrenta blir liggende p\u00e5 3,75 eller 3,5 prosent p\u00e5 denne tid neste \u00e5r.\u00a0<\/p>\n<p class=\"font-weight-bold m-font-weight-bold\" data-lab-font_weight=\"font-weight-bold\">\u00a0Her spriker \u00f8konomenes sp\u00e5dommer:<\/p>\n<ul>\n<li class=\"lab-bodytext-line\">Marius Gonsholt Hov, sjef\u00f8konom i Handelsbanken: To rentekutt.<\/li>\n<li class=\"lab-bodytext-line\">Jan Ludvig Andreassen, sjef\u00f8konom i Eika-gruppen: Fire rentekutt.<\/li>\n<li class=\"lab-bodytext-line\">Kjersti Haugland, sjef\u00f8konom i DNB Markets: Ett rentekutt.<\/li>\n<\/ul>\n<p>    <a itemprop=\"url\" href=\"https:\/\/borsen.dagbladet.no\/nyheter\/holder-renta-uendret\/84000774\" rel=\"nofollow noopener\" target=\"_blank\"><\/p>\n<p>        <img loading=\"lazy\" decoding=\"async\" src=\"https:\/\/www.europesays.com\/no\/wp-content\/uploads\/2025\/12\/84000822.webp.webp\" width=\"980\" height=\"441\" title=\"Holder renta uendret\" alt=\"\" class=\"lazyload\" style=\"--aspect-ratio-image: 2.22; \"\/><\/p>\n<p>        Holder renta uendret<\/p>\n<p>    <\/a><\/p>\n<p>&#8211; Vi tror p\u00e5 to rentekutt fra Norges Bank i 2026, og tror at kuttene kommer i juni og desember. Det tror vi ogs\u00e5 blir bunnen, slik at renta deretter blir liggende uendret p\u00e5 3,5 prosent, sier Gonsholt Hov.<\/p>\n<p>Han mener det vil bli vanskeligere for Norges Bank \u00e5 f\u00e5 renta ytterligere ned:<\/p>\n<p>&#8211; Prisveksten er fortsatt for h\u00f8y. Den s\u00e5kalte kjerneinflasjonen har i praksis bitt seg fast rundt 3 prosent helt siden i fjor sommer. L\u00f8nnsveksten er riktignok avtagende, men den er fortsatt for h\u00f8y til \u00e5 v\u00e6re forenlig med inflasjonsm\u00e5lene, sier Gonsholt Hov.<\/p>\n<p>        <img loading=\"lazy\" decoding=\"async\" src=\"https:\/\/www.europesays.com\/no\/wp-content\/uploads\/2025\/12\/84014035.webp.webp\" width=\"980\" height=\"559\" title=\"BARE ETT RENTEKUTT: Sjef\u00f8konom i DNB Markets Kjersti Haugland. Foto: Ole Berg-Rusten \/ NTB\" alt=\"\" class=\"\" style=\"--aspect-ratio-image: 1.75; \"\/><\/p>\n<p>\n        BARE ETT RENTEKUTT: Sjef\u00f8konom i DNB Markets Kjersti Haugland. Foto: Ole Berg-Rusten \/ NTB\n    <\/p>\n<p>Tror p\u00e5 kraftig brems\t<\/p>\n<p>Jan Ludvig Andreassen skiller seg ut med tro p\u00e5 fire\u00a0rentekutt i 2026:<\/p>\n<p>Det skyldes at han tror vi st\u00e5r overfor en kraftig nedgang i norsk \u00f8konomi:<\/p>\n<p>&#8211; Investeringer i bolig, industri og n\u00e6ringsbygg later til \u00e5 skuffe neste \u00e5r. Markedene tror ogs\u00e5 p\u00e5 et videre fall i olje- og gasspriser, noe som vil forsterke den antatte nedgangen i oljeinvesteringer, sier Andreassen.\u00a0<\/p>\n<p>Dermed kommer arbeidsledigheten tilbake for alvor, tror sjef\u00f8konomen:<\/p>\n<p>&#8211; AKU-ledigheten vil trolig passere 5 prosent f\u00f8r p\u00e5ske og ende p\u00e5 5,5 prosent ved \u00e5rsskiftet, sier han.<\/p>\n<p>        <img loading=\"lazy\" decoding=\"async\" src=\"https:\/\/www.europesays.com\/no\/wp-content\/uploads\/2025\/12\/84014033.webp.webp\" width=\"980\" height=\"559\" title=\"TROR P\u00c5 BREMS: Sjef\u00f8konom i Eika-gruppen Jan Ludvig Andreassen. Foto: Gorm Kallestad \/ NTB\" alt=\"\" class=\"\" style=\"--aspect-ratio-image: 1.75; \"\/><\/p>\n<p>\n        TROR P\u00c5 BREMS: Sjef\u00f8konom i Eika-gruppen Jan Ludvig Andreassen. Foto: Gorm Kallestad \/ NTB\n    <\/p>\n<p>Fortsatt svak krone\t<\/p>\n<p>Norges bank har ikke noe m\u00e5l for kronekursen, men m\u00e5 ta hensyn til kursen n\u00e5r de setter renta. \u00c5rsaken er at en svakere kronekurs gir \u00f8kt inflasjon fordi alle importerte varer blir dyrere.\u00a0<\/p>\n<p>Krona er i disse dager p\u00e5 et meget svakt niv\u00e5 i historisk sammenheng mot Euroen. \u00c9n euro koster i skrivende stund 11,92 kroner.\u00a0<\/p>\n<p class=\"font-weight-bold m-font-weight-bold\" data-lab-font_weight=\"font-weight-bold\">\u00d8konomene tror krona vil v\u00e6re noe sterkere jula 2026:<\/p>\n<ul>\n<li class=\"lab-bodytext-line\">Nils Kristian Knudsen, sjefsstrateg i Handelsbanken: 11,60 kroner\/euro<\/li>\n<\/ul>\n<ul>\n<li class=\"lab-bodytext-line\">Jan Ludvig Andreassen, sjef\u00f8konom i Eika-gruppen: 10,97 kroner\/euro<\/li>\n<\/ul>\n<ul>\n<li class=\"lab-bodytext-line\">Kjersti Haugland, sjef\u00f8konom DNB Markets: 11,80 kroner\/euro<\/li>\n<\/ul>\n<p>    <a itemprop=\"url\" href=\"https:\/\/borsen.dagbladet.no\/nyheter\/bor-ikke-hape-pa-mye-lavere-rente\/83968600\" rel=\"nofollow noopener\" target=\"_blank\"><\/p>\n<p>        <img loading=\"lazy\" decoding=\"async\" src=\"https:\/\/www.europesays.com\/no\/wp-content\/uploads\/2025\/12\/83969071.webp.webp\" width=\"980\" height=\"441\" title=\"- B\u00f8r ikke h\u00e5pe p\u00e5 mye lavere rente\" alt=\"\" class=\"lazyload\" style=\"--aspect-ratio-image: 2.22; \"\/><\/p>\n<p>        &#8211; B\u00f8r ikke h\u00e5pe p\u00e5 mye lavere rente<\/p>\n<p>    <\/a><\/p>\n<p>Samtlige tror alts\u00e5 p\u00e5 styrking (tildels sterk) mot dagens kroneniv\u00e5. Men veien kan bli humpete igjennom 2026:<\/p>\n<p>&#8211; Kronekursen vil trolig variere mye igjennom 2026, og vi vil se b\u00e5de svakere og sterkere niv\u00e5er enn i dag \u2013 ogs\u00e5 perioder svakere enn 12,20 mot euro, sier Nils Kristian Knudsen i Handelsbanken.\u00a0<\/p>\n<p>&#8211; Likevel er hovedbildet at krona styrker seg gjennom \u00e5ret, og at kursen mot euroen rundt jula 2026 ligger n\u00e6r 11,60. Dette niv\u00e5et er da ogs\u00e5 gjennomsnittet de siste tre \u00e5rene, sier han.\u00a0<\/p>\n<p>        <img loading=\"lazy\" decoding=\"async\" src=\"https:\/\/www.europesays.com\/no\/wp-content\/uploads\/2025\/12\/84014037.webp.webp\" width=\"667\" height=\"341\" title=\"TROR P\u00c5 TEK-KORREKSJON: Sjefsstrateg i Handelsbanken, Nils Kristian Knusen. Foto: Handelsbanken\" alt=\"\" class=\"\" style=\"--aspect-ratio-image: 1.96; \"\/><\/p>\n<p>\n        TROR P\u00c5 TEK-KORREKSJON: Sjefsstrateg i Handelsbanken, Nils Kristian Knusen. Foto: Handelsbanken\n    <\/p>\n<p>Kommer krisa?\t<\/p>\n<p>Frykten for et krakk i teknologisektoren var stor i h\u00f8st, men b\u00f8rsene har s\u00e5 langt \u00abst\u00e5tt han av\u00bb. Likevel: teknologiaksjer &#8211; s\u00e6rlig amerikanske &#8211; er historisk h\u00f8yt priset. Her er ogs\u00e5 mange norske sm\u00e5sparere tungt eksponert igjennom internasjonale indeksfond.\u00a0<\/p>\n<p>F\u00e5r vi se en alvorlig tek-korreksjon p\u00e5 b\u00f8rsene i 2026?<\/p>\n<ul>\n<li>Nils Kristian Knudsen, sjefsstrateg i Handelsbanken: Tja<\/li>\n<\/ul>\n<ul>\n<li>Jan Ludvig Andreassen, sjef\u00f8konom i Eika-gruppen: Ja<\/li>\n<\/ul>\n<ul>\n<li>Kjersti Haugland, sjef\u00f8konom DNB Markets: Nei<\/li>\n<\/ul>\n<p>    <a itemprop=\"url\" href=\"https:\/\/borsen.dagbladet.no\/nyheter\/advares-ma-redusere-oljepengebruken\/83926561\" rel=\"nofollow noopener\" target=\"_blank\"><\/p>\n<p>        <img loading=\"lazy\" decoding=\"async\" src=\"https:\/\/www.europesays.com\/no\/wp-content\/uploads\/2025\/12\/83926722.webp.webp\" width=\"980\" height=\"441\" title=\"Advares: - M\u00e5 redusere oljepengebruken\" alt=\"\" class=\"lazyload\" style=\"--aspect-ratio-image: 2.22; \"\/><\/p>\n<p>        Advares: &#8211; M\u00e5 redusere oljepengebruken<\/p>\n<p>    <\/a><\/p>\n<p>Vi lar tvileren komme til orde:<\/p>\n<p>&#8211; Teknologiaksjer f\u00e5r nok en korreksjon \u2013 men ikke et krakk. Et fall p\u00e5 rundt 10 prosent framst\u00e5r som sannsynlig, og skjer da ogs\u00e5 med jevne mellomrom, sier Knudsen.\u00a0<\/p>\n<p>&#8211; En mer alvorlig korreksjon p\u00e5 20 prosent eller mer over noen m\u00e5neders varighet kan heller ikke utelukkes, men vi er av den oppfatning at det som skjer i tek-sektoren er generelt positivt for aksjemarkedet i sin helhet. Noen av selskapene som har v\u00e6rt klare vinnere de siste \u00e5rene, vil kunne bli tapere, mens nye vinnere kommer til. En midlertidig nedtur i tek-sektoren vil f\u00f8re til rotasjon i aksjemarkedet, ikke starten p\u00e5 et bredt b\u00f8rsfall, sier han.\u00a0<\/p>\n","protected":false},"excerpt":{"rendered":"2025 kunne v\u00e6rt et dramatisk \u00e5r for \u00f8konomien &#8211; men i det \u00e5ret g\u00e5r mot slutten har det&hellip;\n","protected":false},"author":2,"featured_media":125358,"comment_status":"","ping_status":"","sticky":false,"template":"","format":"standard","meta":{"footnotes":""},"categories":[10],"tags":[184,20,21,24,25,15,2989,22,23,4577,14775,13,30,28,29,14,16,572,1795,1788,26,27],"class_list":{"0":"post-125357","1":"post","2":"type-post","3":"status-publish","4":"format-standard","5":"has-post-thumbnail","7":"category-norge","8":"tag-aksjer","9":"tag-breaking-news","10":"tag-breakingnews","11":"tag-featured-news","12":"tag-featurednews","13":"tag-headlines","14":"tag-kronekurs","15":"tag-latest-news","16":"tag-latestnews","17":"tag-lonn","18":"tag-lonnsoppgjor-2023","19":"tag-news","20":"tag-no","21":"tag-norge","22":"tag-norway","23":"tag-nyheter","24":"tag-overskrifter","25":"tag-okonomi","26":"tag-rente","27":"tag-styringsrente","28":"tag-top-stories","29":"tag-topstories"},"share_on_mastodon":{"url":"https:\/\/pubeurope.com\/@no\/115813460521573556","error":""},"_links":{"self":[{"href":"https:\/\/www.europesays.com\/no\/wp-json\/wp\/v2\/posts\/125357","targetHints":{"allow":["GET"]}}],"collection":[{"href":"https:\/\/www.europesays.com\/no\/wp-json\/wp\/v2\/posts"}],"about":[{"href":"https:\/\/www.europesays.com\/no\/wp-json\/wp\/v2\/types\/post"}],"author":[{"embeddable":true,"href":"https:\/\/www.europesays.com\/no\/wp-json\/wp\/v2\/users\/2"}],"replies":[{"embeddable":true,"href":"https:\/\/www.europesays.com\/no\/wp-json\/wp\/v2\/comments?post=125357"}],"version-history":[{"count":0,"href":"https:\/\/www.europesays.com\/no\/wp-json\/wp\/v2\/posts\/125357\/revisions"}],"wp:featuredmedia":[{"embeddable":true,"href":"https:\/\/www.europesays.com\/no\/wp-json\/wp\/v2\/media\/125358"}],"wp:attachment":[{"href":"https:\/\/www.europesays.com\/no\/wp-json\/wp\/v2\/media?parent=125357"}],"wp:term":[{"taxonomy":"category","embeddable":true,"href":"https:\/\/www.europesays.com\/no\/wp-json\/wp\/v2\/categories?post=125357"},{"taxonomy":"post_tag","embeddable":true,"href":"https:\/\/www.europesays.com\/no\/wp-json\/wp\/v2\/tags?post=125357"}],"curies":[{"name":"wp","href":"https:\/\/api.w.org\/{rel}","templated":true}]}}