{"id":125373,"date":"2025-12-31T09:52:29","date_gmt":"2025-12-31T09:52:29","guid":{"rendered":"https:\/\/www.europesays.com\/no\/125373\/"},"modified":"2025-12-31T09:52:29","modified_gmt":"2025-12-31T09:52:29","slug":"omstridt-strombruk-kan-vaere-nokkelen-til-klimagaten","status":"publish","type":"post","link":"https:\/\/www.europesays.com\/no\/125373\/","title":{"rendered":"Omstridt str\u00f8mbruk kan v\u00e6re n\u00f8kkelen til klimag\u00e5ten"},"content":{"rendered":"<p class=\"text-md pt-2 pb-8 mb-3 text-base border-b border-brandNeutral-900 dark:border-brandNeutral-100\">Dette debattinnlegget gir uttrykk for skribentens meninger. Innlegg kan sendes til debatt@tu.no.<\/p>\n<p>\u00abKI bruker mer str\u00f8m enn et helt land\u00bb, hevdes det. Men hvis kunstig intelligens (KI) kan bli et verkt\u00f8y for \u00e5 l\u00f8se klimag\u00e5ten, er det da str\u00f8mforbruket som er problemet, eller hvordan vi bruker teknologien?<\/p>\n<p>Datasentre st\u00e5r i dag for rundt <a href=\"https:\/\/energy.ec.europa.eu\/news\/focus-data-centres-energy-hungry-challenge-2025-11-17_en\" rel=\"nofollow noopener\" target=\"_blank\">1,5 prosent av verdens str\u00f8mforbruk<\/a>, om lag 415 terawattimer (TWh) i \u00e5ret. Nye prognoser tyder p\u00e5 at dette nesten vil doble seg innen 2030, men fortsatt utgj\u00f8re under 3 prosent av globalt str\u00f8mforbruk. KI er en viktig driver for veksten, men det er et stykke igjen f\u00f8r serverparkene alene velter klimaregnskapet.<\/p>\n<p>Ulikt tempo<\/p>\n<p>Det som gj\u00f8r utviklingen dramatisk, er tempoet og konsentrasjonen. Enkelte analyser ansl\u00e5r at <a href=\"https:\/\/www.theguardian.com\/technology\/2025\/apr\/10\/energy-demands-from-ai-datacentres-to-quadruple-by-2030-says-report\" rel=\"nofollow noopener\" target=\"_blank\">energiforbruket knyttet til KI vil firedobles innen 2030<\/a> og st\u00e5 for en stor del av str\u00f8mforbruket i datasentre mot slutten av ti\u00e5ret.<\/p>\n<p>Det gir overskrifter, men skjuler poenget: Problemet er ikke at \u00abKI tar all str\u00f8mmen\u00bb, men at ny kapasitet ofte bygges raskere enn str\u00f8mnettet og kraftsystemet klarer \u00e5 henge med.<\/p>\n<p>Samtidig sier de samme fagmilj\u00f8ene noe viktig som sjelden f\u00e5r plass i ingressen: Eksisterende KI-l\u00f8sninger i industri, transport, bygg og energi kan alene kutte rundt <a href=\"https:\/\/www.iea.org\/reports\/energy-and-ai\/ai-and-climate-change\" rel=\"nofollow noopener\" target=\"_blank\">1,4 gigatonn CO2 i 2035<\/a>, tre ganger mer enn de samlede utslippene fra datasentre i et h\u00f8yvekst-scenario.<\/p>\n<p>En fersk studie fra London School of Economics ansl\u00e5r at KI globalt kan bidra til kutt p\u00e5 <a href=\"https:\/\/www.lse.ac.uk\/granthaminstitute\/news\/new-study-finds-ai-could-reduce-global-emissions-annually-by-3-2-to-5-4-billion-tonnes-of-carbon-dioxide-equivalent-by-2035\/\" rel=\"nofollow noopener\" target=\"_blank\">3,2\u20135,4 milliarder tonn CO2-ekvivalenter<\/a>\u00a0\u00e5rlig innen 2035, s\u00e6rlig gjennom smartere kraftsystemer, transport og matforbruk.<\/p>\n<p>Redusert energibruk<\/p>\n<p>Med andre ord: KI kan gi st\u00f8rre utslippskutt enn fotavtrykket fra serverne som driver teknologien. Vi ser det allerede. Google har brukt maskinl\u00e6ring til \u00e5 styre kj\u00f8ling i datasentre og <a href=\"https:\/\/deepmind.google\/blog\/deepmind-ai-reduces-google-data-centre-cooling-bill-by-40\/\" rel=\"nofollow noopener\" target=\"_blank\">redusert energibruken til kj\u00f8ling med rundt 40 prosent<\/a>.<\/p>\n<p>Norske milj\u00f8er som Sintef og Teknologir\u00e5det viser hvordan <a href=\"https:\/\/www.sintef.no\/en\/sintef-research-areas\/artificial-intelligence\/ai-in-the-fight-against-climate-change\/\" rel=\"nofollow noopener\" target=\"_blank\">algoritmer kan planlegge ruter, produksjon og energibruk<\/a> slik at b\u00e5de kostnader og utslipp g\u00e5r ned.<\/p>\n<p>For n\u00e6ringslivet betyr dette at KI ikke f\u00f8rst og fremst er en ekstra str\u00f8mregning, men en del av selve digitaliseringen av verdikjeden.<\/p>\n<p>Tre suksess-faktorer<\/p>\n<p>Ledere som lykkes, gj\u00f8r tre ting samtidig: De sp\u00f8r hvor dataene behandles og hvilken energimiks som brukes. De setter krav til effektivitet i modellene, ikke bare mer maskinkraft p\u00e5 serverrommet. Og <a href=\"https:\/\/storehaug.no\/den-nye-lederrollen-med-ai\/\" rel=\"nofollow noopener\" target=\"_blank\">de bygger kompetanse<\/a>, slik at folk i organisasjonen faktisk bruker KI til \u00e5 optimalisere innkj\u00f8p, logistikk, vedlikehold og produktutvikling.<\/p>\n<p>KI er verken milj\u00f8ets redning eller dets undergang. Teknologien forsterker valgene vi allerede tar. Skal vi unng\u00e5 at KI blir nok en klimautfordring, m\u00e5 vi stille de n\u00f8dvendige sp\u00f8rsm\u00e5lene bak de dramatiske overskriftene: Hvor mye energi bruker vi egentlig, og hvilke konkrete utslippskutt f\u00e5r vi tilbake?<\/p>\n<p>Det nytter ikke \u00e5 stritte imot teknologisk utvikling. Det som nytter, er omstilling, tilpasning, innovasjon og kl\u00f8ktig utnyttelse av mulighetene KI-revolusjonen gir.<\/p>\n<p><a class=\"group clear-both w-full !no-underline my-8 sm:my-12 bg-stone-50 dark:bg-brandStone-700 dark:text-brandNeutral-100 flex items-stretch flex-nowrap\" href=\"https:\/\/www.tu.no\/artikler\/lanserer-ki-styrt-kampfly-kan-lande-og-ta-av-vertikalt\/563617\" rel=\"nofollow noopener\" target=\"_blank\"><img decoding=\"async\" class=\" object-cover h-full w-full transition-transform duration-700 ease-in-out group-hover:scale-[1.05] will-change-transform\" src=\"https:\/\/www.europesays.com\/no\/wp-content\/uploads\/2025\/12\/X-Bat.png\"  alt=\"En illustrasjon av X-Bat.\" loading=\"lazy\"\/><\/p>\n<p>Les ogs\u00e5:<\/p>\n<p class=\"group-hover:underline text-brandNeutral-900 dark:text-brandNeutral-100 mt-2 text-base sm:text-xl leading-5 sm:leading-6 font-bold\">Forsvarsteknologiselskap: Lanserer KI-styrt kampfly \u2013 kan lande og ta av vertikalt<\/p>\n<p><\/a><\/p>\n","protected":false},"excerpt":{"rendered":"Dette debattinnlegget gir uttrykk for skribentens meninger. Innlegg kan sendes til debatt@tu.no. \u00abKI bruker mer str\u00f8m enn et&hellip;\n","protected":false},"author":2,"featured_media":125374,"comment_status":"","ping_status":"","sticky":false,"template":"","format":"standard","meta":{"footnotes":""},"categories":[10],"tags":[20,21,37,382,24,25,15,1514,467,22,23,13,30,28,29,14,16,243,26,27],"class_list":{"0":"post-125373","1":"post","2":"type-post","3":"status-publish","4":"format-standard","5":"has-post-thumbnail","7":"category-norge","8":"tag-breaking-news","9":"tag-breakingnews","10":"tag-debatt","11":"tag-energi","12":"tag-featured-news","13":"tag-featurednews","14":"tag-headlines","15":"tag-klima","16":"tag-kunstig-intelligens","17":"tag-latest-news","18":"tag-latestnews","19":"tag-news","20":"tag-no","21":"tag-norge","22":"tag-norway","23":"tag-nyheter","24":"tag-overskrifter","25":"tag-strom","26":"tag-top-stories","27":"tag-topstories"},"share_on_mastodon":{"url":"https:\/\/pubeurope.com\/@no\/115813570740865151","error":""},"_links":{"self":[{"href":"https:\/\/www.europesays.com\/no\/wp-json\/wp\/v2\/posts\/125373","targetHints":{"allow":["GET"]}}],"collection":[{"href":"https:\/\/www.europesays.com\/no\/wp-json\/wp\/v2\/posts"}],"about":[{"href":"https:\/\/www.europesays.com\/no\/wp-json\/wp\/v2\/types\/post"}],"author":[{"embeddable":true,"href":"https:\/\/www.europesays.com\/no\/wp-json\/wp\/v2\/users\/2"}],"replies":[{"embeddable":true,"href":"https:\/\/www.europesays.com\/no\/wp-json\/wp\/v2\/comments?post=125373"}],"version-history":[{"count":0,"href":"https:\/\/www.europesays.com\/no\/wp-json\/wp\/v2\/posts\/125373\/revisions"}],"wp:featuredmedia":[{"embeddable":true,"href":"https:\/\/www.europesays.com\/no\/wp-json\/wp\/v2\/media\/125374"}],"wp:attachment":[{"href":"https:\/\/www.europesays.com\/no\/wp-json\/wp\/v2\/media?parent=125373"}],"wp:term":[{"taxonomy":"category","embeddable":true,"href":"https:\/\/www.europesays.com\/no\/wp-json\/wp\/v2\/categories?post=125373"},{"taxonomy":"post_tag","embeddable":true,"href":"https:\/\/www.europesays.com\/no\/wp-json\/wp\/v2\/tags?post=125373"}],"curies":[{"name":"wp","href":"https:\/\/api.w.org\/{rel}","templated":true}]}}