{"id":125377,"date":"2025-12-31T09:59:33","date_gmt":"2025-12-31T09:59:33","guid":{"rendered":"https:\/\/www.europesays.com\/no\/125377\/"},"modified":"2025-12-31T09:59:33","modified_gmt":"2025-12-31T09:59:33","slug":"politi-trafikk-fant-dod-person-i-bobil","status":"publish","type":"post","link":"https:\/\/www.europesays.com\/no\/125377\/","title":{"rendered":"Politi, Trafikk | Fant d\u00f8d person i bobil"},"content":{"rendered":"\n<p>Politiet i Nordland meldte klokken 09.39 mandag om at en bobil sto i brann i Lofoten.<\/p>\n<p>Klokken 10.01 varslet n\u00f8detatene at de var p\u00e5 stedet og drev med slukking.<\/p>\n<p>Klokken 10.25 kom politiet med f\u00f8lgende melding:<\/p>\n<p><b>Bobilbrannen er n\u00e5 slukket. Kj\u00f8ret\u00f8yet er helt nedbrent. Politiet gj\u00f8r unders\u00f8kelser.<\/b><\/p>\n<p>Like f\u00f8r klokken 15.00 mandag opplyser politiet at en person er funnet d\u00f8d i bobilen p\u00e5 Gims\u00f8ya.<\/p>\n<p>&#8211; Politiet fant en d\u00f8d person p\u00e5 stedet. Det jobbes n\u00e5 med \u00e5 f\u00e5 identifisert vedkommende, som vil bli obdusert. Kj\u00f8ret\u00f8yet ser ut til \u00e5 v\u00e6re registrert i utlandet, og politiet jobber videre med \u00e5 f\u00e5 avklart sikker registrering p\u00e5 dette, opplyser politiadvokat Eirik Magnus Blomli.<\/p>\n","protected":false},"excerpt":{"rendered":"Politiet i Nordland meldte klokken 09.39 mandag om at en bobil sto i brann i Lofoten. Klokken 10.01&hellip;\n","protected":false},"author":2,"featured_media":4285,"comment_status":"","ping_status":"","sticky":false,"template":"","format":"standard","meta":{"footnotes":""},"categories":[10],"tags":[36,367,20,21,24,25,15,22,23,13,30,28,29,14,16,254,1510,26,27,224],"class_list":{"0":"post-125377","1":"post","2":"type-post","3":"status-publish","4":"format-standard","5":"has-post-thumbnail","7":"category-norge","8":"tag-art","9":"tag-brann","10":"tag-breaking-news","11":"tag-breakingnews","12":"tag-featured-news","13":"tag-featurednews","14":"tag-headlines","15":"tag-latest-news","16":"tag-latestnews","17":"tag-news","18":"tag-no","19":"tag-norge","20":"tag-norway","21":"tag-nyheter","22":"tag-overskrifter","23":"tag-politi","24":"tag-story","25":"tag-top-stories","26":"tag-topstories","27":"tag-trafikk"},"share_on_mastodon":{"url":"https:\/\/pubeurope.com\/@no\/115813598096920500","error":""},"_links":{"self":[{"href":"https:\/\/www.europesays.com\/no\/wp-json\/wp\/v2\/posts\/125377","targetHints":{"allow":["GET"]}}],"collection":[{"href":"https:\/\/www.europesays.com\/no\/wp-json\/wp\/v2\/posts"}],"about":[{"href":"https:\/\/www.europesays.com\/no\/wp-json\/wp\/v2\/types\/post"}],"author":[{"embeddable":true,"href":"https:\/\/www.europesays.com\/no\/wp-json\/wp\/v2\/users\/2"}],"replies":[{"embeddable":true,"href":"https:\/\/www.europesays.com\/no\/wp-json\/wp\/v2\/comments?post=125377"}],"version-history":[{"count":0,"href":"https:\/\/www.europesays.com\/no\/wp-json\/wp\/v2\/posts\/125377\/revisions"}],"wp:featuredmedia":[{"embeddable":true,"href":"https:\/\/www.europesays.com\/no\/wp-json\/wp\/v2\/media\/4285"}],"wp:attachment":[{"href":"https:\/\/www.europesays.com\/no\/wp-json\/wp\/v2\/media?parent=125377"}],"wp:term":[{"taxonomy":"category","embeddable":true,"href":"https:\/\/www.europesays.com\/no\/wp-json\/wp\/v2\/categories?post=125377"},{"taxonomy":"post_tag","embeddable":true,"href":"https:\/\/www.europesays.com\/no\/wp-json\/wp\/v2\/tags?post=125377"}],"curies":[{"name":"wp","href":"https:\/\/api.w.org\/{rel}","templated":true}]}}