{"id":125382,"date":"2025-12-31T10:07:12","date_gmt":"2025-12-31T10:07:12","guid":{"rendered":"https:\/\/www.europesays.com\/no\/125382\/"},"modified":"2025-12-31T10:07:12","modified_gmt":"2025-12-31T10:07:12","slug":"adrian-willyson-brask-karet-til-arets-navn-for-sitt-heltemot","status":"publish","type":"post","link":"https:\/\/www.europesays.com\/no\/125382\/","title":{"rendered":"Adrian Willyson Brask k\u00e5ret til \u00ab\u00c5rets navn\u00bb for sitt heltemot"},"content":{"rendered":"<p class=\"kicker \" style=\"\">Adrian Willyson Brask er\u00a0\u00ab\u00c5rets navn\u00bb:\u00a0<\/p>\n<p>  Overstyrmannen, familiefaren og ektemannen som mistet livet i fors\u00f8k p\u00e5 \u00e5 redde liv er k\u00e5ret til \u00ab\u00c5rets navn\u00bb av Dagbladet.<\/p>\n<p>\n    BLIR HEDRET: Overstyrmann i Redningsselskapet Adrian Willyson Brask (36) omkom under tragiske omstendigheter i Lofoten i september. Foto: Redningsselskapet \/ Handout \/ NTB\n  <\/p>\n<p>&#8211;\u00a0 Fra oss i Dagbladet er det med dyp respekt og stor ydmykhet vi tildeler Adrian prisen \u00ab\u00c5rets navn\u00bb.\u00a0Adrians innsats st\u00e5r igjen som et sterkt og varig vitnesbyrd om offervilje og nestekj\u00e6rlighet, sier fungerende sjefredakt\u00f8r Mads Andersen.\u00a0<\/p>\n<p class=\"font-weight-bold m-font-weight-bold\" data-lab-font_weight=\"font-weight-bold\">Adrian Willyson Brask (36) tildeles utmerkelsen \u00ab\u00c5rets navn\u00bb i Dagbladet for 2025.<\/p>\n<p>    <a itemprop=\"url\" href=\"https:\/\/www.dagbladet.no\/nyheter\/vi-hyller-en-helt\/84003330\" rel=\"nofollow noopener\" target=\"_blank\"><\/p>\n<p>        <img loading=\"lazy\" decoding=\"async\" src=\"https:\/\/www.europesays.com\/no\/wp-content\/uploads\/2025\/12\/84003401.webp.webp\" width=\"147\" height=\"98\" title=\"Vi hyller en helt\" alt=\"\" class=\"lazyload\" style=\"--aspect-ratio-image: 1.50; \"\/><\/p>\n<p>        Vi hyller en helt<\/p>\n<p>    <\/a><\/p>\n<p> Adrian Willyson Brask\u00a0i Redningsselskapet\u00a0<a href=\"https:\/\/www.dagbladet.no\/nyheter\/har-mistet-en-god-venn\/83650400\" rel=\"nofollow noopener\" target=\"_blank\">d\u00f8de p\u00e5 jobb<\/a>\u00a0da han pr\u00f8vde \u00e5 redde en annens liv i september. Under en omfattende redningsaksjon i Nappstraumen i Lofoten mistet overstyrmannen livet under dykking.<\/p>\n<p>Ebba Torstenson (11) fra Sverige var savnet etter at en turistfiskeb\u00e5t med sju om bord kantret. Seks personer ble reddet, mens Ebba seinere ble funnet omkommet.<\/p>\n<p>        <img loading=\"lazy\" decoding=\"async\" src=\"https:\/\/www.europesays.com\/no\/wp-content\/uploads\/2025\/12\/83997407.webp.webp\" width=\"980\" height=\"559\" title=\"HER SKJEDDE DET: Nappstraumen sett fra Skreda Marina, like ved Lilleeidet. Foto: H\u00e5vard Steffensen \/ Dagbladet\" alt=\"\" class=\"\" style=\"--aspect-ratio-image: 1.75; \"\/><\/p>\n<p>\n        HER SKJEDDE DET: Nappstraumen sett fra Skreda Marina, like ved Lilleeidet. Foto: H\u00e5vard Steffensen \/ Dagbladet\n    <\/p>\n<p>Willyson Brask etterlot seg en kone og en datter. Familien hans \u00f8nsker \u00e5 takke for utmerkelsen p\u00e5 vegne av Adrian:<\/p>\n<p>&#8211; Det betyr mye \u00e5 se den anerkjennelsen og st\u00f8tten som er vist gjennom nomineringen og stemmene, sier kona hans til Dagbladet.<\/p>\n<p>&#8211; Et varig vitnesbyrd\t<\/p>\n<p>Det har v\u00e6rt stort engasjement for k\u00e5ringen &#8211; i de 24 \u00e5ra Dagbladet har delt ut prisen har det aldri blitt levert flere digitale stemmer. Og Brask fikk flest av dem alle.\u00a0<\/p>\n<p>Innsatsen hans hylles av Dagbladets fungerende redakt\u00f8r Mads Andersen.\u00a0<\/p>\n<p class=\"font-weight-bold m-font-weight-bold\" data-lab-font_weight=\"font-weight-bold\">&#8211; Han mistet livet mens han fors\u00f8kte \u00e5 redde andres, i en handling som rommer det ypperste av mot, ansvar og medmenneskelighet. Det minner oss p\u00e5 hva ekte heltemot er \u2013 ogs\u00e5 n\u00e5r utfallet blir det mest tragiske, sier Andersen, p\u00e5 vegne av avisa.\u00a0<\/p>\n<p>&#8211; Med denne prisen hedrer vi hans minne og det han representerer for oss alle, fortsetter redakt\u00f8ren.<\/p>\n<p>    \u00ab\u00c5rets navn\u00bb<\/p>\n<ul>\n<li>Prisen har blitt delt ut av Dagbladet hvert \u00e5r siden 2001.<\/li>\n<li>Vinneren blir tildelt skulpturen Dagblad-gutten, f\u00f8rst laget av billedhuggeren Halfdan Hertzberg i 1886. Den ble gitt navnet \u00abPlystrende gategutt\u00bb. Den tilh\u00f8rer Nasjonalgalleriet.<\/li>\n<li>Vinneren av prisen g\u00e5r til en person som har gjort en forskjell, et sterkt inntrykk, prestert noe ekstra.<\/li>\n<li>Vinneren k\u00e5res av Dagbladets redakt\u00f8rer i samr\u00e5d med leserne.<\/li>\n<\/ul>\n<p>      Vis mer<br \/>\n      Vis mindre<\/p>\n<p>Hylles av Redningsselskapet\t<\/p>\n<p>Redningsselskapet har fortsatt ikke sendt dykkere i vannet siden de dramatiske timene i Lofoten.\u00a0<\/p>\n<p>Dav\u00e6rende generalsekret\u00e6r i Redningsselskapet Grete Herlofsen omtalte dagen som\u00a0<a href=\"https:\/\/www.dagbladet.no\/nyheter\/adrian-36-dode-under-redningsaksjonen\/83649898\" rel=\"nofollow noopener\" target=\"_blank\">\u00abden m\u00f8rkeste dagen for redningsselskapet p\u00e5 over 100 \u00e5r\u00bb.<\/a><\/p>\n<p>        <img loading=\"lazy\" decoding=\"async\" src=\"https:\/\/www.europesays.com\/no\/wp-content\/uploads\/2025\/12\/83650182.webp.webp\" width=\"980\" height=\"559\" title=\"STERKT: Grete Herlofson var preget da hun m\u00f8tte pressen etter Adrian Willyson Brask sitt d\u00f8dsfall. Foto: Thomas Fure \/ NTB\" alt=\"\" class=\"\" style=\"--aspect-ratio-image: 1.75; \"\/><\/p>\n<p>\n        STERKT: Grete Herlofson var preget da hun m\u00f8tte pressen etter Adrian Willyson Brask sitt d\u00f8dsfall. Foto: Thomas Fure \/ NTB\n    <\/p>\n<p> N\u00e5 venter de p\u00e5 Havarikommisjonen og politiets rapport. Lite er kjent om hendelsesforl\u00f8pet, men politiet har uttalt at Willyson Brask var i vannet i 15 minutter.\u00a0<\/p>\n<p>Generalsekret\u00e6r i Redningsselskapet, Erlend S\u00f8rlie, synes det b\u00e5de er fint og vondt at Willyson Brask hedres.\u00a0<\/p>\n<p>&#8211; Det r\u00f8rer oss dypt. Adrian var et menneske med et stort hjerte og en urokkelig vilje til \u00e5 hjelpe andre, sier generalsekret\u00e6ren.\u00a0<\/p>\n<p>&#8211;\u00a0 Han var en kollega som alltid satte andre f\u00f8rst, og et menneske som skapte trygghet rundt seg. K\u00e5ringen er en sterk p\u00e5minnelse for oss i Redningsselskapet om de verdiene Adrian sto for, og som vi skal ta med oss videre. <\/p>\n<p>Han avslutter med \u00e5 dele at tankene deres g\u00e5r til familien til Adrian, og familien til Ebba inn mot jula.\u00a0<\/p>\n<p>    Tidligere vinnere av \u00c5rets navn:<\/p>\n<p data-lab-font_weight=\"\"> 2024: Yama Wolasmal (Midt\u00f8sten-korrespondent for NRK) <br \/>2023: Monica og Bengt Frantzen (foreldrene til 12 \u00e5r gamle Emely) <br \/>2022: Lise Klaveness (sto opp mot fotball-pampene) <br \/>2021: Sykepleierne (for innsatsen under corona) <br \/>2020: Espen Rostrup Nakstad (corona-informasjon) <br \/>2019: Christine Koht (\u00e5penheten rundt kreftsykdommen) <br \/>2018: Rasmus p\u00e5 \u00abRiksen\u00bb. Tr\u00f8stebamsen p\u00e5 Oslo universitetssykehus <br \/>2017: Operasjon \u00abDark Room\u00bb (avdekket et tiltalls overgrepssaker) <br \/>2016: Andrea Voll Voldum (satte voldtekt og kvinners rettssikkerhet p\u00e5 dagsorden) <br \/>2015: Tore Barstad, Lise Dunham og Erling Olstad (reddet tusenvis av flyktninger) <br \/>2014: May-Britt og Edvard Moser (Nobelprisen i medisin) <br \/>2013: Magnus Carlsen (verdensmester i sjakk) <br \/>2012: Geir Lippestad (Breiviks forsvarer i rettssaken etter 22. juli) <br \/>2011: Jens Stoltenberg (dav\u00e6rende statsminister) <br \/>2010: Tom Amundsen og Raymond Wikre (redningsdykkere som reddet tre liv) <br \/>2009: Regine Stokke (18-\u00e5ring blogget om sin egen kreftsykdom til det siste) <br \/>2008: Marit Breivik (trener for h\u00e5ndballkvinnene) <br \/>2007: Kohinoor Nordberg (Ali Farah-saken) <br \/>2006: Leger uten grenser <br \/>2005: Lise Bang Ericsson og Christoph Wernersen (Tsunami-p\u00e5r\u00f8rende)<br \/>2004: Stein Magne Lian og Odd Eriksen (Kato Air-dramaet)<br \/>2003: Bussj\u00e5f\u00f8r Audun B\u00f8land (Bussdramaet i Valdres)<br \/>2002: Student Katrine Br\u00e5tane (vant mange\u00e5rig kamp mot forsikringsselskapet)<br \/>2001: Kaptein Arne F. Rinnan (Tampa-flyktningene)<\/p>\n<p>      Vis mer<br \/>\n      Vis mindre<\/p>\n<p>&#8211; Fortjent\t<\/p>\n<p>Willyson Brask skulle egentlig reist rundt til sykehus med gaver sammen med gruppa \u00abSkjeggnissene\u00bb i disse dager.\u00a0<\/p>\n<p>&#8211; Adrian var snill, godhjertet og varm. Det er trist \u00e5 ikke ha ham med, forteller Ove Skjeggmann p\u00e5 telefon fra Bod\u00f8.<\/p>\n<p>\u00abTil minne for Adrian\u00bb, st\u00e5r det p\u00e5 bilen de kj\u00f8rer rundt med. Det kommer det til \u00e5 gj\u00f8re hvert \u00e5r framover, tror Skjeggmann. Willyson Brask sin svoger har ogs\u00e5 blitt med p\u00e5 turneen i \u00e5r.\u00a0<\/p>\n<p>Skjeggmann skulle helst \u00f8nske at kameraten kunne f\u00e5tt prisen mens han levde.\u00a0<\/p>\n<p>&#8211;\u00a0 Det er bra at han blir hedret. Det fortjener han. Men det er veldig trist at det er p\u00e5 grunn av dette, sier han.\u00a0<\/p>\n","protected":false},"excerpt":{"rendered":"Adrian Willyson Brask er\u00a0\u00ab\u00c5rets navn\u00bb:\u00a0 Overstyrmannen, familiefaren og ektemannen som mistet livet i fors\u00f8k p\u00e5 \u00e5 redde liv&hellip;\n","protected":false},"author":2,"featured_media":125383,"comment_status":"","ping_status":"","sticky":false,"template":"","format":"standard","meta":{"footnotes":""},"categories":[5],"tags":[20,21,24,25,15,19,2539,22,23,17,18,13,30,28,29,14,16,26,27],"class_list":{"0":"post-125382","1":"post","2":"type-post","3":"status-publish","4":"format-standard","5":"has-post-thumbnail","7":"category-overskrifter","8":"tag-breaking-news","9":"tag-breakingnews","10":"tag-featured-news","11":"tag-featurednews","12":"tag-headlines","13":"tag-hovedoppslag","14":"tag-innenriks","15":"tag-latest-news","16":"tag-latestnews","17":"tag-main-news","18":"tag-mainnews","19":"tag-news","20":"tag-no","21":"tag-norge","22":"tag-norway","23":"tag-nyheter","24":"tag-overskrifter","25":"tag-top-stories","26":"tag-topstories"},"share_on_mastodon":{"url":"https:\/\/pubeurope.com\/@no\/115813629477205365","error":""},"_links":{"self":[{"href":"https:\/\/www.europesays.com\/no\/wp-json\/wp\/v2\/posts\/125382","targetHints":{"allow":["GET"]}}],"collection":[{"href":"https:\/\/www.europesays.com\/no\/wp-json\/wp\/v2\/posts"}],"about":[{"href":"https:\/\/www.europesays.com\/no\/wp-json\/wp\/v2\/types\/post"}],"author":[{"embeddable":true,"href":"https:\/\/www.europesays.com\/no\/wp-json\/wp\/v2\/users\/2"}],"replies":[{"embeddable":true,"href":"https:\/\/www.europesays.com\/no\/wp-json\/wp\/v2\/comments?post=125382"}],"version-history":[{"count":0,"href":"https:\/\/www.europesays.com\/no\/wp-json\/wp\/v2\/posts\/125382\/revisions"}],"wp:featuredmedia":[{"embeddable":true,"href":"https:\/\/www.europesays.com\/no\/wp-json\/wp\/v2\/media\/125383"}],"wp:attachment":[{"href":"https:\/\/www.europesays.com\/no\/wp-json\/wp\/v2\/media?parent=125382"}],"wp:term":[{"taxonomy":"category","embeddable":true,"href":"https:\/\/www.europesays.com\/no\/wp-json\/wp\/v2\/categories?post=125382"},{"taxonomy":"post_tag","embeddable":true,"href":"https:\/\/www.europesays.com\/no\/wp-json\/wp\/v2\/tags?post=125382"}],"curies":[{"name":"wp","href":"https:\/\/api.w.org\/{rel}","templated":true}]}}