{"id":125384,"date":"2025-12-31T10:13:10","date_gmt":"2025-12-31T10:13:10","guid":{"rendered":"https:\/\/www.europesays.com\/no\/125384\/"},"modified":"2025-12-31T10:13:10","modified_gmt":"2025-12-31T10:13:10","slug":"skulle-aldri-drive-med-overnatting-na-eier-frode-luksushotell","status":"publish","type":"post","link":"https:\/\/www.europesays.com\/no\/125384\/","title":{"rendered":"Skulle aldri drive med overnat\u00adting \u2013 n\u00e5 eier Frode luksus\u00adhotell"},"content":{"rendered":"<p class=\"caption show-mobile\">Frode Solbakk har i sunnm\u00f8rsk tradisjon bygd selskapet sitt stein p\u00e5 stein, og tjent gode penger p\u00e5 \u00e5 lage spenning og opplevelser for andre. <\/p>\n<p class=\"caption show-desktop\"> Frode Solbakk har i sunnm\u00f8rsk tradisjon bygd selskapet sitt stein p\u00e5 stein, og tjent gode penger p\u00e5 \u00e5 lage spenning og opplevelser for andre. <\/p>\n<p class=\"caption\">S\u00e5 satset den tidligere fallskjermjegeren millioner av egen lomme p\u00e5 luksusturisme. <\/p>\n<p class=\"caption\">  Da kom v\u00e5kenettene.<\/p>\n","protected":false},"excerpt":{"rendered":"Frode Solbakk har i sunnm\u00f8rsk tradisjon bygd selskapet sitt stein p\u00e5 stein, og tjent gode penger p\u00e5 \u00e5&hellip;\n","protected":false},"author":2,"featured_media":125385,"comment_status":"","ping_status":"","sticky":false,"template":"","format":"standard","meta":{"footnotes":""},"categories":[10],"tags":[1703,444,20,21,24,25,15,22,23,13,30,28,29,14,16,14776,26,27,1847],"class_list":{"0":"post-125384","1":"post","2":"type-post","3":"status-publish","4":"format-standard","5":"has-post-thumbnail","7":"category-norge","8":"tag-alesund","9":"tag-bergen","10":"tag-breaking-news","11":"tag-breakingnews","12":"tag-featured-news","13":"tag-featurednews","14":"tag-headlines","15":"tag-latest-news","16":"tag-latestnews","17":"tag-news","18":"tag-no","19":"tag-norge","20":"tag-norway","21":"tag-nyheter","22":"tag-overskrifter","23":"tag-sjoa","24":"tag-top-stories","25":"tag-topstories","26":"tag-voss"},"share_on_mastodon":{"url":"https:\/\/pubeurope.com\/@no\/115813653112872621","error":""},"_links":{"self":[{"href":"https:\/\/www.europesays.com\/no\/wp-json\/wp\/v2\/posts\/125384","targetHints":{"allow":["GET"]}}],"collection":[{"href":"https:\/\/www.europesays.com\/no\/wp-json\/wp\/v2\/posts"}],"about":[{"href":"https:\/\/www.europesays.com\/no\/wp-json\/wp\/v2\/types\/post"}],"author":[{"embeddable":true,"href":"https:\/\/www.europesays.com\/no\/wp-json\/wp\/v2\/users\/2"}],"replies":[{"embeddable":true,"href":"https:\/\/www.europesays.com\/no\/wp-json\/wp\/v2\/comments?post=125384"}],"version-history":[{"count":0,"href":"https:\/\/www.europesays.com\/no\/wp-json\/wp\/v2\/posts\/125384\/revisions"}],"wp:featuredmedia":[{"embeddable":true,"href":"https:\/\/www.europesays.com\/no\/wp-json\/wp\/v2\/media\/125385"}],"wp:attachment":[{"href":"https:\/\/www.europesays.com\/no\/wp-json\/wp\/v2\/media?parent=125384"}],"wp:term":[{"taxonomy":"category","embeddable":true,"href":"https:\/\/www.europesays.com\/no\/wp-json\/wp\/v2\/categories?post=125384"},{"taxonomy":"post_tag","embeddable":true,"href":"https:\/\/www.europesays.com\/no\/wp-json\/wp\/v2\/tags?post=125384"}],"curies":[{"name":"wp","href":"https:\/\/api.w.org\/{rel}","templated":true}]}}