{"id":125398,"date":"2025-12-31T10:28:09","date_gmt":"2025-12-31T10:28:09","guid":{"rendered":"https:\/\/www.europesays.com\/no\/125398\/"},"modified":"2025-12-31T10:28:09","modified_gmt":"2025-12-31T10:28:09","slug":"bare-mulig-ved-et-mirakel","status":"publish","type":"post","link":"https:\/\/www.europesays.com\/no\/125398\/","title":{"rendered":"\u2013 Bare mulig ved et mirakel"},"content":{"rendered":"\n<ul class=\"_list_o9xde_3 _list_64s2r_85 _unordered_o9xde_106 text-sans-m\">\n<li class=\"_item_o9xde_30\">Sergej Lavrov hevdet at ukrainske styrker sendte 91 droner mot Putins residens i Novgorod fylke.<\/li>\n<li class=\"_item_o9xde_30\">Russlands forsvarsdepartement rapporterte derimot registrering av 89 droner totalt i hele Russland, hvorav 47 ble skutt ned.<\/li>\n<li class=\"_item_o9xde_30\">Ukrainas myndigheter avviser p\u00e5 det sterkeste anklagene fra Russland som l\u00f8gn og et fors\u00f8k p\u00e5 \u00e5 undergrave fredssamtaler.<\/li>\n<\/ul>\n<p>Vis mer <\/p>\n<p class=\"_paragraph_o9xde_4 _paragraph_xtcu6_10 layout-component text-serif-m layout-normal text-serif-m layout-padded\">Russlands utenriksminister Sergej Lavrov hevdet mandag kveld at ukrainske styrker sendte 91 droner mot president Vladimir Putins residensresidensEn residens er en offisiell bolig for en viktig person, som en president eller ambassad\u00f8r. i Valdai i Novgorod fylke. <\/p>\n<p class=\"_paragraph_o9xde_4 _paragraph_xtcu6_10 layout-component text-serif-m layout-normal text-serif-m layout-padded\">M\u00e5let med angrepet var if\u00f8lge Lavrov presidentboligen til Putin. Den russiske presidenten skal deretter ha ringt USAs president Donald Trump for \u00e5 informere om hendelsen.<\/p>\n<p class=\"_paragraph_o9xde_4 _paragraph_xtcu6_10 layout-component text-serif-m layout-normal text-serif-m layout-padded\">Trump bekreftet at samtalen fant sted, men delte ikke hva som ble sagt. If\u00f8lge Putins r\u00e5dgiver Jurij Usjakov ble Trump \u00abrasende\u00bb over det p\u00e5st\u00e5tte angrepet, skriver <a href=\"https:\/\/ru.themoscowtimes.com\/2025\/12\/29\/putin-predupredil-trampa-o-peresmotre-rossiiskoi-pozitsii-po-ukraine-iz-za-ataki-na-svoyu-rezidentsiyu-a183927\" class=\"_link_o9xde_39\" rel=\"nofollow noopener\" target=\"_blank\">The Moscow Times<\/a>.<\/p>\n<p class=\"_paragraph_o9xde_4 _paragraph_xtcu6_10 layout-component text-serif-m layout-normal layout-padded\"><strong class=\"_strong_o9xde_25\">Les ogs\u00e5:<\/strong> <a href=\"https:\/\/www.vg.no\/i\/8pm7zE\" data-track-element-type=\"Link\" data-track-id=\"link:8pm7zE\" class=\"_link_o9xde_39\" rel=\"nofollow noopener\" target=\"_blank\">Toppdiplomat etter toppm\u00f8te: \u2013 Ser ikke lovende ut<\/a><\/p>\n<p class=\"_paragraph_o9xde_4 _paragraph_xtcu6_10 layout-component text-serif-m layout-normal text-serif-m layout-padded\">Ukrainske myndigheter avviser p\u00e5 det sterkeste at de har angrepet noen av Putins boliger. De kaller de russiske anklagene for ren l\u00f8gn, motivert av et russisk \u00f8nske om \u00e5 undergrave fredssamtalene.<\/p>\n<p class=\"_paragraph_o9xde_4 _paragraph_xtcu6_10 layout-component text-serif-m layout-normal text-serif-m layout-padded\"><strong class=\"_strong_o9xde_25\">VG har fors\u00f8kt \u00e5 finne dokumentasjon for det p\u00e5st\u00e5tte angrepet, men har per n\u00e5 ikke funnet bevis for at det har skjedd.<\/strong><\/p>\n<p class=\"_paragraph_o9xde_4 _paragraph_xtcu6_10 layout-component text-serif-m layout-normal text-serif-m layout-padded\">Dette er det vi fant.<\/p>\n<p>Motstridende tall<\/p>\n<p class=\"_paragraph_o9xde_4 _paragraph_xtcu6_10 layout-component text-serif-m layout-normal text-serif-m layout-padded\">Det var det statskontrollerte russiske mediet <a href=\"https:\/\/ria.ru\/20251229\/ataka-2065486131.html?utm_source=sdrn%3Avg%3Aarticle%3AWvb35Q\" class=\"_link_o9xde_39\" rel=\"nofollow noopener\" target=\"_blank\">Ria Novosti<\/a> som f\u00f8rst meldte om det p\u00e5st\u00e5tte droneangrepet natt til mandag.<\/p>\n<p class=\"_paragraph_o9xde_4 _paragraph_xtcu6_10 layout-component text-serif-m layout-normal text-serif-m layout-padded\">Men tallene stemmer ikke overens med det russiske forsvarsdepartementets egne rapporter. Mens Lavrov hevder 91 droner var p\u00e5 vei mot presidentboligen, skrev forsvarsdepartementet mandag morgen at totalt 89 droner var registrert i russisk luftrom.<\/p>\n<p><img alt=\"Foto: 2025 Planet Labs PBC \/ Reuters \/ NTB\" class=\"_image_qp4xg_65 layout-component layout-normal\" data-fullscreen- data-track-element-type=\"Article image fullscreen\" data-track-name=\"ImageFullscreen\" decoding=\"async\" loading=\"lazy\" height=\"722\" itemprop=\"image\"  src=\"https:\/\/www.europesays.com\/no\/wp-content\/uploads\/2025\/12\/505dfe47-0a02-468b-b81d-292abf2eab0a.jpeg\"  style=\"object-position:0% 0%\" width=\"1280\"\/>Foto: 2025 Planet Labs PBC \/ Reuters \/ NTB<\/p>\n<p class=\"_paragraph_o9xde_4 _paragraph_xtcu6_10 layout-component text-serif-m layout-normal text-serif-m layout-padded\">Lavrovs p\u00e5stand om at 91 ukrainske droner ble skutt ned over Novgorod-regionen stemmer heller ikke med det russiske forsvarsdepartementets tall. De hevdet at 47 droner ble skutt ned.<\/p>\n<p class=\"_paragraph_o9xde_4 _paragraph_xtcu6_10 layout-component text-serif-m layout-normal text-serif-m layout-padded\">Russland kunngj\u00f8r n\u00e6rmest daglig antall ukrainske droner som angriper russisk territorium gjennom forsvarsdepartementets <a href=\"https:\/\/t.me\/mod_russia\/59869\" class=\"_link_o9xde_39\" rel=\"nofollow\">Telegram-kanal<\/a>.<\/p>\n<p class=\"_paragraph_o9xde_4 _paragraph_xtcu6_10 layout-component text-serif-m layout-normal text-serif-m layout-padded\">Den russiske opposisjonsavisen <a href=\"https:\/\/x.com\/sotaproject\/status\/2005708571342716973\" class=\"_link_o9xde_39\" rel=\"nofollow\">Sota<\/a> publiserte en unders\u00f8kelse som viser at innbyggere i Valdai ikke h\u00f8rte luftforsvar i aksjon den natten. <\/p>\n<p class=\"_paragraph_o9xde_4 _paragraph_xtcu6_10 layout-component text-serif-m layout-normal text-serif-m layout-padded\">Dette til tross for at det sv\u00e6rt tilstedev\u00e6rende luftvernet i Valdai m\u00e5tte ha v\u00e6rt aktivt for \u00e5 skyte ned opptil 91 droner.<\/p>\n<p class=\"_paragraph_o9xde_4 _paragraph_xtcu6_10 layout-component text-serif-m layout-normal text-serif-m layout-padded\">\u2013 At en drone kunne ta seg gjennom disse omr\u00e5dene og n\u00e5 residensen i Valdai, er bare mulig ved et mirakel \u2013 eller ved bevisst passivitet fra milit\u00e6r ledelse, skriver Sota.<\/p>\n<p><img alt=\"I august publiserte Radio Free Europe flere satellittbilder som viste at Russlands Pantsir-systemer hadde blitt strategisk utplassert rundt Putins residens i Valdai.  Foto: Radio Free Europe \/ faksimile\" class=\"_image_qp4xg_65 layout-component layout-normal\" data-fullscreen- data-track-element-type=\"Article image fullscreen\" data-track-name=\"ImageFullscreen\" decoding=\"async\" loading=\"lazy\" height=\"659\" itemprop=\"image\"  src=\"https:\/\/www.europesays.com\/no\/wp-content\/uploads\/2025\/12\/e605b900-4ebb-4eea-be6f-579960719430.jpeg\"  style=\"object-position:0% 0%\" width=\"751\"\/>I august publiserte Radio Free Europe flere satellittbilder som viste at Russlands Pantsir-systemer hadde blitt strategisk utplassert rundt Putins residens i Valdai.  Foto: Radio Free Europe \/ faksimile<\/p>\n<p class=\"_paragraph_o9xde_4 _paragraph_xtcu6_10 layout-component text-serif-m layout-normal text-serif-m layout-padded\"><a href=\"https:\/\/t.me\/radiosvoboda\/84758\" class=\"_link_o9xde_39\" rel=\"nofollow\">Radio Free Europe<\/a> og avisen <a href=\"https:\/\/t.me\/agentstvonews\/2364\" class=\"_link_o9xde_39\" rel=\"nofollow\">Agency<\/a> publiserte tidligere i \u00e5r <a href=\"https:\/\/t.me\/radiosvoboda\/64878\" class=\"_link_o9xde_39\" rel=\"nofollow\">satellittbilder<\/a> som viste at Russland hadde \u00f8kt antallet luftforsvarssystemerluftforsvarssystemer Teknologi og v\u00e5pen som brukes for \u00e5 beskytte et land mot angrep fra luften, som for eksempel missiler eller droner. som beskytter residensen fra to til tolv mellom 2022 og 2025.<\/p>\n<p class=\"_paragraph_o9xde_4 _paragraph_xtcu6_10 layout-component text-serif-m layout-normal layout-padded\"><strong class=\"_strong_o9xde_25\">Les ogs\u00e5:<\/strong> <a href=\"https:\/\/www.vg.no\/i\/RjRlAx\" data-track-element-type=\"Link\" data-track-id=\"link:RjRlAx\" class=\"_link_o9xde_39\" rel=\"nofollow noopener\" target=\"_blank\">Zelenskyj: Vil gjennomf\u00f8re folkeavstemning om fredsplan<\/a><\/p>\n<p class=\"_paragraph_o9xde_4 _paragraph_xtcu6_10 layout-component text-serif-m layout-normal text-serif-m layout-padded\">I sin daglige <a href=\"https:\/\/understandingwar.org\/research\/russia-ukraine\/russian-offensive-campaign-assessment-december-29-2025\/#:~:text=Confirmed%20Ukrainian%20strikes,corroborate%20Lavrov%E2%80%99s%20claim.\" class=\"_link_o9xde_39\" rel=\"nofollow noopener\" target=\"_blank\">oppdatering<\/a> skriver Den amerikanske tankesmia Institute for the Study of War (ISW) at ukrainske angrep i Russland normalt etterlater tydelige spor i \u00e5pne kilder. <\/p>\n<p class=\"_paragraph_o9xde_4 _paragraph_xtcu6_10 layout-component text-serif-m layout-normal text-serif-m layout-padded\">ISW skriver videre at de ikke har funnet verken videodokumentasjon eller lokal rapportering som indikerer et angrep i n\u00e6rheten av Putins residens.<\/p>\n<p>Anklager Russland<\/p>\n<p class=\"_paragraph_o9xde_4 _paragraph_xtcu6_10 layout-component text-serif-m layout-normal text-serif-m layout-padded\">Litauens utenriksdepartement kaller hendelsen for en russisk \u00abfalsk flagg\u00bb-operasjon\u00abfalsk flagg\u00bb-operasjon En falsk flagg-operasjon er en hemmelig operasjon som er designet for \u00e5 se ut som om den er utf\u00f8rt av en annen part enn den som faktisk st\u00e5r bak.; en hemmelig operasjon som er designet for \u00e5 se ut som om den er utf\u00f8rt av en annen part enn den som faktisk st\u00e5r bak.<\/p>\n<p class=\"_paragraph_o9xde_4 _paragraph_xtcu6_10 layout-component text-serif-m layout-normal text-serif-m layout-padded\">Departementet skriver at Russlands m\u00e5l er \u00e5 \u00absabotere resultatene som ble oppn\u00e5dd p\u00e5 Mar-a-Lago i g\u00e5r\u00bb.<\/p>\n<p class=\"_root_1xq52_1\" lang=\"en\" dir=\"auto\">Kremlin&#8217;s latest false flag operation to justify possible strikes against Ukraine &#8211; nothing new. We recall the botched &#8216;drone attack&#8217; on the Kremlin (03.05.2023). Putin not only plans a massive assault on Kyiv, he aims to sabotage the achievements agreed at Mar-a-Lago yesterday.<\/p>\n<p class=\"_root_175ot_1\" lang=\"en\" dir=\"auto\">Russia remains true to a barbaric principle it has never abandoned: accuse the others, then strike on its own.<\/p>\n<p>The recent fakes about the alleged \u201cattempt to attack Putin\u2019s residence\u201d follow a familiar Russian tactic: shifting responsibility to justify its further actions (read:<\/p>\n<p class=\"_paragraph_o9xde_4 _paragraph_xtcu6_10 layout-component text-serif-m layout-normal text-serif-m layout-padded\">Dette vil i s\u00e5 fall ikke v\u00e6re f\u00f8rste gang Russland har hevdet at et angrep har funnet sted, uten at det stemmer.<\/p>\n<p>Beskytning av Donetsk i Rostov oblast (2014) <\/p>\n<p class=\"_paragraph_o9xde_4 _paragraph_xtcu6_10 _paragraph_16v91_10 layout-component text-serif-m layout-normal text-sans-m layout-padded\" itemprop=\"text\"><strong class=\"_strong_o9xde_25\">Russlands p\u00e5stand: <\/strong>Russiske myndigheter <a href=\"https:\/\/www.theguardian.com\/world\/2014\/jul\/13\/ukrainian-shell-russian-border-town-donetsk\" class=\"_link_o9xde_39\" rel=\"nofollow noopener\" target=\"_blank\">hevdet<\/a> at Ukraina skj\u00f8t artilleri inn i grensebyen Donetsk i Rostov oblast, og at \u00e9n sivil ble drept.<\/p>\n<p class=\"_paragraph_o9xde_4 _paragraph_xtcu6_10 _paragraph_16v91_10 layout-component text-serif-m layout-normal text-sans-m layout-padded\" itemprop=\"text\"><strong class=\"_strong_o9xde_25\">Kontekst: <\/strong>Hendelsen fant sted tidlig i krigen i Donbas, i en periode med intensiv artilleriutveksling n\u00e6r grensen. Samtidig forel\u00e5 det dokumentasjon p\u00e5 russisk artilleribeskytning inn i Ukraina, noe som ga Russland incentiv til \u00e5 p\u00e5virke fortellingen om hvem som beskj\u00f8t hvem.<\/p>\n<p class=\"_paragraph_o9xde_4 _paragraph_xtcu6_10 _paragraph_16v91_10 layout-component text-serif-m layout-normal text-sans-m layout-padded\" itemprop=\"text\"><strong class=\"_strong_o9xde_25\">Tilbakevisning:<\/strong> Ukraina <a href=\"https:\/\/lb.ua\/news\/2014\/07\/14\/272810_snbo_otmechaet_rost_chisla_provokatsiy.html\" class=\"_link_o9xde_39\" rel=\"nofollow noopener\" target=\"_blank\">avviste p\u00e5standen<\/a> og beskrev den som en provokasjon eller mulig falskt flagg-operasjon. Amerikanske myndigheter <a href=\"https:\/\/www.state.gov\/department-press-briefings\/#RUSSIA\" class=\"_link_o9xde_39\" rel=\"nofollow noopener\" target=\"_blank\">uttalte<\/a> at Russland ikke la frem tilstrekkelig offentlig dokumentasjon som underbygget anklagen.<\/p>\n<p>P\u00e5st\u00e5tt \u00f8deleggelse av FSB-grenseanlegg i Rostov (2022) <\/p>\n<p class=\"_paragraph_o9xde_4 _paragraph_xtcu6_10 _paragraph_16v91_10 layout-component text-serif-m layout-normal text-sans-m layout-padded\" itemprop=\"text\"><strong class=\"_strong_o9xde_25\">Russlands p\u00e5stand:<\/strong> FSB <a href=\"https:\/\/www.themoscowtimes.com\/2022\/02\/21\/russia-says-border-facility-near-ukraine-destroyed-in-shell-attack-a76487\" class=\"_link_o9xde_39\" rel=\"nofollow noopener\" target=\"_blank\">hevdet<\/a> at et ukrainsk artilleriangrep \u00f8dela et russisk grenseanlegg i Rostov-regionen.<\/p>\n<p class=\"_paragraph_o9xde_4 _paragraph_xtcu6_10 _paragraph_16v91_10 layout-component text-serif-m layout-normal text-sans-m layout-padded\" itemprop=\"text\"><strong class=\"_strong_o9xde_25\">Kontekst: <\/strong>P\u00e5standen ble lansert f\u00e5 dager f\u00f8r Russlands fullskala-invasjon av Ukraina, i en periode der vestlige etterretningstjenester advarte om <a href=\"https:\/\/www.axios.com\/2022\/02\/21\/ukraine-russia-killed-border-invasion\" class=\"_link_o9xde_39\" rel=\"nofollow noopener\" target=\"_blank\">mulige iscenesatte hendelser<\/a> brukt som p\u00e5skudd for krig.<\/p>\n<p class=\"_paragraph_o9xde_4 _paragraph_xtcu6_10 _paragraph_16v91_10 layout-component text-serif-m layout-normal text-sans-m layout-padded\" itemprop=\"text\"><strong class=\"_strong_o9xde_25\">Tilbakevisning: <\/strong>Ukraina benektet kategorisk \u00e5 ha gjennomf\u00f8rt noe angrep og kalte p\u00e5standen falsk. Uavhengige faktasjekkere, inkludert <a href=\"https:\/\/voxukraine.org\/en\/fake-ukrainian-military-destroyed-a-russian-border-post-in-rostov-oblast\" class=\"_link_o9xde_39\" rel=\"nofollow noopener\" target=\"_blank\">Vox Ukraine<\/a>, fant ingen bekreftende bevis som st\u00f8ttet den russiske fremstillingen. If\u00f8lge Vox ville det heller ikke v\u00e6rt mulig for Ukraina \u00e5 gjennomf\u00f8re angrepet, da Minsk-traktaten begrenset ukrainsk forsvars tilstedev\u00e6relse langs frontlinjen. Dette ble kontrollert av OSCE.<\/p>\n<p>P\u00e5stand om forest\u00e5ende \u00abfalskt flagg\u00bb-angrep (2025) <\/p>\n<p class=\"_paragraph_o9xde_4 _paragraph_xtcu6_10 _paragraph_16v91_10 layout-component text-serif-m layout-normal text-sans-m layout-padded\" itemprop=\"text\"><strong class=\"_strong_o9xde_25\">Russlands p\u00e5stand: <\/strong>Det russiske forsvarsdepartementet <a href=\"https:\/\/meduza.io\/en\/news\/2025\/08\/12\/russia-accuses-ukraine-of-preparing-false-flag-attack-to-derail-friday-s-putin-trump-summit-in-alaska\" class=\"_link_o9xde_39\" rel=\"nofollow noopener\" target=\"_blank\">hevdet<\/a> at Ukraina planla et falskt flagg-angrep samtidig som at president Donald Trump og Vladimir Putin skulle m\u00f8tes i Alaska.<\/p>\n<p class=\"_paragraph_o9xde_4 _paragraph_xtcu6_10 _paragraph_16v91_10 layout-component text-serif-m layout-normal text-sans-m layout-padded\" itemprop=\"text\"><strong class=\"_strong_o9xde_25\">Kontekst: <\/strong>Russiske myndigheter p\u00e5sto, uten \u00e5 presentere beviser, at Ukraina hadde planer om \u00e5 arrangere et drone- og rakettangrep mot sivile m\u00e5l og deretter skylde p\u00e5 Russland. If\u00f8lge p\u00e5standen skulle dette gj\u00f8res for \u00e5 p\u00e5virke opinionen og svekke Russlands posisjon f\u00f8r toppm\u00f8tet i Alaska, skrev Meduza.<\/p>\n<p class=\"_paragraph_o9xde_4 _paragraph_xtcu6_10 _paragraph_16v91_10 layout-component text-serif-m layout-normal text-sans-m layout-padded\" itemprop=\"text\"><strong class=\"_strong_o9xde_25\">Tilbakevisning: <\/strong>Russland la ikke frem etterpr\u00f8vbar dokumentasjon som underbygget p\u00e5standen, og uavhengige observat\u00f8rer behandlet den som del av et narrativ.<\/p>\n<p>Timing vekker mistanke<\/p>\n<p class=\"_paragraph_o9xde_4 _paragraph_xtcu6_10 layout-component text-serif-m layout-normal text-serif-m layout-padded\">Anklagen kom etter at Volodymyr <a href=\"https:\/\/www.vg.no\/nyheter\/i\/vrQ8xw\/donald-trump-og-volodymyr-zelenskyj-moetes-soendag\" data-track-element-type=\"Link\" data-track-id=\"link:vrQ8xw\" class=\"_link_o9xde_39\" rel=\"nofollow noopener\" target=\"_blank\">Zelenskyj m\u00f8tte den amerikanske presidenten Donald Trump<\/a> i Florida s\u00f8ndag kveld.<\/p>\n<p class=\"_paragraph_o9xde_4 _paragraph_xtcu6_10 layout-component text-serif-m layout-normal text-serif-m layout-padded\">\u2013 Det er klart at for russerne er det et nederlag om vi gj\u00f8r fremskritt med USA. Det er et nederlag for dem. For de \u00f8nsker ikke \u00e5 avslutte denne krigen, sa Zelenskyj if\u00f8lge det ukrainske nyhetsbyr\u00e5et Unian.<\/p>\n<p class=\"_paragraph_o9xde_4 _paragraph_xtcu6_10 layout-component text-serif-m layout-normal text-serif-m layout-padded\">Tirsdag <a href=\"https:\/\/tass.ru\/politika\/26055907\" class=\"_link_o9xde_39\" rel=\"nofollow noopener\" target=\"_blank\">uttalte<\/a> Kreml-talsmann Dmitrij Peskov at Russland vil skjerpe landets forhandlingsposisjonforhandlingsposisjonEn parts styrke eller innflytelse i en forhandlingssituasjon, som kan p\u00e5virke utfallet av samtalene. som f\u00f8lge av det p\u00e5st\u00e5tte angrepet.<\/p>\n<p class=\"_paragraph_o9xde_4 _paragraph_xtcu6_10 layout-component text-serif-m layout-normal text-serif-m layout-padded\">Hva dette konkret inneb\u00e6rer, er fortsatt usikkert. Russland har ikke lettet p\u00e5 sine territorielle kravterritorielle kravrav om kontroll over et bestemt geografisk omr\u00e5de., samt kravene om demilitariseringdemilitariseringProsessen med \u00e5 fjerne milit\u00e6re styrker og v\u00e5pen fra et omr\u00e5de. av Ukraina og at landet holdes utenfor NATONATOEn milit\u00e6rallianse best\u00e5ende av flere land i Europa og Nord-Amerika, som jobber sammen for \u00e5 sikre felles forsvar..<\/p>\n<p><img alt=\"Putins r\u00e5dgiver Jurij Usjakov, Kreml-talsmann Dmitrij Peskov og Rustam Minnikhanov, Tatarstans president.  Foto: Alexander Kazakov \/ AP \/ NTB\" class=\"_image_qp4xg_65 layout-component layout-normal\" data-fullscreen- data-track-element-type=\"Article image fullscreen\" data-track-name=\"ImageFullscreen\" decoding=\"async\" loading=\"lazy\" height=\"3439\" itemprop=\"image\"  src=\"https:\/\/www.europesays.com\/no\/wp-content\/uploads\/2025\/12\/1fd7a2d7-00f0-4818-9351-14aaed31983a.jpeg\"  style=\"object-position:0% 0%\" width=\"5158\"\/>Putins r\u00e5dgiver Jurij Usjakov, Kreml-talsmann Dmitrij Peskov og Rustam Minnikhanov, Tatarstans president.  Foto: Alexander Kazakov \/ AP \/ NTB<\/p>\n<p class=\"_paragraph_o9xde_4 _paragraph_xtcu6_10 layout-component text-serif-m layout-normal text-serif-m layout-padded\">Peskov sa ogs\u00e5 at det er opp til det russiske milit\u00e6ret \u00e5 avgj\u00f8re om bevis skal fremlegges i saken. S\u00e5 langt har ikke russerne lagt fram dokumentasjon for at angrepet p\u00e5 Putins bolig faktisk fant sted.<\/p>\n<p class=\"_paragraph_o9xde_4 _paragraph_xtcu6_10 layout-component text-serif-m layout-normal text-serif-m layout-padded\">Tysklands forbundskansler Friedrich Merz skriver i dag at \u00abtransparens og \u00e6rlighet kreves n\u00e5 fra alle \u2013 inkludert Russland\u00bb i forbindelse med det videre fredsarbeidet.<\/p>\n<p class=\"_root_1xq52_1\" lang=\"en\" dir=\"auto\">We held further consultations today with our European and Canadian partners in the Berlin Format. We are moving the peace process forward. Transparency and honesty are now required from everyone \u2013 including Russia.<\/p>\n<p>  \u2013 Bortkastet for Ukraina<\/p>\n<p class=\"_paragraph_o9xde_4 _paragraph_xtcu6_10 layout-component text-serif-m layout-normal text-serif-m layout-padded\">Sannsynligheten for at Ukraina har gjennomf\u00f8rt dette angrepet er sv\u00e6rt liten. <\/p>\n<p class=\"_paragraph_o9xde_4 _paragraph_xtcu6_10 layout-component text-serif-m layout-normal text-serif-m layout-padded\">Det sier Palle Ydsteb\u00f8, som er hovedl\u00e6rer ved Krigsskolen. <\/p>\n<p class=\"_paragraph_o9xde_4 _paragraph_xtcu6_10 layout-component text-serif-m layout-normal text-serif-m layout-padded\">\u2013 Det er sv\u00e6rt, sv\u00e6rt lite sannsynlig. Det er selvsagt ikke helt usannsynlig, men med prosessene hvor Trump og Zelenskyj m\u00f8tes, og med konferanser med europeiske ledere om en fredsplan, s\u00e5 ville det v\u00e6rt et selvskudd for Ukraina \u00e5 gj\u00f8re dette. <\/p>\n<p><img decoding=\"async\" alt=\"Bilde av Palle Ydsteb\u00f8\" class=\"_image_ygndg_42\" height=\"26\" itemprop=\"image\" loading=\"lazy\"  src=\"https:\/\/www.europesays.com\/no\/wp-content\/uploads\/2025\/12\/d54cd5ee-90ac-4b4d-bd63-bd5bc1863395.jpeg\"  width=\"40\"\/><strong class=\"_name_ygndg_51 title-serif-xs\">Palle Ydsteb\u00f8<\/strong><\/p>\n<p class=\"_paragraph_o9xde_4 text-sans-m _description_ygndg_56\">hovedl\u00e6rer, seksjon for landmakt, Krigsskolen<\/p>\n<p class=\"_paragraph_o9xde_4 _paragraph_xtcu6_10 layout-component text-serif-m layout-normal text-serif-m layout-padded\">Ydsteb\u00f8 viser til at det er flere ting som ikke stemmer. <\/p>\n<p class=\"_paragraph_o9xde_4 _paragraph_xtcu6_10 layout-component text-serif-m layout-normal text-serif-m layout-padded\">Det er blant annet ikke kommet rapporter fra sivilbefolkningen i omr\u00e5det om at luftvern har v\u00e6rt i arbeid, og heller ingen bilder eller videobevis. Han peker p\u00e5 at det normalt ved angrep har kommet bevis p\u00e5 sosiale medier. <\/p>\n<p class=\"_paragraph_o9xde_4 _paragraph_xtcu6_10 layout-component text-serif-m layout-normal text-serif-m layout-padded\">\u2013 I dette omr\u00e5det er det jammingjammingJamming refererer til forstyrrelse av radiosignaler, som GPS, for \u00e5 hindre kommunikasjon eller navigasjon. av gps-systemer. Det er veldig krevende \u00e5 navigere droner uten navigasjon ved bruk av satelitter, sier Ydsteb\u00f8. <\/p>\n<p class=\"_paragraph_o9xde_4 _paragraph_xtcu6_10 layout-component text-serif-m layout-normal text-serif-m layout-padded\">I tillegg peker han p\u00e5 at det er tolv luftvernsystemerluftvernsystemerLuftvernsystemer er milit\u00e6rt utstyr som brukes til \u00e5 oppdage, spore og skyte ned fiendtlige fly eller missiler. som er permanent utplassert i omr\u00e5det, og at det ville v\u00e6rt bortkastet for Ukraina \u00e5 gjennomf\u00f8re et angrep der. <\/p>\n<p class=\"_paragraph_o9xde_4 _paragraph_xtcu6_10 layout-component text-serif-m layout-normal text-serif-m layout-padded\"><strong class=\"_strong_o9xde_25\">\u2013 Det ville sparket bein under Ukrainas egeninteresser, spesielt i lys av fredsprosessen. Flere kommentatorer ser p\u00e5 det som et p\u00e5skudd for russerene for \u00e5 bryte fors\u00f8ker p\u00e5 en fredsplan og forhandlingene.<\/strong> <\/p>\n<p class=\"_paragraph_o9xde_4 _paragraph_xtcu6_10 layout-component text-serif-m layout-normal text-serif-m layout-padded\">Ydsteb\u00f8 presiserer at Russland er interessert i \u00e5 n\u00e5 sine krigsm\u00e5l: <\/p>\n<p class=\"_paragraph_o9xde_4 _paragraph_xtcu6_10 layout-component text-serif-m layout-normal text-serif-m layout-padded\">\u2013 De har alltid vridd seg unna n\u00e5r det blir presset hardt for v\u00e5penhvile og fredsprosess, sier han. <\/p>\n","protected":false},"excerpt":{"rendered":"Sergej Lavrov hevdet at ukrainske styrker sendte 91 droner mot Putins residens i Novgorod fylke. Russlands forsvarsdepartement rapporterte&hellip;\n","protected":false},"author":2,"featured_media":125399,"comment_status":"","ping_status":"","sticky":false,"template":"","format":"standard","meta":{"footnotes":""},"categories":[5],"tags":[20,21,1014,24,25,15,19,179,14777,22,23,17,18,13,30,28,29,14,16,188,26,27,489,186,488],"class_list":{"0":"post-125398","1":"post","2":"type-post","3":"status-publish","4":"format-standard","5":"has-post-thumbnail","7":"category-overskrifter","8":"tag-breaking-news","9":"tag-breakingnews","10":"tag-droner","11":"tag-featured-news","12":"tag-featurednews","13":"tag-headlines","14":"tag-hovedoppslag","15":"tag-krigen-i-ukraina","16":"tag-krigsskolen","17":"tag-latest-news","18":"tag-latestnews","19":"tag-main-news","20":"tag-mainnews","21":"tag-news","22":"tag-no","23":"tag-norge","24":"tag-norway","25":"tag-nyheter","26":"tag-overskrifter","27":"tag-russland","28":"tag-top-stories","29":"tag-topstories","30":"tag-ukraina","31":"tag-vladimir-putin","32":"tag-volodymyr-zelenskyj"},"share_on_mastodon":{"url":"https:\/\/pubeurope.com\/@no\/115813712111120151","error":""},"_links":{"self":[{"href":"https:\/\/www.europesays.com\/no\/wp-json\/wp\/v2\/posts\/125398","targetHints":{"allow":["GET"]}}],"collection":[{"href":"https:\/\/www.europesays.com\/no\/wp-json\/wp\/v2\/posts"}],"about":[{"href":"https:\/\/www.europesays.com\/no\/wp-json\/wp\/v2\/types\/post"}],"author":[{"embeddable":true,"href":"https:\/\/www.europesays.com\/no\/wp-json\/wp\/v2\/users\/2"}],"replies":[{"embeddable":true,"href":"https:\/\/www.europesays.com\/no\/wp-json\/wp\/v2\/comments?post=125398"}],"version-history":[{"count":0,"href":"https:\/\/www.europesays.com\/no\/wp-json\/wp\/v2\/posts\/125398\/revisions"}],"wp:featuredmedia":[{"embeddable":true,"href":"https:\/\/www.europesays.com\/no\/wp-json\/wp\/v2\/media\/125399"}],"wp:attachment":[{"href":"https:\/\/www.europesays.com\/no\/wp-json\/wp\/v2\/media?parent=125398"}],"wp:term":[{"taxonomy":"category","embeddable":true,"href":"https:\/\/www.europesays.com\/no\/wp-json\/wp\/v2\/categories?post=125398"},{"taxonomy":"post_tag","embeddable":true,"href":"https:\/\/www.europesays.com\/no\/wp-json\/wp\/v2\/tags?post=125398"}],"curies":[{"name":"wp","href":"https:\/\/api.w.org\/{rel}","templated":true}]}}