{"id":125404,"date":"2025-12-31T10:35:12","date_gmt":"2025-12-31T10:35:12","guid":{"rendered":"https:\/\/www.europesays.com\/no\/125404\/"},"modified":"2025-12-31T10:35:12","modified_gmt":"2025-12-31T10:35:12","slug":"nyheter-brannvesen-vannlekkasje-i-coop-butikk-veldig-kjedelig","status":"publish","type":"post","link":"https:\/\/www.europesays.com\/no\/125404\/","title":{"rendered":"Nyheter, Brannvesen | Vannlekkasje i Coop-butikk: \u2013 Veldig kjedelig"},"content":{"rendered":"\n<p>Brannvesenet rykker ut etter melding om vannlekkasje i et bygg i H\u00e5konsgaten i sentrum.<\/p>\n<p>\u2013 Det har rent cirka 15 til 20 liter ned fra overetasjen, sier vaktleder B\u00f8rre Brekkvassmo ved 110-sentralen vest til BA-<\/p>\n<p>\n          Stopp video<\/p>\n<p>          <video data-standalone=\"false\" preload=\"none\" muted=\"\" loop=\"\" playsinline=\"\" autoplay=\"\"><\/p>\n<p>          <\/video>\n        <\/p>\n<p>If\u00f8lge Brekkvassmo skal det ha dryppet jevnt og trutt ned i butikken. Hovedkranen er n\u00e5 stengt av brannvesenet.<\/p>\n<p>\u2013 Om det stopper \u00e5 dryppe av den grunn avhenger litt av hvor mye vann som ligger i etasjen over.<\/p>\n<p>   <img decoding=\"async\" width=\"6192\" height=\"4128\" fetchpriority=\"low\"  loading=\"lazy\"  src=\"https:\/\/www.europesays.com\/no\/wp-content\/uploads\/2025\/12\/EWB_7352.jpg\" alt=\"\" class=\"brick-c-cFOWSL\" style=\"--brick-image-ratio: 6192 \/ 4128;\"\/><\/p>\n<p>      Foto: Emil Weatherhead Breistein\n    <\/p>\n<p>BAs reporter p\u00e5 stedet forteller at brannvesenet har lagt frem flere b\u00f8tter for \u00e5 fange vannet.<\/p>\n<p>\u2013 Vi mistenker at det kan v\u00e6re et r\u00f8r som har r\u00f8ket i forbindelse med kulde, sier innsatsleder i brannvesenet Erik Riera.<\/p>\n<p>Han forteller at brannvesenet har kommet seg inn i den aktuelle leiligheten. Det er en varmtvannstank som er \u00e5rsak til lekkasjen.<\/p>\n<p>   <img decoding=\"async\" width=\"6192\" height=\"4128\" fetchpriority=\"low\"  loading=\"lazy\"  src=\"https:\/\/www.europesays.com\/no\/wp-content\/uploads\/2025\/12\/EWB_7318.jpg\" alt=\"\" class=\"brick-c-cFOWSL\" style=\"--brick-image-ratio: 6192 \/ 4128;\"\/><\/p>\n<p>      Foto: Emil Weatherhead Breistein\n    <\/p>\n<p>Sjefen i Coop-butikken, Tom Engelbrecht, jobber med \u00e5 t\u00f8mme b\u00f8tter.<\/p>\n<p>\u2013 Det p\u00f8ser ikke ned, men det er veldig kjedelig. Om det holder p\u00e5 utover blir det verre, sier han til BA.<\/p>\n<p>   <img decoding=\"async\" width=\"6192\" height=\"4128\" fetchpriority=\"low\"  loading=\"lazy\"  src=\"https:\/\/www.europesays.com\/no\/wp-content\/uploads\/2025\/12\/EWB_8340.jpg\" alt=\"\" class=\"brick-c-cFOWSL\" style=\"--brick-image-ratio: 6192 \/ 4128;\"\/><\/p>\n<p>      Foto: Emil Weatherhead Breistein\n    <\/p>\n<p>Saken oppdateres<\/p>\n","protected":false},"excerpt":{"rendered":"Brannvesenet rykker ut etter melding om vannlekkasje i et bygg i H\u00e5konsgaten i sentrum. \u2013 Det har rent&hellip;\n","protected":false},"author":2,"featured_media":125405,"comment_status":"","ping_status":"","sticky":false,"template":"","format":"standard","meta":{"footnotes":""},"categories":[10],"tags":[36,1672,20,21,24,25,14778,15,22,23,13,30,28,29,14,16,1510,26,27],"class_list":{"0":"post-125404","1":"post","2":"type-post","3":"status-publish","4":"format-standard","5":"has-post-thumbnail","7":"category-norge","8":"tag-art","9":"tag-brannvesen","10":"tag-breaking-news","11":"tag-breakingnews","12":"tag-featured-news","13":"tag-featurednews","14":"tag-hakonsgaten","15":"tag-headlines","16":"tag-latest-news","17":"tag-latestnews","18":"tag-news","19":"tag-no","20":"tag-norge","21":"tag-norway","22":"tag-nyheter","23":"tag-overskrifter","24":"tag-story","25":"tag-top-stories","26":"tag-topstories"},"share_on_mastodon":{"url":"https:\/\/pubeurope.com\/@no\/115813739573719487","error":""},"_links":{"self":[{"href":"https:\/\/www.europesays.com\/no\/wp-json\/wp\/v2\/posts\/125404","targetHints":{"allow":["GET"]}}],"collection":[{"href":"https:\/\/www.europesays.com\/no\/wp-json\/wp\/v2\/posts"}],"about":[{"href":"https:\/\/www.europesays.com\/no\/wp-json\/wp\/v2\/types\/post"}],"author":[{"embeddable":true,"href":"https:\/\/www.europesays.com\/no\/wp-json\/wp\/v2\/users\/2"}],"replies":[{"embeddable":true,"href":"https:\/\/www.europesays.com\/no\/wp-json\/wp\/v2\/comments?post=125404"}],"version-history":[{"count":0,"href":"https:\/\/www.europesays.com\/no\/wp-json\/wp\/v2\/posts\/125404\/revisions"}],"wp:featuredmedia":[{"embeddable":true,"href":"https:\/\/www.europesays.com\/no\/wp-json\/wp\/v2\/media\/125405"}],"wp:attachment":[{"href":"https:\/\/www.europesays.com\/no\/wp-json\/wp\/v2\/media?parent=125404"}],"wp:term":[{"taxonomy":"category","embeddable":true,"href":"https:\/\/www.europesays.com\/no\/wp-json\/wp\/v2\/categories?post=125404"},{"taxonomy":"post_tag","embeddable":true,"href":"https:\/\/www.europesays.com\/no\/wp-json\/wp\/v2\/tags?post=125404"}],"curies":[{"name":"wp","href":"https:\/\/api.w.org\/{rel}","templated":true}]}}