{"id":125406,"date":"2025-12-31T10:40:41","date_gmt":"2025-12-31T10:40:41","guid":{"rendered":"https:\/\/www.europesays.com\/no\/125406\/"},"modified":"2025-12-31T10:40:41","modified_gmt":"2025-12-31T10:40:41","slug":"naeringsliv-klepp-naeringslivsloggen-fem-selskap-er-slettet","status":"publish","type":"post","link":"https:\/\/www.europesays.com\/no\/125406\/","title":{"rendered":"N\u00e6ringsliv, Klepp | N\u00e6ringslivsloggen: Fem selskap er slettet"},"content":{"rendered":"<p>  Nyregistrering<\/p>\n<p><b>BROTET INVEST AS <\/b>i Klepp er nyregistrert i Foretaksregisteret. Selskapet ble stiftet i forbindelse med en fisjon, med en aksjekapital p\u00e5 51.150,00 kroner. Form\u00e5let er \u00e5 drive med investeringer i andre selskaper og det som naturlig st\u00e5r i forbindelse med dette. Asbj\u00f8rn Hatteland er registrert som daglig leder og styrets leder. Selskapets \u00e5rsregnskap skal ikke revideres, og signatur tegnes av styrets leder alene eller daglig leder alene.<\/p>\n<p><b>O SUNDE HOLDING AS<\/b> i Time er nyregistrert i Foretaksregisteret med en kapital p\u00e5 30.000,00 kroner. Selskapets form\u00e5l er \u00e5 eie aksjer i andre selskap og annet som st\u00e5r i forbindelse med dette. Ove Sunde er registrert som daglig leder og styrets leder, og selskapets \u00e5rsregnskap skal ikke revideres.<\/p>\n<p>Endring av styre og daglig leder<\/p>\n<p><b>ARKA ROGALAND AS<\/b> i Klepp har endret daglig leder. St\u00e5le Jensen er n\u00e5 registrert som ny daglig leder for selskapet.<\/p>\n<p>Endring av forretningsadresse<\/p>\n<p><b>AASE &amp; WIIG AS<\/b> i Klepp har endret sin forretningsadresse. Selskapet er n\u00e5 registrert med forretningsadresse Pollestadmyra 13, 4343 ORRE i Klepp kommune, etter \u00e5 ha flyttet fra Akersveien 20B, 0177 OSLO.<\/p>\n<p>Sletting<\/p>\n<p>Enkeltpersonforetaket <b>S. JENSEN TRANSPORT <\/b>i Time er slettet i Foretaksregisteret. Selskapet hadde forretningsadresse Vestre Ring 4, 4344 BRYNE.<\/p>\n<p><b>BEATI BYGGTJENESTER AS <\/b>i H\u00e5 er slettet i Foretaksregisteret. Aksjeselskapet med forretningsadresse R\u00e5dhusgata 6, 4360 VARHAUG, er slettet etter fusjon med WALDELAND &amp; VARHAUG AS.<\/p>\n<p><b>ROBOTVEGEN 32 AS<\/b> i H\u00e5 er slettet i Foretaksregisteret. Aksjeselskapet hadde forretningsadresse Toppavegen 18, 4360 VARHAUG.<\/p>\n<p><b>ROBOTVEGEN 32 S3 AS<\/b> i H\u00e5 er slettet i Foretaksregisteret. Aksjeselskapet hadde forretningsadresse c\/o Magnus Skretting Toppavegen 18, 4360 VARHAUG.<\/p>\n<p><b>KVERNELAND MUR &amp; FLIS AS<\/b> i Time er slettet i Foretaksregisteret. Aksjeselskapet med forretningsadresse H\u00e5landsvegen 35, 4344 BRYNE, er slettet etter fusjon med WALDELAND &amp; VARHAUG AS.<\/p>\n<p>Endring av kapital og vedtektsdato<\/p>\n<p><b>BROTET AS <\/b>i Klepp har endret sin aksjekapital til 51.150,00 kroner. Samtidig er selskapets vedtektsdato endret til 13. oktober 2025.<\/p>\n<p>Endring av revisor og\/eller revisjonsplikt<\/p>\n<p><b>INDUSTRIA AS<\/b> i Time har endret revisor. Ny revisor for selskapet er FENDER AS, med adresse Luramyrveien 23, 4313 SANDNES.<\/p>\n<p>Godkjente \u00e5rsregnskap<\/p>\n<p>Klepp:<\/p>\n<p><b>BIS TINCTO AS<\/b><\/p>\n<p><b>REMONT AS<\/b><\/p>\n","protected":false},"excerpt":{"rendered":"Nyregistrering BROTET INVEST AS i Klepp er nyregistrert i Foretaksregisteret. Selskapet ble stiftet i forbindelse med en fisjon,&hellip;\n","protected":false},"author":2,"featured_media":7544,"comment_status":"","ping_status":"","sticky":false,"template":"","format":"standard","meta":{"footnotes":""},"categories":[56],"tags":[36,60,61,1471,1470,62,1676,30,28,29,1510,1469],"class_list":{"0":"post-125406","1":"post","2":"type-post","3":"status-publish","4":"format-standard","5":"has-post-thumbnail","7":"category-naeringsliv","8":"tag-art","9":"tag-business","10":"tag-economy","11":"tag-ha","12":"tag-klepp","13":"tag-naeringsliv","14":"tag-naeringslivsloggen","15":"tag-no","16":"tag-norge","17":"tag-norway","18":"tag-story","19":"tag-time"},"share_on_mastodon":{"url":"https:\/\/pubeurope.com\/@no\/115813759245391173","error":""},"_links":{"self":[{"href":"https:\/\/www.europesays.com\/no\/wp-json\/wp\/v2\/posts\/125406","targetHints":{"allow":["GET"]}}],"collection":[{"href":"https:\/\/www.europesays.com\/no\/wp-json\/wp\/v2\/posts"}],"about":[{"href":"https:\/\/www.europesays.com\/no\/wp-json\/wp\/v2\/types\/post"}],"author":[{"embeddable":true,"href":"https:\/\/www.europesays.com\/no\/wp-json\/wp\/v2\/users\/2"}],"replies":[{"embeddable":true,"href":"https:\/\/www.europesays.com\/no\/wp-json\/wp\/v2\/comments?post=125406"}],"version-history":[{"count":0,"href":"https:\/\/www.europesays.com\/no\/wp-json\/wp\/v2\/posts\/125406\/revisions"}],"wp:featuredmedia":[{"embeddable":true,"href":"https:\/\/www.europesays.com\/no\/wp-json\/wp\/v2\/media\/7544"}],"wp:attachment":[{"href":"https:\/\/www.europesays.com\/no\/wp-json\/wp\/v2\/media?parent=125406"}],"wp:term":[{"taxonomy":"category","embeddable":true,"href":"https:\/\/www.europesays.com\/no\/wp-json\/wp\/v2\/categories?post=125406"},{"taxonomy":"post_tag","embeddable":true,"href":"https:\/\/www.europesays.com\/no\/wp-json\/wp\/v2\/tags?post=125406"}],"curies":[{"name":"wp","href":"https:\/\/api.w.org\/{rel}","templated":true}]}}