{"id":125415,"date":"2025-12-31T10:50:09","date_gmt":"2025-12-31T10:50:09","guid":{"rendered":"https:\/\/www.europesays.com\/no\/125415\/"},"modified":"2025-12-31T10:50:09","modified_gmt":"2025-12-31T10:50:09","slug":"forde-sunnfjord-kven-vil-du-gi-arets-heiderstittel-til","status":"publish","type":"post","link":"https:\/\/www.europesays.com\/no\/125415\/","title":{"rendered":"F\u00f8rde, Sunnfjord | \u2013 Kven vil du gi \u00e5rets heiderstittel til?"},"content":{"rendered":"\n<p>\u2013 Det er ikkje alle i dekningsomr\u00e5det v\u00e5rt som har lyst p\u00e5 tittelen \u00c5rets sunnfjording. Difor endra vi det til \u00c5rets namn, seier Roy Sunde.<\/p>\n<p>Han sit i juryen saman med Firda-journalist Jorid Lothe og Marie Havnen, seniorr\u00e5dgivar i Lotteri- og stiftelsestilsynet.<\/p>\n<p>Du kan no foresl\u00e5 dine favorittar til heiderstittelen \u00c5rets namn.<\/p>\n<p>\u2013 Fristen for \u00e5 nominere er s\u00f8ndag 4. januar, seier Jorid Lothe.<\/p>\n<p>Kven kan du nominere?<\/p>\n<p>Det ligg ingen f\u00f8ringar bak kven du kan foresl\u00e5.<\/p>\n<p>\u2013 Det ligg kanskje litt i tittelen at det er folk som har utmerkt seg p\u00e5 positivt vis, seier Lothe.<\/p>\n<p>M\u00e5let er eit breitt utval av nominerte menn og kvinner i alle aldrar. Det kan vere folk som har utmerkt seg i kulturlivet, sportsleg, eller har gjort noko bra for andre i 2025.<\/p>\n<p>Einaste f\u00f8ringa er at personen m\u00e5 ha tilknyting til Firda sitt dekningsomr\u00e5de: Sunnfjord, Hyllestad, Askvoll, Fjaler, Gloppen og H\u00f8yanger. Ein treng heller ikkje \u00e5 ha vore omtalt i Firda sine spalter.<\/p>\n<p>Du nominerer, juryen vel ut \u2013 folket stemmer<\/p>\n<p>Juryen vil plukke ut finalistar fr\u00e5 dei nominerte 5. januar. Desse blir s\u00e5 presentert i ein serie artiklar i Firda fram mot Sunnfjordgalla.<\/p>\n<p>\u2013 N\u00e5r dei er presenterte opnar avstemminga, der du kan stemme fram din favoritt, seier Marie Havnen.<\/p>\n<p>Prisen for \u00e5rets namn blir delt ut under Sunnfjordgallaen 24. januar.<\/p>\n<p>            Sunnfjordgallaen<\/p>\n<ul>\n<li>\u00c5rleg prisutdeling p\u00e5 ny\u00e5ret der sunnfjordingar blir heidra og f\u00e5r prisar i ulike kategoriar. <\/li>\n<li>F\u00f8rste gong arrangert i 2024. Laurdag 24. januar 2026 er det duka for den tredje gallaen. <\/li>\n<li>G\u00e5r f\u00f8re seg i Sunnfjordsalen p\u00e5 Scandic Sunnfjord Hotel &amp; Spa, i form av ein festleg gallakveld med middag og underhaldning. <\/li>\n<li>Arrang\u00f8ren er FINS Aktivitet, i samarbeid med Hending og hotellet.<\/li>\n<li>Kven som helst kan nominere sunnfjordingar fr\u00e5 29. desember av. <\/li>\n<\/ul>\n<p><a href=\"https:\/\/www.firda.no\/sunnfjordgallaen-dette-er-arets-vinnarar\/f\/5-15-1679436\" target=\"_blank\" rel=\"Follow nofollow noopener\">Vinnarane i 2024.<\/a><\/p>\n<p><a href=\"https:\/\/www.firda.no\/dei-siste-vinnarane-er-kara-desse-fekk-pris\/s\/5-15-1837919\" target=\"_blank\" rel=\"Follow nofollow noopener\">Vinnarane i 2025.<\/a><\/p>\n<p>Kategoriar denne gongen<\/p>\n<ul>\n<li>\u00c5rets namn <\/li>\n<li>\u00c5rets generalkonsul <\/li>\n<li>\u00c5rets idrettsprestasjon <\/li>\n<li>\u00c5rets grendalag <\/li>\n<li>\u00c5rets kremmar <\/li>\n<li>\u00c5rets l\u00e6rling <\/li>\n<li>\u00c5rets bonde <\/li>\n<li>\u00c5rets tilflyttar<\/li>\n<\/ul>\n<p>  <a href=\"https:\/\/www.firda.no\/5-15-1995326\" class=\"related-teaser has-image default-story-teaser article--c-eRUmMG article--c-eRUmMG-jKCPdD-design-default\" rel=\"nofollow noopener\" target=\"_blank\"><\/p>\n<p>    <img decoding=\"async\" loading=\"lazy\"  src=\"https:\/\/www.europesays.com\/no\/wp-content\/uploads\/2025\/12\/IMG_0022.JPG\" alt=\"\" class=\"brick-c-cFOWSL\" style=\"\"\/><\/p>\n<p>\n            Les ogs\u00e5<\/p>\n<p>              Sunnfjordgallaen har blitt tradisjon, men noko er nytt av \u00e5ret\n        <\/p>\n<p>  <\/a><\/p>\n<p>  <a href=\"https:\/\/www.firda.no\/5-15-1839860\" class=\"related-teaser has-image default-feature-teaser article--c-eRUmMG article--c-eRUmMG-jKCPdD-design-default\" rel=\"nofollow noopener\" target=\"_blank\"><\/p>\n<p>    <img decoding=\"async\" loading=\"lazy\"  src=\"https:\/\/www.europesays.com\/no\/wp-content\/uploads\/2025\/12\/3Q7A0312.jpg\" alt=\"\" class=\"brick-c-cFOWSL\" style=\"\"\/><\/p>\n<p>\n            Les ogs\u00e5<\/p>\n<p>              Saif miste munn og m\u00e6le d\u00e5 han m\u00f8tte Margunn. 15 \u00e5r seinare vart han anged\u00f8l\n        <\/p>\n<p>  <\/a><\/p>\n<p>  <a href=\"https:\/\/www.firda.no\/5-15-1838761\" class=\"related-teaser has-image default-feature-teaser article--c-eRUmMG article--c-eRUmMG-jKCPdD-design-default\" rel=\"nofollow noopener\" target=\"_blank\"><\/p>\n<p>    <img decoding=\"async\" loading=\"lazy\"  src=\"https:\/\/www.europesays.com\/no\/wp-content\/uploads\/2025\/12\/3Q7A0266.jpg\" alt=\"\" class=\"brick-c-cFOWSL\" style=\"\"\/><\/p>\n<p>\n            Les ogs\u00e5<\/p>\n<p>              Dette er ei historie om \u00e5rets handverkar, ADHD og kj\u00e6rleik. I tilfeldig rekkef\u00f8lge\n        <\/p>\n<p>  <\/a><\/p>\n","protected":false},"excerpt":{"rendered":"\u2013 Det er ikkje alle i dekningsomr\u00e5det v\u00e5rt som har lyst p\u00e5 tittelen \u00c5rets sunnfjording. Difor endra vi&hellip;\n","protected":false},"author":2,"featured_media":125416,"comment_status":"","ping_status":"","sticky":false,"template":"","format":"standard","meta":{"footnotes":""},"categories":[10],"tags":[36,20,21,24,25,3687,15,8051,22,23,13,30,28,29,14,16,1510,1466,14779,26,27],"class_list":{"0":"post-125415","1":"post","2":"type-post","3":"status-publish","4":"format-standard","5":"has-post-thumbnail","7":"category-norge","8":"tag-art","9":"tag-breaking-news","10":"tag-breakingnews","11":"tag-featured-news","12":"tag-featurednews","13":"tag-forde","14":"tag-headlines","15":"tag-karing","16":"tag-latest-news","17":"tag-latestnews","18":"tag-news","19":"tag-no","20":"tag-norge","21":"tag-norway","22":"tag-nyheter","23":"tag-overskrifter","24":"tag-story","25":"tag-sunnfjord","26":"tag-sunnfjordgallaen","27":"tag-top-stories","28":"tag-topstories"},"share_on_mastodon":{"url":"https:\/\/pubeurope.com\/@no\/115813798595880953","error":""},"_links":{"self":[{"href":"https:\/\/www.europesays.com\/no\/wp-json\/wp\/v2\/posts\/125415","targetHints":{"allow":["GET"]}}],"collection":[{"href":"https:\/\/www.europesays.com\/no\/wp-json\/wp\/v2\/posts"}],"about":[{"href":"https:\/\/www.europesays.com\/no\/wp-json\/wp\/v2\/types\/post"}],"author":[{"embeddable":true,"href":"https:\/\/www.europesays.com\/no\/wp-json\/wp\/v2\/users\/2"}],"replies":[{"embeddable":true,"href":"https:\/\/www.europesays.com\/no\/wp-json\/wp\/v2\/comments?post=125415"}],"version-history":[{"count":0,"href":"https:\/\/www.europesays.com\/no\/wp-json\/wp\/v2\/posts\/125415\/revisions"}],"wp:featuredmedia":[{"embeddable":true,"href":"https:\/\/www.europesays.com\/no\/wp-json\/wp\/v2\/media\/125416"}],"wp:attachment":[{"href":"https:\/\/www.europesays.com\/no\/wp-json\/wp\/v2\/media?parent=125415"}],"wp:term":[{"taxonomy":"category","embeddable":true,"href":"https:\/\/www.europesays.com\/no\/wp-json\/wp\/v2\/categories?post=125415"},{"taxonomy":"post_tag","embeddable":true,"href":"https:\/\/www.europesays.com\/no\/wp-json\/wp\/v2\/tags?post=125415"}],"curies":[{"name":"wp","href":"https:\/\/api.w.org\/{rel}","templated":true}]}}